{"id":613258,"date":"2024-09-06T08:56:15","date_gmt":"2024-09-06T11:56:15","guid":{"rendered":"https:\/\/investnews.com.br\/?p=613258"},"modified":"2024-09-08T17:14:57","modified_gmt":"2024-09-08T20:14:57","slug":"saiba-tudo-sobre-o-que-a-apple-planeja-lancar-no-dia-9-de-setembro","status":"publish","type":"post","link":"https:\/\/investnews.com.br\/negocios\/saiba-tudo-sobre-o-que-a-apple-planeja-lancar-no-dia-9-de-setembro\/","title":{"rendered":"iPhone 16 pronto para IA e mais: veja tudo o que Apple vai lan\u00e7ar nesta segunda-feira"},"content":{"rendered":"\n<figure class=\"wp-block-embed is-type-video is-provider-youtube wp-block-embed-youtube wp-embed-aspect-16-9 wp-has-aspect-ratio\"><div class=\"wp-block-embed__wrapper\">\n<iframe loading=\"lazy\" title=\"Como a Apple vai fazer voc\u00ea comprar o iPhone 16\" width=\"500\" height=\"281\" src=\"https:\/\/www.youtube.com\/embed\/Xb8Uow7W3W4?feature=oembed\" frameborder=\"0\" allow=\"accelerometer; autoplay; clipboard-write; encrypted-media; gyroscope; picture-in-picture; web-share\" referrerpolicy=\"strict-origin-when-cross-origin\" allowfullscreen><\/iframe>\n<\/div><\/figure>\n\n\n\n<p>O evento mais importante do ano da <a href=\"https:\/\/investnews.com.br\/negocios\/historia-da-apple\/\">Apple<\/a> acontece nesta segunda-feira, quando a empresa revelar\u00e1 seus mais recentes iPhones e abrir\u00e1 caminho para uma nova plataforma de <a href=\"https:\/\/investnews.com.br\/guias\/inteligencia-artificial\/\">intelig\u00eancia artificial<\/a>.<\/p>\n\n\n\n<p>O evento ser\u00e1 realizado na sede da Apple, em Cupertino, Calif\u00f3rnia, no dia 9 de setembro, \u00e0s 10h, hor\u00e1rio local (14h no hor\u00e1rio de Bras\u00edlia). Geralmente, a Apple n\u00e3o realiza esse evento em uma segunda-feira, mas a escolha dessa data permite que a empresa se adiante a uma ter\u00e7a-feira cheia de acontecimentos: haver\u00e1 um debate presidencial nos Estados Unidos e a Comiss\u00e3o Europeia anunciar\u00e1 uma decis\u00e3o sobre se a Apple ter\u00e1 de pagar US$ 14 bilh\u00f5es em impostos relacionados a um acordo antigo com a Irlanda.<\/p>\n\n\n\n<p>O an\u00fancio de maior destaque ser\u00e1 a linha iPhone 16, mas a empresa tamb\u00e9m est\u00e1 preparando grandes atualiza\u00e7\u00f5es para o Apple Watch e os AirPods. O Apple Intelligence, uma nova su\u00edte de ferramentas de IA que inclui uma vers\u00e3o atualizada da assistente digital Siri, tamb\u00e9m ser\u00e1 uma pe\u00e7a central. O tema do evento, \u201cIt\u2019s Glowtime\u201d (\u00c9 hora de brilhar), faz refer\u00eancia \u00e0 nova interface da Siri.<\/p>\n\n\n\n<p>As expectativas s\u00e3o altas para a Apple, que busca mostrar tanto aos consumidores quanto a Wall Street que agora \u00e9 uma grande competidora no campo da intelig\u00eancia artificial generativa. No entanto, a tecnologia de IA da empresa ainda est\u00e1 em desenvolvimento. O Apple Intelligence enfrentou v\u00e1rios atrasos, e muitos recursos principais s\u00f3 estar\u00e3o dispon\u00edveis no pr\u00f3ximo ano. Por enquanto, a tecnologia est\u00e1 focada em resumir mensagens e notifica\u00e7\u00f5es, sem alcan\u00e7ar a interatividade impressionante de sistemas rivais.<\/p>\n\n\n\n<p>Mesmo assim, as atualiza\u00e7\u00f5es de segunda-feira dar\u00e3o nova vida aos produtos que est\u00e3o no centro da linha de dispositivos da Apple, respons\u00e1veis por aproximadamente 60% da receita anual da empresa. Esses produtos tamb\u00e9m impulsionam o consumo de servi\u00e7os, uma fonte de receita cada vez mais vital. As finan\u00e7as da Apple precisam de um impulso, j\u00e1 que a empresa est\u00e1 apenas come\u00e7ando a sair de sua mais longa recess\u00e3o de vendas em d\u00e9cadas.<\/p>\n\n\n\n<p>Aqui est\u00e1 o que \u00e9 esperado para ser anunciado na apresenta\u00e7\u00e3o de segunda-feira:<\/p>\n\n\n\n<figure class=\"wp-block-image size-large\"><img loading=\"lazy\" decoding=\"async\" width=\"1024\" height=\"681\" src=\"https:\/\/media.investnews.com.br\/uploads\/2024\/09\/416103531_1-1024x681.webp\" alt=\"\" class=\"wp-image-613262\" srcset=\"https:\/\/media.investnews.com.br\/uploads\/2024\/09\/416103531_1-1024x681.webp 1024w, https:\/\/media.investnews.com.br\/uploads\/2024\/09\/416103531_1-300x200.webp 300w, https:\/\/media.investnews.com.br\/uploads\/2024\/09\/416103531_1-768x511.webp 768w, https:\/\/media.investnews.com.br\/uploads\/2024\/09\/416103531_1-1536x1022.webp 1536w, https:\/\/media.investnews.com.br\/uploads\/2024\/09\/416103531_1-2048x1363.webp 2048w, https:\/\/media.investnews.com.br\/uploads\/2024\/09\/416103531_1-1256x836.webp 1256w, https:\/\/media.investnews.com.br\/uploads\/2024\/09\/416103531_1-172x114.webp 172w, https:\/\/media.investnews.com.br\/uploads\/2024\/09\/416103531_1-150x100.webp 150w\" sizes=\"auto, (max-width: 1024px) 100vw, 1024px\" \/><figcaption class=\"wp-element-caption\">iPhone<\/figcaption><\/figure>\n\n\n\n<p><strong>iPhone<\/strong><\/p>\n\n\n\n<ul class=\"wp-block-list\">\n<li>Em linha com os \u00faltimos anos, a Apple apresentar\u00e1 quatro novos modelos de iPhone: iPhone 16, 16 Plus, 16 Pro e 16 Pro Max.<\/li>\n\n\n\n<li>Assim como em 2023, as mudan\u00e7as nos iPhones n\u00e3o-Pro ser\u00e3o pequenas. O iPhone 16 e 16 Plus ter\u00e3o um design semelhante ao dos modelos do ano passado, com telas de 6,1 polegadas e 6,7 polegadas e carca\u00e7as de alum\u00ednio. Eles ter\u00e3o processadores mais r\u00e1pidos e 8 GB de mem\u00f3ria (um aumento em rela\u00e7\u00e3o aos 6 GB anteriores), o que ajudar\u00e1 a suportar o Apple Intelligence e outras fun\u00e7\u00f5es.<\/li>\n\n\n\n<li>Os modelos mais b\u00e1sicos ganhar\u00e3o o bot\u00e3o de a\u00e7\u00e3o, atualmente presente nos modelos Pro, al\u00e9m de c\u00e2meras traseiras dispostas verticalmente, que suportam grava\u00e7\u00e3o de v\u00eddeo espacial \u2013 clipes em 3D que podem ser visualizados com os headsets Vision Pro da Apple.<\/li>\n\n\n\n<li>Os iPhones 16 Pro e Pro Max manter\u00e3o o design da linha iPhone 15 Pro, com uma mudan\u00e7a vis\u00edvel nas telas: os tamanhos aumentar\u00e3o para 6,3 polegadas no modelo menor (antes 6,1 polegadas) e 6,9 polegadas no Max (antes 6,7 polegadas). As bordas ser\u00e3o cerca de um ter\u00e7o mais finas, dando um visual mais elegante.<\/li>\n\n\n\n<li>Como na linha 15 Pro, os modelos 16 Pro ter\u00e3o 8 GB de mem\u00f3ria e chips mais r\u00e1pidos com um motor neural aprimorado para otimiza\u00e7\u00e3o de IA. Ambos os modelos Pro receber\u00e3o melhorias nas c\u00e2meras, incluindo a substitui\u00e7\u00e3o da lente ultragrande-angular de 12 megapixels por uma de 48 megapixels, igualando a lente grande-angular padr\u00e3o do modelo anterior. <\/li>\n\n\n\n<li>O iPhone 16 Pro menor ter\u00e1 zoom \u00f3ptico de 5x, em vez de 3x, equiparando-se ao modelo Max.<\/li>\n\n\n\n<li>A melhoria mais significativa nas c\u00e2meras ser\u00e1 um bot\u00e3o dedicado e sens\u00edvel ao toque na lateral direita do telefone para fotos e v\u00eddeos, funcionando de maneira semelhante a um bot\u00e3o de obturador de uma c\u00e2mera DSLR.<\/li>\n<\/ul>\n\n\n\n<figure class=\"wp-block-image size-large\"><img loading=\"lazy\" decoding=\"async\" width=\"1024\" height=\"683\" src=\"https:\/\/media.investnews.com.br\/uploads\/2024\/09\/416104278-1024x683.webp\" alt=\"\" class=\"wp-image-613261\" srcset=\"https:\/\/media.investnews.com.br\/uploads\/2024\/09\/416104278-1024x683.webp 1024w, https:\/\/media.investnews.com.br\/uploads\/2024\/09\/416104278-300x200.webp 300w, https:\/\/media.investnews.com.br\/uploads\/2024\/09\/416104278-768x512.webp 768w, https:\/\/media.investnews.com.br\/uploads\/2024\/09\/416104278-1536x1024.webp 1536w, https:\/\/media.investnews.com.br\/uploads\/2024\/09\/416104278-2048x1365.webp 2048w, https:\/\/media.investnews.com.br\/uploads\/2024\/09\/416104278-1256x837.webp 1256w, https:\/\/media.investnews.com.br\/uploads\/2024\/09\/416104278-172x115.webp 172w, https:\/\/media.investnews.com.br\/uploads\/2024\/09\/416104278-150x100.webp 150w\" sizes=\"auto, (max-width: 1024px) 100vw, 1024px\" \/><figcaption class=\"wp-element-caption\">Air Pods<\/figcaption><\/figure>\n\n\n\n<p><strong>AirPods<\/strong><\/p>\n\n\n\n<ul class=\"wp-block-list\">\n<li>A Apple est\u00e1 preparando dois novos modelos de AirPods para substituir os fones de entrada de segunda e terceira gera\u00e7\u00e3o. Ambos se parecer\u00e3o com os AirPods Pro, com uma nova case, carregamento USB-C e melhor qualidade de \u00e1udio. <\/li>\n\n\n\n<li>O modelo intermedi\u00e1rio ter\u00e1 uma case com alto-falante para facilitar a localiza\u00e7\u00e3o via o recurso Find My e cancelamento de ru\u00eddo.<\/li>\n\n\n\n<li>A empresa tamb\u00e9m est\u00e1 transformando os AirPods em dispositivos para auxiliar na sa\u00fade auditiva.<\/li>\n<\/ul>\n\n\n\n<figure class=\"wp-block-image size-large\"><img loading=\"lazy\" decoding=\"async\" width=\"1024\" height=\"681\" src=\"https:\/\/media.investnews.com.br\/uploads\/2024\/09\/416104176-1024x681.webp\" alt=\"\" class=\"wp-image-613260\" srcset=\"https:\/\/media.investnews.com.br\/uploads\/2024\/09\/416104176-1024x681.webp 1024w, https:\/\/media.investnews.com.br\/uploads\/2024\/09\/416104176-300x200.webp 300w, https:\/\/media.investnews.com.br\/uploads\/2024\/09\/416104176-768x511.webp 768w, https:\/\/media.investnews.com.br\/uploads\/2024\/09\/416104176-1536x1022.webp 1536w, https:\/\/media.investnews.com.br\/uploads\/2024\/09\/416104176-2048x1363.webp 2048w, https:\/\/media.investnews.com.br\/uploads\/2024\/09\/416104176-1256x836.webp 1256w, https:\/\/media.investnews.com.br\/uploads\/2024\/09\/416104176-172x114.webp 172w, https:\/\/media.investnews.com.br\/uploads\/2024\/09\/416104176-150x100.webp 150w\" sizes=\"auto, (max-width: 1024px) 100vw, 1024px\" \/><figcaption class=\"wp-element-caption\">Apple Watch<\/figcaption><\/figure>\n\n\n\n<p><strong>Apple Watch<\/strong><\/p>\n\n\n\n<ul class=\"wp-block-list\">\n<li>Pela primeira vez em dois anos, a Apple atualizar\u00e1 todos os modelos de Apple Watch, incluindo uma nova vers\u00e3o de baixo custo SE, um modelo de m\u00e9dio porte S\u00e9rie 10 e o Ultra 3. <\/li>\n\n\n\n<li>A maior atualiza\u00e7\u00e3o ser\u00e1 no S\u00e9rie 10, que comemora 10 anos desde o lan\u00e7amento do primeiro Apple Watch em 2014. A linha tamb\u00e9m trar\u00e1 a detec\u00e7\u00e3o de apneia do sono.<\/li>\n<\/ul>\n\n\n\n<figure class=\"wp-block-image size-large\"><img loading=\"lazy\" decoding=\"async\" width=\"1024\" height=\"683\" src=\"https:\/\/media.investnews.com.br\/uploads\/2024\/09\/416104064_1-1024x683.webp\" alt=\"\" class=\"wp-image-613263\" srcset=\"https:\/\/media.investnews.com.br\/uploads\/2024\/09\/416104064_1-1024x683.webp 1024w, https:\/\/media.investnews.com.br\/uploads\/2024\/09\/416104064_1-300x200.webp 300w, https:\/\/media.investnews.com.br\/uploads\/2024\/09\/416104064_1-768x512.webp 768w, https:\/\/media.investnews.com.br\/uploads\/2024\/09\/416104064_1-1536x1024.webp 1536w, https:\/\/media.investnews.com.br\/uploads\/2024\/09\/416104064_1-2048x1365.webp 2048w, https:\/\/media.investnews.com.br\/uploads\/2024\/09\/416104064_1-1256x837.webp 1256w, https:\/\/media.investnews.com.br\/uploads\/2024\/09\/416104064_1-172x115.webp 172w, https:\/\/media.investnews.com.br\/uploads\/2024\/09\/416104064_1-150x100.webp 150w\" sizes=\"auto, (max-width: 1024px) 100vw, 1024px\" \/><figcaption class=\"wp-element-caption\">MacBook<\/figcaption><\/figure>\n\n\n\n<p><strong>Outros Produtos<\/strong><\/p>\n\n\n\n<ul class=\"wp-block-list\">\n<li>Os novos Macs com chips M4, um novo iPhone SE e o AirTag est\u00e3o previstos para serem lan\u00e7ados em eventos futuros, possivelmente em outubro \u2014 em vez de no evento de setembro.<\/li>\n\n\n\n<li>Embora a empresa esteja trabalhando em uma atualiza\u00e7\u00e3o para a Apple TV set-top box ainda para este ano, nenhum novo modelo foi lan\u00e7ado, e o estoque est\u00e1vel do dispositivo sugere que uma nova vers\u00e3o n\u00e3o est\u00e1 prevista para o futuro pr\u00f3ximo.<\/li>\n\n\n\n<li>Um novo iPhone SE, com tela OLED, tela de ponta a ponta e sem bot\u00e3o &#8220;home&#8221;, est\u00e1 em fase avan\u00e7ada de testes, mas o lan\u00e7amento n\u00e3o est\u00e1 previsto para antes do pr\u00f3ximo ano. Um novo AirTag tamb\u00e9m est\u00e1 em desenvolvimento, embora a Apple n\u00e3o planeje lan\u00e7\u00e1-lo antes do pr\u00f3ximo ano.<\/li>\n\n\n\n<li>H\u00e1 tamb\u00e9m novos iPads em desenvolvimento, incluindo uma vers\u00e3o mini atualizada. Eles est\u00e3o programados para o evento de outubro da Apple, junto com os Macs M4.<\/li>\n<\/ul>\n","protected":false},"excerpt":{"rendered":"<p>O evento mais importante do ano da Apple acontece nesta segunda-feira, quando a empresa revelar\u00e1 seus mais recentes iPhones e abrir\u00e1 caminho para uma nova plataforma de intelig\u00eancia artificial. O evento ser\u00e1 realizado na sede da Apple, em Cupertino, Calif\u00f3rnia, no dia 9 de setembro, \u00e0s 10h, hor\u00e1rio local (14h no hor\u00e1rio de Bras\u00edlia). Geralmente, [&hellip;]<\/p>\n","protected":false},"author":76,"featured_media":572071,"comment_status":"closed","ping_status":"closed","sticky":false,"template":"","format":"standard","meta":{"_acf_changed":false,"inline_featured_image":false,"footnotes":""},"categories":[6],"tags":[2323,329],"autor-wsj":[],"coauthors":[101325],"class_list":["post-613258","post","type-post","status-publish","format-standard","has-post-thumbnail","hentry","category-negocios","tag-robos","tag-apple"],"acf":[],"amp_enabled":true,"_links":{"self":[{"href":"https:\/\/investnews.com.br\/inv-api\/wp\/v2\/posts\/613258","targetHints":{"allow":["GET"]}}],"collection":[{"href":"https:\/\/investnews.com.br\/inv-api\/wp\/v2\/posts"}],"about":[{"href":"https:\/\/investnews.com.br\/inv-api\/wp\/v2\/types\/post"}],"author":[{"embeddable":true,"href":"https:\/\/investnews.com.br\/inv-api\/wp\/v2\/users\/76"}],"replies":[{"embeddable":true,"href":"https:\/\/investnews.com.br\/inv-api\/wp\/v2\/comments?post=613258"}],"version-history":[{"count":16,"href":"https:\/\/investnews.com.br\/inv-api\/wp\/v2\/posts\/613258\/revisions"}],"predecessor-version":[{"id":613537,"href":"https:\/\/investnews.com.br\/inv-api\/wp\/v2\/posts\/613258\/revisions\/613537"}],"wp:featuredmedia":[{"embeddable":true,"href":"https:\/\/investnews.com.br\/inv-api\/wp\/v2\/media\/572071"}],"wp:attachment":[{"href":"https:\/\/investnews.com.br\/inv-api\/wp\/v2\/media?parent=613258"}],"wp:term":[{"taxonomy":"category","embeddable":true,"href":"https:\/\/investnews.com.br\/inv-api\/wp\/v2\/categories?post=613258"},{"taxonomy":"post_tag","embeddable":true,"href":"https:\/\/investnews.com.br\/inv-api\/wp\/v2\/tags?post=613258"},{"taxonomy":"autor-wsj","embeddable":true,"href":"https:\/\/investnews.com.br\/inv-api\/wp\/v2\/autor-wsj?post=613258"},{"taxonomy":"author","embeddable":true,"href":"https:\/\/investnews.com.br\/inv-api\/wp\/v2\/coauthors?post=613258"}],"curies":[{"name":"wp","href":"https:\/\/api.w.org\/{rel}","templated":true}]}}