{"id":613633,"date":"2024-09-09T16:04:25","date_gmt":"2024-09-09T19:04:25","guid":{"rendered":"https:\/\/investnews.com.br\/?p=613633"},"modified":"2024-09-09T16:04:27","modified_gmt":"2024-09-09T19:04:27","slug":"apple-lanca-iphone-16-e-a-nova-versao-de-sua-ia","status":"publish","type":"post","link":"https:\/\/investnews.com.br\/negocios\/apple-lanca-iphone-16-e-a-nova-versao-de-sua-ia\/","title":{"rendered":"Apple lan\u00e7a iPhone 16 e a nova vers\u00e3o de sua IA"},"content":{"rendered":"\n<figure class=\"wp-block-image size-large\"><img loading=\"lazy\" decoding=\"async\" width=\"1024\" height=\"681\" src=\"https:\/\/media.investnews.com.br\/uploads\/2024\/09\/416611850-_1_-1024x681.webp\" alt=\"Tim Cook apresenta iPhone 16 e outros lan\u00e7amentos\" class=\"wp-image-613640\" srcset=\"https:\/\/media.investnews.com.br\/uploads\/2024\/09\/416611850-_1_-1024x681.webp 1024w, https:\/\/media.investnews.com.br\/uploads\/2024\/09\/416611850-_1_-300x200.webp 300w, https:\/\/media.investnews.com.br\/uploads\/2024\/09\/416611850-_1_-768x511.webp 768w, https:\/\/media.investnews.com.br\/uploads\/2024\/09\/416611850-_1_-1536x1022.webp 1536w, https:\/\/media.investnews.com.br\/uploads\/2024\/09\/416611850-_1_-2048x1363.webp 2048w, https:\/\/media.investnews.com.br\/uploads\/2024\/09\/416611850-_1_-1256x836.webp 1256w, https:\/\/media.investnews.com.br\/uploads\/2024\/09\/416611850-_1_-172x114.webp 172w, https:\/\/media.investnews.com.br\/uploads\/2024\/09\/416611850-_1_-150x100.webp 150w\" sizes=\"auto, (max-width: 1024px) 100vw, 1024px\" \/><figcaption class=\"wp-element-caption\">Tim Cook, CEO da <a href=\"https:\/\/investnews.com.br\/negocios\/historia-da-apple\/\">Apple<\/a>, lan\u00e7a iPhone 16 e outros produtos<\/figcaption><\/figure>\n\n\n\n<p>A Apple apresentou a vers\u00e3o mais recente de seu principal produto, o iPhone 16. O CEO Tim Cook afirmou que o aparelho foi projetado para aproveitar a <a href=\"https:\/\/investnews.com.br\/guias\/inteligencia-artificial\/\">intelig\u00eancia artificial<\/a> desde a sua base.<\/p>\n\n\n\n<p>O iPhone 16 e o 16 Plus estar\u00e3o dispon\u00edveis em novas cores e contar\u00e3o com um bot\u00e3o de a\u00e7\u00e3o personaliz\u00e1vel, recurso que antes estava dispon\u00edvel apenas em modelos de ponta, segundo a Apple, durante uma apresenta\u00e7\u00e3o transmitida de sua sede em Cupertino, Calif\u00f3rnia, na \u00faltima segunda-feira. Al\u00e9m disso, haver\u00e1 um bot\u00e3o de controle de c\u00e2mera, permitindo tirar fotos e acessar funcionalidades avan\u00e7adas da c\u00e2mera.<\/p>\n\n\n\n<p>A Apple tamb\u00e9m revelou uma nova vers\u00e3o de seu rel\u00f3gio inteligente, com uma tela maior e capacidade de detectar apneia do sono, al\u00e9m de um novo software que transforma os AirPods em aparelhos auditivos.<\/p>\n\n\n\n<p><strong>LEIA MAIS<\/strong>: <a href=\"https:\/\/investnews.com.br\/wsj\/a-apple-esta-contando-com-o-tempo-para-vender-seus-novos-iphones-com-ia\/\">A Apple est\u00e1 contando com o tempo para vender seus novos iPhones com IA<\/a><\/p>\n\n\n\n<p>A intelig\u00eancia artificial foi um dos temas principais do evento, que come\u00e7ou \u00e0s 10h, hor\u00e1rio local (14h, em Bras\u00edlia). A empresa vem preparando um conjunto de ferramentas de IA chamado Apple Intelligence, com o objetivo de atrair os consumidores para comprar dispositivos atualizados. Para usar essas funcionalidades, ser\u00e1 necess\u00e1rio ter um iPhone mais recente \u2014 o carro-chefe da marca.<\/p>\n\n\n\n<p>O Apple Intelligence incluir\u00e1 uma vers\u00e3o aprimorada do assistente digital Siri e a capacidade de criar emojis personalizados a partir de comandos de texto. O tema do evento, &#8220;Glowtime&#8221;, faz refer\u00eancia ao novo visual da interface do Siri. No entanto, grande parte dessa tecnologia s\u00f3 estar\u00e1 dispon\u00edvel nos pr\u00f3ximos meses, o que pode limitar o impacto imediato nas vendas do iPhone.<\/p>\n\n\n\n<h2 class=\"wp-block-heading\">Apple Watch<\/h2>\n\n\n\n<p>A vers\u00e3o Series 10 do rel\u00f3gio ter\u00e1 30% mais \u00e1rea de tela, mesmo com um design mais fino, afirmou a Apple. A funcionalidade de detec\u00e7\u00e3o de apneia do sono estar\u00e1 dispon\u00edvel em mais de 150 regi\u00f5es.<\/p>\n\n\n\n<p>O novo rel\u00f3gio ser\u00e1 cerca de 10% mais fino do que a vers\u00e3o Series 9 e contar\u00e1 com um novo modelo de tit\u00e2nio, mais leve do que os de alum\u00ednio. O dispositivo ter\u00e1 pre\u00e7o inicial de US$ 399 e ser\u00e1 lan\u00e7ado em 20 de setembro. Tamb\u00e9m foi anunciada uma nova vers\u00e3o do modelo Ultra, de alto padr\u00e3o, que ser\u00e1 vendida no mesmo dia por US$ 799.<\/p>\n\n\n\n<p><strong>LEIA MAIS<\/strong>: <a href=\"https:\/\/investnews.com.br\/tecnologia\/inteligencia-artificial\/nvidia-e-apple-discutem-adesao-a-rodada-de-financiamento-da-openai\/\">Nvidia e Apple discutem ades\u00e3o \u00e0 rodada de financiamento da OpenAI<\/a><\/p>\n\n\n\n<p>O evento tamb\u00e9m trouxe uma vers\u00e3o atualizada dos AirPods padr\u00e3o, que custam US$ 129, com um estojo menor e carregamento USB-C. Uma vers\u00e3o intermedi\u00e1ria de US$ 179, com cancelamento de ru\u00eddo \u2014 recurso antes dispon\u00edvel apenas nos AirPods Pro \u2014 tamb\u00e9m ser\u00e1 lan\u00e7ada.<\/p>\n\n\n\n<p>A empresa introduziu uma nova linha de fones de ouvido AirPods Max, por US$ 549, com novas cores e carregamento USB-C. Como os outros produtos anunciados, esses dispositivos chegar\u00e3o \u00e0s lojas em 20 de setembro. A Apple n\u00e3o lan\u00e7ou uma nova vers\u00e3o dos AirPods Pro, mas apresentou novos recursos, como um teste auditivo e a capacidade de funcionar como um aparelho auditivo, funcionalidades que ser\u00e3o adicionadas por meio de uma atualiza\u00e7\u00e3o de software no outono americano.<\/p>\n\n\n\n<h2 class=\"wp-block-heading\">Lan\u00e7amento antes de debate<\/h2>\n\n\n\n<p>O lan\u00e7amento do iPhone \u00e9 geralmente o an\u00fancio mais importante do ano para a Apple. O dispositivo responde por cerca de metade da receita anual da empresa e impulsiona as vendas de acess\u00f3rios e servi\u00e7os.<\/p>\n\n\n\n<p>A Apple geralmente n\u00e3o realiza esse evento em uma segunda-feira, mas o calend\u00e1rio antecipado permitiu que a empresa se adiantasse a uma ter\u00e7a-feira movimentada: um debate presidencial nos EUA est\u00e1 marcado para o dia seguinte, assim como o an\u00fancio da Comiss\u00e3o Europeia sobre a poss\u00edvel obriga\u00e7\u00e3o da Apple pagar US$ 14 bilh\u00f5es em impostos.<\/p>\n\n\n\n<p>A empresa est\u00e1 tentando recuperar terreno no campo da intelig\u00eancia artificial generativa, onde rivais como o Google, da Alphabet Inc., e a Microsoft Corp. t\u00eam avan\u00e7ado. A apresenta\u00e7\u00e3o de segunda-feira foi, em parte, um esfor\u00e7o para convencer consumidores e investidores de que a Apple deve ser levada a s\u00e9rio no setor de IA.<\/p>\n\n\n\n<p>Entretanto, a tecnologia de IA da Apple ainda est\u00e1 em est\u00e1gios iniciais. O Apple Intelligence enfrentou v\u00e1rios atrasos, e muitos recursos importantes s\u00f3 estar\u00e3o dispon\u00edveis no pr\u00f3ximo ano. Por enquanto, a tecnologia est\u00e1 mais focada em resumir mensagens e notifica\u00e7\u00f5es, em vez de competir diretamente com os sistemas avan\u00e7ados dos concorrentes.<\/p>\n","protected":false},"excerpt":{"rendered":"<p>Para usar funcionalidades da IA, ser\u00e1 necess\u00e1rio ter um iPhone mais recente \u2014 o carro-chefe da marca<\/p>\n","protected":false},"author":76,"featured_media":613640,"comment_status":"closed","ping_status":"closed","sticky":false,"template":"","format":"standard","meta":{"_acf_changed":false,"inline_featured_image":false,"footnotes":""},"categories":[6],"tags":[2323,329],"autor-wsj":[],"coauthors":[101325],"class_list":["post-613633","post","type-post","status-publish","format-standard","has-post-thumbnail","hentry","category-negocios","tag-robos","tag-apple"],"acf":[],"amp_enabled":true,"_links":{"self":[{"href":"https:\/\/investnews.com.br\/inv-api\/wp\/v2\/posts\/613633","targetHints":{"allow":["GET"]}}],"collection":[{"href":"https:\/\/investnews.com.br\/inv-api\/wp\/v2\/posts"}],"about":[{"href":"https:\/\/investnews.com.br\/inv-api\/wp\/v2\/types\/post"}],"author":[{"embeddable":true,"href":"https:\/\/investnews.com.br\/inv-api\/wp\/v2\/users\/76"}],"replies":[{"embeddable":true,"href":"https:\/\/investnews.com.br\/inv-api\/wp\/v2\/comments?post=613633"}],"version-history":[{"count":2,"href":"https:\/\/investnews.com.br\/inv-api\/wp\/v2\/posts\/613633\/revisions"}],"predecessor-version":[{"id":613644,"href":"https:\/\/investnews.com.br\/inv-api\/wp\/v2\/posts\/613633\/revisions\/613644"}],"wp:featuredmedia":[{"embeddable":true,"href":"https:\/\/investnews.com.br\/inv-api\/wp\/v2\/media\/613640"}],"wp:attachment":[{"href":"https:\/\/investnews.com.br\/inv-api\/wp\/v2\/media?parent=613633"}],"wp:term":[{"taxonomy":"category","embeddable":true,"href":"https:\/\/investnews.com.br\/inv-api\/wp\/v2\/categories?post=613633"},{"taxonomy":"post_tag","embeddable":true,"href":"https:\/\/investnews.com.br\/inv-api\/wp\/v2\/tags?post=613633"},{"taxonomy":"autor-wsj","embeddable":true,"href":"https:\/\/investnews.com.br\/inv-api\/wp\/v2\/autor-wsj?post=613633"},{"taxonomy":"author","embeddable":true,"href":"https:\/\/investnews.com.br\/inv-api\/wp\/v2\/coauthors?post=613633"}],"curies":[{"name":"wp","href":"https:\/\/api.w.org\/{rel}","templated":true}]}}