{"id":613848,"date":"2024-09-10T09:36:25","date_gmt":"2024-09-10T12:36:25","guid":{"rendered":"https:\/\/investnews.com.br\/?p=613848"},"modified":"2024-09-10T09:48:44","modified_gmt":"2024-09-10T12:48:44","slug":"brasil-registra-primeira-deflacao-do-ano-em-agosto-queda-de-002-no-ipca-aponta-ibge","status":"publish","type":"post","link":"https:\/\/investnews.com.br\/economia\/brasil-registra-primeira-deflacao-do-ano-em-agosto-queda-de-002-no-ipca-aponta-ibge\/","title":{"rendered":"Brasil registra primeira defla\u00e7\u00e3o do ano em agosto, queda de 0,02% no IPCA, aponta IBGE"},"content":{"rendered":"\n<p>O \u00cdndice Nacional de Pre\u00e7os ao Consumidor Amplo (<strong><a href=\"https:\/\/investnews.com.br\/tag\/ipca\/\">IPCA<\/a><\/strong>), que mede a <a href=\"https:\/\/investnews.com.br\/tag\/inflacao\/\">infla\u00e7\u00e3o oficial<\/a> do pa\u00eds, caiu 0,02% em agosto, ap\u00f3s alta de 0,38% no m\u00eas anterior, informou o Instituto Brasileiro de Geografia e Estat\u00edstica (<strong>IBGE<\/strong>) nesta ter\u00e7a-feira (10).<\/p>\n\n\n\n<p>No acumulado de 12 meses at\u00e9 agosto, o <a href=\"https:\/\/investnews.com.br\/guias\/o-que-e-ipca\/\">IPCA<\/a> teve alta de 4,24%, contra alta 4,50% do m\u00eas anterior. Pesquisa da <em>Reuters<\/em> apontou que a expectativa de analistas era de alta de 0,01 por cento em agosto, acumulando em 12 meses alta de 4,29%.<\/p>\n\n\n\n<p><strong>LEIA MAIS: <\/strong><a href=\"https:\/\/investnews.com.br\/economia\/fed-recebe-sinal-verde-para-cortar-juros-apos-dados-de-emprego-abaixo-do-esperado\/\">Fed recebe sinal verde para cortar juros ap\u00f3s dados de emprego abaixo do esperado<\/a><\/p>\n\n\n\n<p>Contribu\u00edram para a <a href=\"https:\/\/investnews.com.br\/guias\/deflacao\/\">defla\u00e7\u00e3o<\/a> em agosto a queda de 0,51% nos custos de moradia, que veio na esteira de uma redu\u00e7\u00e3o nas contas de eletricidade, bem como um decl\u00ednio de 0,44% no pre\u00e7o de alimentos e bebidas. Por outro lado, o custo da educa\u00e7\u00e3o subiu 0,73%.&nbsp;<\/p>\n\n\n\n<p>Impulsionadas por um mercado de trabalho aquecido e aux\u00edlio governamental, as fam\u00edlias brasileiras est\u00e3o gastando muito, mesmo com os altos custos de empr\u00e9stimos pesando sobre suas finan\u00e7as. As proje\u00e7\u00f5es de infla\u00e7\u00e3o permanecem bem acima da meta de 3% para este ano e o pr\u00f3ximo.<\/p>\n\n\n\n<p>Isso colocou o Banco Central, que pisou no freio em seu ciclo de flexibiliza\u00e7\u00e3o em junho, em uma situa\u00e7\u00e3o dif\u00edcil enquanto passa por uma sucess\u00e3o de lideran\u00e7a. <\/p>\n\n\n\n<h2 class=\"wp-block-heading\">Juros no radar<\/h2>\n\n\n\n<p>O <a href=\"https:\/\/investnews.com.br\/infograficos\/pib-cresce-no-segundo-trimestre-2024-diz-ibge\/\">ritmo robusto de crescimento da economia brasileira<\/a> tem feito investidores apostarem que um aumento da taxa b\u00e1sica de juros Selic de seu n\u00edvel atual de 10,5% \u00e9 iminente na pr\u00f3xima semana. <\/p>\n\n\n\n<p>Economistas dizem que o movimento tamb\u00e9m \u00e9 necess\u00e1rio para\u00a0responder a\u00a0uma queda no valor da moeda, aumento dos gastos p\u00fablicos e piora nas previs\u00f5es de infla\u00e7\u00e3o.<\/p>\n\n\n\n<p>No m\u00eas passado, o <a href=\"https:\/\/investnews.com.br\/economia\/lula-indica-gabriel-galipolo-para-presidir-o-banco-central\/\">presidente Luiz In\u00e1cio Lula da Silva nomeou o diretor de pol\u00edtica monet\u00e1ria do banco, Gabriel Galipolo<\/a>, para substituir o atual governador Roberto Campos Neto quando seu mandato terminar em dezembro.<\/p>\n\n\n\n<p>Mas alguns no mercado n\u00e3o est\u00e3o convencidos de que um aliado de Lula manter\u00e1 a infla\u00e7\u00e3o sob controle enquanto o presidente esquerdista promete gastar para impulsionar o crescimento e melhorar as condi\u00e7\u00f5es de vida.<\/p>\n\n\n\n<p><em>(Com Bloomberg)<\/em><\/p>\n","protected":false},"excerpt":{"rendered":"<p>Resultado veio melhor que o esperado pelo mercado; infla\u00e7\u00e3o sobe 4,24% em 12 meses<\/p>\n","protected":false},"author":61,"featured_media":360439,"comment_status":"closed","ping_status":"closed","sticky":false,"template":"","format":"standard","meta":{"_acf_changed":false,"inline_featured_image":false,"footnotes":""},"categories":[5],"tags":[499,52,246,102288],"autor-wsj":[],"coauthors":[2494],"class_list":["post-613848","post","type-post","status-publish","format-standard","has-post-thumbnail","hentry","category-economia","tag-economia","tag-inflacao","tag-ipca","tag-reuters"],"acf":[],"amp_enabled":true,"_links":{"self":[{"href":"https:\/\/investnews.com.br\/inv-api\/wp\/v2\/posts\/613848","targetHints":{"allow":["GET"]}}],"collection":[{"href":"https:\/\/investnews.com.br\/inv-api\/wp\/v2\/posts"}],"about":[{"href":"https:\/\/investnews.com.br\/inv-api\/wp\/v2\/types\/post"}],"author":[{"embeddable":true,"href":"https:\/\/investnews.com.br\/inv-api\/wp\/v2\/users\/61"}],"replies":[{"embeddable":true,"href":"https:\/\/investnews.com.br\/inv-api\/wp\/v2\/comments?post=613848"}],"version-history":[{"count":14,"href":"https:\/\/investnews.com.br\/inv-api\/wp\/v2\/posts\/613848\/revisions"}],"predecessor-version":[{"id":613893,"href":"https:\/\/investnews.com.br\/inv-api\/wp\/v2\/posts\/613848\/revisions\/613893"}],"wp:featuredmedia":[{"embeddable":true,"href":"https:\/\/investnews.com.br\/inv-api\/wp\/v2\/media\/360439"}],"wp:attachment":[{"href":"https:\/\/investnews.com.br\/inv-api\/wp\/v2\/media?parent=613848"}],"wp:term":[{"taxonomy":"category","embeddable":true,"href":"https:\/\/investnews.com.br\/inv-api\/wp\/v2\/categories?post=613848"},{"taxonomy":"post_tag","embeddable":true,"href":"https:\/\/investnews.com.br\/inv-api\/wp\/v2\/tags?post=613848"},{"taxonomy":"autor-wsj","embeddable":true,"href":"https:\/\/investnews.com.br\/inv-api\/wp\/v2\/autor-wsj?post=613848"},{"taxonomy":"author","embeddable":true,"href":"https:\/\/investnews.com.br\/inv-api\/wp\/v2\/coauthors?post=613848"}],"curies":[{"name":"wp","href":"https:\/\/api.w.org\/{rel}","templated":true}]}}