{"id":614061,"date":"2024-09-10T15:34:49","date_gmt":"2024-09-10T18:34:49","guid":{"rendered":"https:\/\/investnews.com.br\/?p=614061"},"modified":"2024-09-10T15:34:51","modified_gmt":"2024-09-10T18:34:51","slug":"ons-pode-fazer-leiloes-de-reducao-de-consumo-industrial-de-energia","status":"publish","type":"post","link":"https:\/\/investnews.com.br\/economia\/ons-pode-fazer-leiloes-de-reducao-de-consumo-industrial-de-energia\/","title":{"rendered":"ONS pode fazer leil\u00f5es de redu\u00e7\u00e3o de consumo industrial de energia"},"content":{"rendered":"\n<p>O Operador Nacional do Sistema El\u00e9trico (ONS) poder\u00e1 fazer j\u00e1 neste ano leil\u00f5es para contratar redu\u00e7\u00f5es tempor\u00e1rias de consumo de energia por parte da grande ind\u00fastria em prazos mais longos, em um novo recurso que come\u00e7ar\u00e1 a ser testado no pa\u00eds para contribuir com a gest\u00e3o do sistema el\u00e9trico nacional.<\/p>\n\n\n\n<p>A realiza\u00e7\u00e3o dos leil\u00f5es pelo ONS foi aprovada nesta ter\u00e7a-feira pela Ag\u00eancia Nacional de Energia El\u00e9trica (Aneel), em um aprimoramento do chamado &#8220;programa de resposta da demanda&#8221;, que desde 2018 busca incentivar grandes consumidores industriais a reduzir temporariamente seu consumo nos hor\u00e1rios de pico, em troca de uma remunera\u00e7\u00e3o.<\/p>\n\n\n\n<p>O programa de resposta da demanda, que j\u00e1 atrai a participa\u00e7\u00e3o de grandes ind\u00fastrias, como Braskem, CSN e Companhia Brasileira de Alum\u00ednio (CBA), vem sendo utilizado pelo ONS no momento como um recurso de curto prazo.<\/p>\n\n\n\n<p>Hoje, as ind\u00fastrias fazem ofertas volunt\u00e1rias de redu\u00e7\u00e3o de consumo para o dia seguinte \u2013 com os leil\u00f5es, a ideia \u00e9 que o operador possa contratar tamb\u00e9m uma disponibilidade dessa redu\u00e7\u00e3o de consumo industrial por per\u00edodos mais longos, com contratos de at\u00e9 1 ano.<\/p>\n\n\n\n<p>Do ponto de vista de recursos financeiros, pode compensar mais ao sistema el\u00e9trico brasileiro reduzir o consumo de algum grande consumir do que pagar maiores valores para o acionamento de termel\u00e9tricas, por exemplo, especialmente neste per\u00edodo do ano, quando as t\u00e9rmicas t\u00eam sido mais acionadas para compensar uma redu\u00e7\u00e3o nos reservat\u00f3rios das hidrel\u00e9tricas.<\/p>\n\n\n\n<p>A proposta \u00e9 que esse novo produto &#8220;disponibilidade&#8221; possa ser contratado pelo ONS j\u00e1 para outubro deste ano, pelo prazo de quatro meses, como um recurso adicional para o \u00f3rg\u00e3o mobilizar no atendimento da &#8220;ponta&#8221;.<\/p>\n\n\n\n<p>Desde o in\u00edcio do ano o ONS vem ligando termel\u00e9tricas para assegurar o suprimento de energia el\u00e9trica nos hor\u00e1rios de pico de carga, principalmente no fim da tarde, quando as usinas solares deixam de gerar. A resposta da demanda entra nesse contexto, como uma alternativa de redu\u00e7\u00e3o da demanda, em vez de acionar gera\u00e7\u00e3o adicional.<\/p>\n\n\n\n<p>Ainda n\u00e3o h\u00e1 uma data definida para o primeiro processo competitivo, mas a proposta aprovada pela Aneel prev\u00ea que os certames poder\u00e3o ser realizados at\u00e9 2026, em ambiente experimental.<\/p>\n\n\n\n<p>Nas licita\u00e7\u00f5es, as ind\u00fastrias interessadas dever\u00e3o participar com ofertas com pre\u00e7o e disponibilidade para redu\u00e7\u00e3o de demanda em megawatt (MW), para um per\u00edodo de 4 horas de dura\u00e7\u00e3o. Cada oferta tem limite m\u00ednimo de 5 MW e m\u00e1ximo de 100 MW.<\/p>\n\n\n\n<p>A remunera\u00e7\u00e3o desse novo produto envolver\u00e1 uma receita fixa, com a ind\u00fastria se colocando \u00e0 disposi\u00e7\u00e3o para ser acionada pelo ONS, em at\u00e9 quatro vezes por m\u00eas, a reduzir seu consumo em hor\u00e1rio de ponta. Se acionado, o consumidor receber\u00e1 ainda uma parcela de receita vari\u00e1vel liquidada ao pre\u00e7o de liquida\u00e7\u00e3o das diferen\u00e7as (PLD), refer\u00eancia para o setor el\u00e9trico.<\/p>\n\n\n\n<p>Em reuni\u00e3o de diretoria nesta ter\u00e7a-feira, o diretor-geral da Aneel, Sandoval Feitosa, destacou a import\u00e2ncia do programa de resposta da demanda, com o produto de curto prazo tendo sido mobilizado pelo ONS por mais de 20 dias tanto em julho quanto em agosto.<\/p>\n\n\n\n<p>&#8220;Esperamos que esse mecanismo seja importante para que a gente possa passar por esse momento mais desafiador, principalmente no atendimento da ponta&#8221;, disse Feitosa.<\/p>\n\n\n\n<p>&#8220;Como \u00e9 uma ferramenta dispon\u00edvel, j\u00e1 em uso, sua efic\u00e1cia e efici\u00eancia j\u00e1 est\u00e1 bem atestada pelo operador&#8221;, reiterou o diretor-geral da Aneel sobre o uso de curto prazo da resposta da demanda.<\/p>\n\n\n\n<p><\/p>\n","protected":false},"excerpt":{"rendered":"<p>Novo recurso ser\u00e1 testado como forma de ajudar a gest\u00e3o do sistema el\u00e9trico nacional<\/p>\n","protected":false},"author":61,"featured_media":545544,"comment_status":"closed","ping_status":"closed","sticky":false,"template":"","format":"standard","meta":{"_acf_changed":false,"inline_featured_image":false,"footnotes":""},"categories":[5],"tags":[102288],"autor-wsj":[],"coauthors":[2494],"class_list":["post-614061","post","type-post","status-publish","format-standard","has-post-thumbnail","hentry","category-economia","tag-reuters"],"acf":[],"amp_enabled":true,"_links":{"self":[{"href":"https:\/\/investnews.com.br\/inv-api\/wp\/v2\/posts\/614061","targetHints":{"allow":["GET"]}}],"collection":[{"href":"https:\/\/investnews.com.br\/inv-api\/wp\/v2\/posts"}],"about":[{"href":"https:\/\/investnews.com.br\/inv-api\/wp\/v2\/types\/post"}],"author":[{"embeddable":true,"href":"https:\/\/investnews.com.br\/inv-api\/wp\/v2\/users\/61"}],"replies":[{"embeddable":true,"href":"https:\/\/investnews.com.br\/inv-api\/wp\/v2\/comments?post=614061"}],"version-history":[{"count":2,"href":"https:\/\/investnews.com.br\/inv-api\/wp\/v2\/posts\/614061\/revisions"}],"predecessor-version":[{"id":614086,"href":"https:\/\/investnews.com.br\/inv-api\/wp\/v2\/posts\/614061\/revisions\/614086"}],"wp:featuredmedia":[{"embeddable":true,"href":"https:\/\/investnews.com.br\/inv-api\/wp\/v2\/media\/545544"}],"wp:attachment":[{"href":"https:\/\/investnews.com.br\/inv-api\/wp\/v2\/media?parent=614061"}],"wp:term":[{"taxonomy":"category","embeddable":true,"href":"https:\/\/investnews.com.br\/inv-api\/wp\/v2\/categories?post=614061"},{"taxonomy":"post_tag","embeddable":true,"href":"https:\/\/investnews.com.br\/inv-api\/wp\/v2\/tags?post=614061"},{"taxonomy":"autor-wsj","embeddable":true,"href":"https:\/\/investnews.com.br\/inv-api\/wp\/v2\/autor-wsj?post=614061"},{"taxonomy":"author","embeddable":true,"href":"https:\/\/investnews.com.br\/inv-api\/wp\/v2\/coauthors?post=614061"}],"curies":[{"name":"wp","href":"https:\/\/api.w.org\/{rel}","templated":true}]}}