{"id":615479,"date":"2024-09-15T10:59:56","date_gmt":"2024-09-15T13:59:56","guid":{"rendered":"https:\/\/investnews.com.br\/?p=615479"},"modified":"2024-09-16T09:51:05","modified_gmt":"2024-09-16T12:51:05","slug":"no-reino-unido-meta-do-novo-governo-esbarra-nos-homens-da-geracao-nem-nem","status":"publish","type":"post","link":"https:\/\/investnews.com.br\/economia\/no-reino-unido-meta-do-novo-governo-esbarra-nos-homens-da-geracao-nem-nem\/","title":{"rendered":"No Reino Unido, meta do novo governo esbarra nos homens da gera\u00e7\u00e3o &#8216;nem-nem&#8217;"},"content":{"rendered":"\n<div class=\"flourish-embed flourish-chart\" data-src=\"visualisation\/19417321?1266799\"><script src=\"https:\/\/public.flourish.studio\/resources\/embed.js\"><\/script><noscript><img decoding=\"async\" src=\"https:\/\/public.flourish.studio\/visualisation\/19417321\/thumbnail\" width=\"100%\" alt=\"chart visualization\"><\/noscript><\/div>\n\n\n\n<p>O n\u00famero de jovens brit\u00e2nicos que n\u00e3o est\u00e3o nem trabalhando nem se preparando para o mundo do trabalho est\u00e1 h\u00e1 um ano no maior patamar em uma d\u00e9cada, representando mais de 14% da popula\u00e7\u00e3o de 18 a 24 anos. Ao contr\u00e1rio do in\u00edcio do s\u00e9culo, por\u00e9m, quem tem puxado essa m\u00e9dia para cima s\u00e3o os homens, e n\u00e3o mais as mulheres.<\/p>\n\n\n\n<p>Essa inatividade n\u00e3o s\u00f3 prejudica as chances de vida, mas representa um custo para a economia em produ\u00e7\u00e3o potencial perdida e receita de impostos.<\/p>\n\n\n\n<p>Est\u00e1 em jogo ainda a ambiciosa meta do novo governo trabalhista, liderado pelo primeiro-ministro Keir Starmer, de entregar o crescimento sustentado mais r\u00e1pido entre as economias industriais avan\u00e7adas.<\/p>\n\n\n\n<p><strong>LEIA MAIS:<\/strong> <a href=\"https:\/\/investnews.com.br\/negocios\/infra-energia-e-tecnologia-estao-bombando-temos-engenheiros-pra-tudo-isso\/\" target=\"_blank\" rel=\"noreferrer noopener\">Infra, energia e tecnologia est\u00e3o bombando. Temos engenheiros pra tudo isso?<\/a><\/p>\n\n\n\n<h2 class=\"wp-block-heading\">Virada em 2023<\/h2>\n\n\n\n<p>No Reino Unido, a gera\u00e7\u00e3o &#8216;nem-nem&#8217; \u00e9 conhecida com a sigla Neet (&#8220;Not in education, employment or training&#8221;, ou seja, sem estudar, trabalhar ou fazer treinamento profissional).<\/p>\n\n\n\n<p>Por d\u00e9cadas, muito mais mulheres do que homens foram classificadas como Neet. Gra\u00e7as aos esfor\u00e7os do governo para colocar mais mulheres na for\u00e7a de trabalho ap\u00f3s a crise financeira de 2008, esse abismo havia se fechado quando a pandemia atingiu o mundo, em 2020.<\/p>\n\n\n\n<p>Agora, a quest\u00e3o para Starmer \u00e9 como lidar com o aumento do desemprego entre a popula\u00e7\u00e3o masculina.<\/p>\n\n\n\n<p>Segundo os dados do Departamento Nacional de Estat\u00edsticas do Reino Unido (ONS, na sigla em ingl\u00eas), no segundo trimestre de 2024 15,9% dos homens de 18 a 24 anos estavam sem estudar ou trabalhar. Entre as mulheres, a propor\u00e7\u00e3o foi de 13,1%.<\/p>\n\n\n\n<p>Com isso, a m\u00e9dia total ficou em 14,5%, o que representa 0,5 ponto percentual a menos que no primeiro semestre, mas ainda em um patamar acima de 14% h\u00e1 quatro trimestres consecutivos, o maior n\u00edvel desde 2014.<\/p>\n\n\n\n<p>Em n\u00fameros absolutos, isso representa um contingente de 807 mil pessoas no segundo trimestre, sendo 304 mil desempregadas e 503 mil economicamente inativas. Desse total, 56% s\u00e3o homens (448 mil), mas eles respondem por 64%, considerando apenas os desempregados.<\/p>\n\n\n\n<p>Olhando para o grupo masculino, quase 60% dos homens Neet (253 mil) estavam inativos, significando que n\u00e3o estavam procurando por trabalho. Esse n\u00famero aumentou cerca de 45% desde 2019. Em contraste, o n\u00famero para mulheres praticamente n\u00e3o mudou.<\/p>\n\n\n\n<p><strong>LEIA MAIS:<\/strong> <a href=\"https:\/\/investnews.com.br\/wsj\/no-pais-com-a-menor-taxa-de-natalidade-do-mundo-carrinhos-de-passeio-pet-vendem-mais-do-que-carrinhos-de-bebe\/\" target=\"_blank\" rel=\"noreferrer noopener\">No pa\u00eds com a menor taxa de natalidade do mundo, carrinhos de passeio pet vendem mais do que carrinhos de beb\u00ea<\/a><\/p>\n\n\n\n<h2 class=\"wp-block-heading\">Efeito na sa\u00fade<\/h2>\n\n\n\n<p>Especialistas dizem que a crise de sa\u00fade que tem prejudicado o mercado de trabalho como um todo nos \u00faltimos anos est\u00e1 tendo um grande impacto.<\/p>\n\n\n\n<p>&#8220;N\u00f3s vemos o aumento dos problemas de sa\u00fade mental sendo sentido bastante pelos jovens homens&#8221;, disse Laura-Jane Rawlings, fundadora e CEO da Youth Employment UK, que oferece apoio de carreira para jovens. &#8220;Durante a educa\u00e7\u00e3o, os jovens homens tendem a ser mais confiantes sobre seus pr\u00f3ximos passos e suas habilidades, mas com a realidade de tentar encontrar um emprego, essa confian\u00e7a parece desaparecer rapidamente nos jovens rapazes.&#8221;<\/p>\n\n\n\n<blockquote class=\"wp-block-quote is-layout-flow wp-block-quote-is-layout-flow\">\n<p>&#8220;As jovens mulheres tendem a sentir o peso da responsabilidade financeira um pouco mais talvez, ent\u00e3o elas aceitar\u00e3o aquele emprego, aceitar\u00e3o aquele baixo sal\u00e1rio, e provavelmente persistir\u00e3o um pouco mais.&#8221;<\/p>\n<cite>laura-jane rawlings, youth employment uk<\/cite><\/blockquote>\n\n\n\n<p>Embora as mulheres tenham feito progressos no local de trabalho gra\u00e7as \u00e0s metas de equil\u00edbrio de g\u00eanero corporativo e trabalho flex\u00edvel, muitos jovens homens foram deixados para tr\u00e1s pela globaliza\u00e7\u00e3o que desenraizou empregos e valores em centros industriais dominados por homens.<\/p>\n\n\n\n<p><strong>LEIA MAIS:<\/strong> <a href=\"https:\/\/investnews.com.br\/economia\/brasil-esta-produzindo-menos-bebes\/\" target=\"_blank\" rel=\"noreferrer noopener\">O Brasil est\u00e1 produzindo menos beb\u00eas: problemas \u00e0 vista para a economia<\/a><\/p>\n\n\n\n<figure class=\"wp-block-image size-full\"><img loading=\"lazy\" decoding=\"async\" width=\"2121\" height=\"1414\" src=\"https:\/\/media.investnews.com.br\/uploads\/2024\/09\/jovem-trabalhando.jpg\" alt=\"Duas pessoas em macac\u00e3o azul trabalhando em uma m\u00e1quina industrial\" class=\"wp-image-615488\" srcset=\"https:\/\/media.investnews.com.br\/uploads\/2024\/09\/jovem-trabalhando.jpg 2121w, https:\/\/media.investnews.com.br\/uploads\/2024\/09\/jovem-trabalhando-300x200.jpg 300w, https:\/\/media.investnews.com.br\/uploads\/2024\/09\/jovem-trabalhando-1024x683.jpg 1024w, https:\/\/media.investnews.com.br\/uploads\/2024\/09\/jovem-trabalhando-768x512.jpg 768w, https:\/\/media.investnews.com.br\/uploads\/2024\/09\/jovem-trabalhando-1536x1024.jpg 1536w, https:\/\/media.investnews.com.br\/uploads\/2024\/09\/jovem-trabalhando-2048x1365.jpg 2048w, https:\/\/media.investnews.com.br\/uploads\/2024\/09\/jovem-trabalhando-1256x837.jpg 1256w, https:\/\/media.investnews.com.br\/uploads\/2024\/09\/jovem-trabalhando-172x115.jpg 172w, https:\/\/media.investnews.com.br\/uploads\/2024\/09\/jovem-trabalhando-150x100.jpg 150w\" sizes=\"auto, (max-width: 2121px) 100vw, 2121px\" \/><figcaption class=\"wp-element-caption\">Ap\u00f3s atingir paridade de g\u00eanero na propor\u00e7\u00e3o de pessoas de 18 a 24 anos sem estudar e trabalhar, Reino Unido agora se depara com alta dos homens jovens nessa situa\u00e7\u00e3o. Foto: Getty Imagens\/Pancake Pictures<\/figcaption><\/figure>\n\n\n\n<h2 class=\"wp-block-heading\">Avan\u00e7o do extremismo<\/h2>\n\n\n\n<p>O crescimento de partidos de extrema-direita no mundo desenvolvido tem sido atribu\u00eddo a queixas econ\u00f4micas, com homens duas vezes mais propensos do que suas colegas femininas a apoiar o partido anti-imigra\u00e7\u00e3o Reform UK, de acordo com uma an\u00e1lise da YouGov dos resultados eleitorais.<\/p>\n\n\n\n<p>Uma nova luz foi lan\u00e7ada sobre o problema quando dist\u00farbios anti-imigra\u00e7\u00e3o abalaram o Reino Unido apenas semanas ap\u00f3s a elei\u00e7\u00e3o geral de 4 de julho.<\/p>\n\n\n\n<p>Na realidade, desemprego geral na Gr\u00e3-Bretanha \u00e9 baixo, de pouco mais de 4%. Mas a taxa de desemprego para jovens de 16 a 24 anos aumentou para 14,2% nos tr\u00eas meses at\u00e9 julho, o maior desde 2015 fora da pandemia, com um em cada seis desempregados por mais de 12 meses.<\/p>\n\n\n\n<p>O desemprego juvenil na Gr\u00e3-Bretanha \u00e9 maior do que a m\u00e9dia da OCDE, de cerca de 11%, e economistas esperam que aumente ainda mais.<\/p>\n\n\n\n<p>&#8220;Os jovens est\u00e3o se encontrando sem trabalho e depois permanecem sem trabalho por mais tempo&#8221;, disse Barry Fletcher, CEO da Youth Futures Foundation.<\/p>\n\n\n\n<blockquote class=\"wp-block-quote is-layout-flow wp-block-quote-is-layout-flow\">\n<p>&#8220;Isso vira um problema pol\u00edtico enorme quando come\u00e7a a ir al\u00e9m de seis meses ou 12 meses, porque isso tem um efeito de longo prazo para a situa\u00e7\u00e3o econ\u00f4mica [do indiv\u00edduo] e obviamente tem um impacto mais amplo no PIB.&#8221;<\/p>\n<cite>barry fletcher, youth futures foundation<\/cite><\/blockquote>\n\n\n\n<p>Com os meninos tendo resultados piores do que as meninas na escola, muitos est\u00e3o encontrando suas op\u00e7\u00f5es limitadas por qualifica\u00e7\u00f5es ruins, o que os exclui de algumas rotas alternativas para o emprego, como o trabalho de aprendizes. O fim de um programa de trainee apoiado pelo governo no ver\u00e3o de 2023 piorou ainda mais a situa\u00e7\u00e3o.<\/p>\n\n\n\n<p>&#8220;N\u00f3s acabamos com uma compress\u00e3o no mercado de trabalho, onde as pessoas com gradua\u00e7\u00e3o ocupam os pap\u00e9is de menor habilidade porque n\u00e3o h\u00e1 pap\u00e9is para graduados, e eles est\u00e3o comprimindo o mercado para os jovens que t\u00eam menos qualifica\u00e7\u00f5es&#8221;, disse Rawlings. &#8220;Voc\u00ea tem um graduado trabalhando em uma cafeteria quando, na verdade, para jovens de baixa qualifica\u00e7\u00e3o, aquele seria o emprego natural deles.&#8221;<\/p>\n\n\n\n<p>A responsabilidade agora est\u00e1 em Starmer e seu governo para encontrar uma solu\u00e7\u00e3o, e h\u00e1 boas raz\u00f5es econ\u00f4micas para fazer disso uma prioridade. Ao diminuir a taxa Neet em cada regi\u00e3o do Reino Unido para igualar o Sudoeste \u2014 a regi\u00e3o com melhor desempenho \u2014 o Reino Unido poderia ganhar \u00a3 23 bilh\u00f5es (US$ 30,2 bilh\u00f5es), ou cerca de 1% do PIB, de acordo com a PricewaterhouseCoopers (PwC).<\/p>\n\n\n\n<p>A Secret\u00e1ria de Trabalho e Pens\u00f5es, Liz Kendall, garantiu treinamento, um aprendizado ou apoio para encontrar trabalho para todos os jovens de 18 a 21 anos. O governo tamb\u00e9m quer criar um servi\u00e7o nacional de carreiras que ajudaria a conectar pessoas com empregos a n\u00edvel local.<\/p>\n\n\n\n<p>Fora da escola e exclu\u00eddos do emprego, os jovens homens s\u00e3o mais propensos a esperar pela oportunidade perfeita de emprego, mesmo que isso signifique que eles se tornem economicamente inativos, enquanto &#8220;as garotas podem apenas aceitar qualquer coisa&#8221;, de acordo com Rawlings.<\/p>\n\n\n\n<h2 class=\"wp-block-heading\">Homens morando com os pais<\/h2>\n\n\n\n<p>Parte da raz\u00e3o \u00e9 que os homens podem se dar a esse luxo \u2014 porque muitos ainda moram em casa. Um ter\u00e7o dos homens de 20 a 34 anos estavam morando com seus pais, em compara\u00e7\u00e3o com apenas uma em cada cinco mulheres naquela faixa et\u00e1ria em 2023, mostram dados oficiais.<\/p>\n\n\n\n<p>A inatividade atingiu o Reino Unido mais duramente do que outros pa\u00edses do G7, onde as taxas de participa\u00e7\u00e3o est\u00e3o acima dos n\u00edveis pr\u00e9-pandemia. O principal culpado \u00e9 a doen\u00e7a de longo prazo, que agora responde por quase um ter\u00e7o das 9,3 milh\u00f5es de pessoas inativas em idade de trabalhar na Gr\u00e3-Bretanha.<\/p>\n\n\n\n<p>As jovens mulheres viram uma leve queda na doen\u00e7a de longo prazo nos \u00faltimos meses, mas as taxas masculinas continuaram subindo.<\/p>\n\n\n\n<p>Os jovens s\u00e3o mais propensos a sofrer de condi\u00e7\u00f5es de sa\u00fade mental como ansiedade e depress\u00e3o, de acordo com uma pesquisa da PwC realizada no in\u00edcio deste ano. E 44% dos jovens que s\u00e3o Neet disseram que a m\u00e1 sa\u00fade mental os est\u00e1 impedindo de encontrar um emprego, segundo um relat\u00f3rio separado da Youth Futures Foundation.<\/p>\n\n\n\n<p>&#8220;N\u00f3s n\u00e3o podemos tratar isso apenas como uma quest\u00e3o de mercado de trabalho, mas tamb\u00e9m precisamos lidar com esse problema de sa\u00fade subjacente&#8221;, disse Louise Murphy, economista s\u00eanior da Resolution Foundation.<\/p>\n\n\n\n<blockquote class=\"wp-block-quote is-layout-flow wp-block-quote-is-layout-flow\">\n<p>&#8220;Parece haver esse grupo de jovens que est\u00e1 muito distante do mercado de trabalho. Eles nunca trabalharam, n\u00e3o se sentem capazes de trabalhar, n\u00e3o se sentem confiantes para trabalhar.&#8221;<\/p>\n<cite>Louise Murphy, Resolution Foundation<\/cite><\/blockquote>\n","protected":false},"excerpt":{"rendered":"<p>Quase dois ter\u00e7os dos brit\u00e2nicos de 18 a 24 anos sem estudar ou trabalhar sequer est\u00e3o buscando emprego<\/p>\n","protected":false},"author":76,"featured_media":615488,"comment_status":"closed","ping_status":"closed","sticky":false,"template":"","format":"standard","meta":{"_acf_changed":false,"inline_featured_image":false,"footnotes":""},"categories":[5],"tags":[216,350],"autor-wsj":[],"coauthors":[101325,1494],"class_list":["post-615479","post","type-post","status-publish","format-standard","has-post-thumbnail","hentry","category-economia","tag-mercado-de-trabalho","tag-reino-unido"],"acf":[],"amp_enabled":true,"_links":{"self":[{"href":"https:\/\/investnews.com.br\/inv-api\/wp\/v2\/posts\/615479","targetHints":{"allow":["GET"]}}],"collection":[{"href":"https:\/\/investnews.com.br\/inv-api\/wp\/v2\/posts"}],"about":[{"href":"https:\/\/investnews.com.br\/inv-api\/wp\/v2\/types\/post"}],"author":[{"embeddable":true,"href":"https:\/\/investnews.com.br\/inv-api\/wp\/v2\/users\/76"}],"replies":[{"embeddable":true,"href":"https:\/\/investnews.com.br\/inv-api\/wp\/v2\/comments?post=615479"}],"version-history":[{"count":12,"href":"https:\/\/investnews.com.br\/inv-api\/wp\/v2\/posts\/615479\/revisions"}],"predecessor-version":[{"id":615635,"href":"https:\/\/investnews.com.br\/inv-api\/wp\/v2\/posts\/615479\/revisions\/615635"}],"wp:featuredmedia":[{"embeddable":true,"href":"https:\/\/investnews.com.br\/inv-api\/wp\/v2\/media\/615488"}],"wp:attachment":[{"href":"https:\/\/investnews.com.br\/inv-api\/wp\/v2\/media?parent=615479"}],"wp:term":[{"taxonomy":"category","embeddable":true,"href":"https:\/\/investnews.com.br\/inv-api\/wp\/v2\/categories?post=615479"},{"taxonomy":"post_tag","embeddable":true,"href":"https:\/\/investnews.com.br\/inv-api\/wp\/v2\/tags?post=615479"},{"taxonomy":"autor-wsj","embeddable":true,"href":"https:\/\/investnews.com.br\/inv-api\/wp\/v2\/autor-wsj?post=615479"},{"taxonomy":"author","embeddable":true,"href":"https:\/\/investnews.com.br\/inv-api\/wp\/v2\/coauthors?post=615479"}],"curies":[{"name":"wp","href":"https:\/\/api.w.org\/{rel}","templated":true}]}}