{"id":615646,"date":"2024-09-16T11:10:37","date_gmt":"2024-09-16T14:10:37","guid":{"rendered":"https:\/\/investnews.com.br\/?p=615646"},"modified":"2024-09-16T11:10:39","modified_gmt":"2024-09-16T14:10:39","slug":"seca-na-amazonia-dificulta-transporte-de-mercadorias-e-afeta-vida-de-moradores","status":"publish","type":"post","link":"https:\/\/investnews.com.br\/economia\/seca-na-amazonia-dificulta-transporte-de-mercadorias-e-afeta-vida-de-moradores\/","title":{"rendered":"Seca na Amaz\u00f4nia dificulta transporte de mercadorias e afeta vida de moradores"},"content":{"rendered":"\n<p>As secas severas na regi\u00e3o da floresta amaz\u00f4nica brasileira est\u00e3o alterando drasticamente a vida dos moradores, com a mobilidade sendo dificultada pelos n\u00edveis recordes de baixa em trechos do rio Amazonas.<\/p>\n\n\n\n<p>Na cidade de Manacapuru, perto da capital do Amazonas, Manaus, a seca afetou a navega\u00e7\u00e3o no rio Solim\u00f5es, que se transforma no rio Amazonas logo abaixo e \u00e9 vital para o transporte de todos os tipos de mercadorias que entram e saem da cidade.<\/p>\n\n\n\n<p><strong>LEIA MAIS: <\/strong><a href=\"https:\/\/investnews.com.br\/economia\/com-piora-da-seca-governo-pede-plano-de-seguranca-energetica-ao-operador-do-sistema-eletrico\/\">Com piora da seca, governo pede plano de seguran\u00e7a energ\u00e9tica ao operador do sistema el\u00e9trico<\/a><\/p>\n\n\n\n<p>Barcos encalhados em bancos de areia se tornaram uma vis\u00e3o comum, dificultando o transporte de produtos locais, como peixes, bananas e cassava, al\u00e9m de interromper a log\u00edstica para trazer itens b\u00e1sicos como alimentos e \u00e1gua de fora.<\/p>\n\n\n\n<p>&#8220;Colocamos o barco aqui e quando foi no outro dia, o barco amanheceu j\u00e1 em terra. A\u00ed n\u00e3o tivemos condi\u00e7\u00e3o de tirar ele&#8221;, disse o pescador Josu\u00e9 Oliveira.<\/p>\n\n\n\n<p>O pescador Francisco da Silva, que classificou a situa\u00e7\u00e3o como cr\u00edtica, observou que a \u00e1gua j\u00e1 come\u00e7ou a ficar verde, um sinal de que em breve poder\u00e1 se tornar insegura para beber.<\/p>\n\n\n\n<p>&#8220;N\u00f3s vamos beber ela mesmo&#8221;, disse ele, acrescentando que n\u00e3o ser\u00e1 mais poss\u00edvel obter suprimentos de outras \u00e1reas com o rio secando. &#8220;N\u00e3o vai passar nada.&#8221;<\/p>\n\n\n\n<p><strong>LEIA MAIS: <\/strong><a href=\"https:\/\/investnews.com.br\/economia\/pior-seca-em-40-anos-coloca-producao-de-soja-e-cafe-do-brasil-em-alerta\/\">Pior seca em 40 anos coloca produ\u00e7\u00e3o de soja e caf\u00e9 do Brasil em alerta<\/a><\/p>\n\n\n\n<p>De acordo com o Centro Nacional de Monitoramento e Alerta Precoce de Desastres Naturais (Cemaden), <strong>a seca atual \u00e9 a mais intensa e generalizada que o Brasil j\u00e1 registrou desde que os registros come\u00e7aram em 1950<\/strong>.<\/p>\n\n\n\n<p>Uma esta\u00e7\u00e3o chuvosa fraca na regi\u00e3o centro-norte piorou a situa\u00e7\u00e3o com o aumento das temperaturas atmosf\u00e9ricas e mudan\u00e7as no uso da terra que substitu\u00edram \u00e1reas de floresta por pastagens.<\/p>\n\n\n\n<p>No domingo (15), o Supremo Tribunal Federal autorizou que o governo federal abra cr\u00e9dito extraordin\u00e1rio para atender \u00e0s demandas causadas pelas queimadas e pelos inc\u00eandios da Amaz\u00f4nia e do Pantanal neste ano, sem que os recursos sejam limitados pelo arcabou\u00e7o fiscal ou sejam computados para fins de c\u00e1lculo das metas fiscais.<\/p>\n","protected":false},"excerpt":{"rendered":"<p>Estiagem afetou a navega\u00e7\u00e3o no rio Solim\u00f5es, importante para o transporte de cargas<\/p>\n","protected":false},"author":61,"featured_media":615649,"comment_status":"closed","ping_status":"closed","sticky":false,"template":"","format":"standard","meta":{"_acf_changed":false,"inline_featured_image":false,"footnotes":""},"categories":[5],"tags":[2377],"autor-wsj":[],"coauthors":[2494],"class_list":["post-615646","post","type-post","status-publish","format-standard","has-post-thumbnail","hentry","category-economia","tag-infraestrutura"],"acf":[],"amp_enabled":true,"_links":{"self":[{"href":"https:\/\/investnews.com.br\/inv-api\/wp\/v2\/posts\/615646","targetHints":{"allow":["GET"]}}],"collection":[{"href":"https:\/\/investnews.com.br\/inv-api\/wp\/v2\/posts"}],"about":[{"href":"https:\/\/investnews.com.br\/inv-api\/wp\/v2\/types\/post"}],"author":[{"embeddable":true,"href":"https:\/\/investnews.com.br\/inv-api\/wp\/v2\/users\/61"}],"replies":[{"embeddable":true,"href":"https:\/\/investnews.com.br\/inv-api\/wp\/v2\/comments?post=615646"}],"version-history":[{"count":2,"href":"https:\/\/investnews.com.br\/inv-api\/wp\/v2\/posts\/615646\/revisions"}],"predecessor-version":[{"id":615652,"href":"https:\/\/investnews.com.br\/inv-api\/wp\/v2\/posts\/615646\/revisions\/615652"}],"wp:featuredmedia":[{"embeddable":true,"href":"https:\/\/investnews.com.br\/inv-api\/wp\/v2\/media\/615649"}],"wp:attachment":[{"href":"https:\/\/investnews.com.br\/inv-api\/wp\/v2\/media?parent=615646"}],"wp:term":[{"taxonomy":"category","embeddable":true,"href":"https:\/\/investnews.com.br\/inv-api\/wp\/v2\/categories?post=615646"},{"taxonomy":"post_tag","embeddable":true,"href":"https:\/\/investnews.com.br\/inv-api\/wp\/v2\/tags?post=615646"},{"taxonomy":"autor-wsj","embeddable":true,"href":"https:\/\/investnews.com.br\/inv-api\/wp\/v2\/autor-wsj?post=615646"},{"taxonomy":"author","embeddable":true,"href":"https:\/\/investnews.com.br\/inv-api\/wp\/v2\/coauthors?post=615646"}],"curies":[{"name":"wp","href":"https:\/\/api.w.org\/{rel}","templated":true}]}}