{"id":616586,"date":"2024-09-19T08:31:48","date_gmt":"2024-09-19T11:31:48","guid":{"rendered":"https:\/\/investnews.com.br\/?p=616586"},"modified":"2024-09-19T08:31:49","modified_gmt":"2024-09-19T11:31:49","slug":"app-99-negocia-liberacao-de-transporte-de-passageiro-por-motos-em-sao-paulo","status":"publish","type":"post","link":"https:\/\/investnews.com.br\/negocios\/app-99-negocia-liberacao-de-transporte-de-passageiro-por-motos-em-sao-paulo\/","title":{"rendered":"App 99 negocia libera\u00e7\u00e3o de transporte de passageiro por motos em S\u00e3o Paulo"},"content":{"rendered":"\n<figure class=\"wp-block-image size-large\"><img loading=\"lazy\" decoding=\"async\" width=\"1024\" height=\"686\" src=\"https:\/\/media.investnews.com.br\/uploads\/2024\/09\/2024-09-19T110716Z_1_LYNXMPEK8I0D0_RTROPTP_4_TECH-99-MOTO-1024x686.webp\" alt=\"99 negocia para liberar transporte por moto\" class=\"wp-image-616593\" srcset=\"https:\/\/media.investnews.com.br\/uploads\/2024\/09\/2024-09-19T110716Z_1_LYNXMPEK8I0D0_RTROPTP_4_TECH-99-MOTO-1024x686.webp 1024w, https:\/\/media.investnews.com.br\/uploads\/2024\/09\/2024-09-19T110716Z_1_LYNXMPEK8I0D0_RTROPTP_4_TECH-99-MOTO-300x201.webp 300w, https:\/\/media.investnews.com.br\/uploads\/2024\/09\/2024-09-19T110716Z_1_LYNXMPEK8I0D0_RTROPTP_4_TECH-99-MOTO-768x515.webp 768w, https:\/\/media.investnews.com.br\/uploads\/2024\/09\/2024-09-19T110716Z_1_LYNXMPEK8I0D0_RTROPTP_4_TECH-99-MOTO-1536x1029.webp 1536w, https:\/\/media.investnews.com.br\/uploads\/2024\/09\/2024-09-19T110716Z_1_LYNXMPEK8I0D0_RTROPTP_4_TECH-99-MOTO-2048x1373.webp 2048w, https:\/\/media.investnews.com.br\/uploads\/2024\/09\/2024-09-19T110716Z_1_LYNXMPEK8I0D0_RTROPTP_4_TECH-99-MOTO-1256x842.webp 1256w, https:\/\/media.investnews.com.br\/uploads\/2024\/09\/2024-09-19T110716Z_1_LYNXMPEK8I0D0_RTROPTP_4_TECH-99-MOTO-172x115.webp 172w, https:\/\/media.investnews.com.br\/uploads\/2024\/09\/2024-09-19T110716Z_1_LYNXMPEK8I0D0_RTROPTP_4_TECH-99-MOTO-150x101.webp 150w\" sizes=\"auto, (max-width: 1024px) 100vw, 1024px\" \/><figcaption class=\"wp-element-caption\">99 negocia para liberar transporte por moto<\/figcaption><\/figure>\n\n\n\n<p>O servi\u00e7o de transporte de passageiros por motocicletas organizado por aplicativo na cidade de S\u00e3o Paulo segue na mira de interesse da 99, que j\u00e1 atua com a categoria em mais de 3 mil cidades do pa\u00eds e v\u00ea apoio da popula\u00e7\u00e3o paulistana para o servi\u00e7o, afirmou a empresa nesta quinta-feira.<\/p>\n\n\n\n<p>A 99, controlada pela chinesa DiDi Global, chegou a lan\u00e7ar o servi\u00e7o em janeiro do ano passado na maior cidade da Am\u00e9rica Latina, mas acabou voltando atr\u00e1s alguns dias ap\u00f3s o lan\u00e7amento, em meio ao recha\u00e7o do governo municipal, que alegou preocupa\u00e7\u00e3o com a seguran\u00e7a em meio \u00e0s centenas de mortes anuais no tr\u00e2nsito da capital paulista.<\/p>\n\n\n\n<p>Pesquisa realizada a pedido da 99 pela consultoria Access Partnership no in\u00edcio deste ano mostrou que, na cidade de S\u00e3o Paulo, 59% dos entrevistados afirmaram que usariam servi\u00e7os de moto por aplicativo se estivessem dispon\u00edveis na cidade.<\/p>\n\n\n\n<p>&#8220;Temos dialogado com a prefeitura. Os motociclistas querem, as pessoas querem&#8221;, disse o diretor de comunica\u00e7\u00e3o da 99, Bruno Rossini, sobre o servi\u00e7o de moto por aplicativo.<\/p>\n\n\n\n<p><strong>LEIA MAIS<\/strong>: <a href=\"https:\/\/investnews.com.br\/negocios\/uber-vai-investir-r-1-bilhao-em-5-anos-para-expansao-de-centro-de-tecnologia-no-brasil\/\">Uber vai investir R$ 1 bilh\u00e3o em 5 anos para expans\u00e3o de centro de tecnologia no Brasil<\/a><\/p>\n\n\n\n<p>&#8220;A faixa azul \u00e9 uma inova\u00e7\u00e3o bem-vinda que tem aumentado a seguran\u00e7a das pessoas&#8221;, afirmou Rossini, citando a faixa exclusiva para fluxo de motocicletas que vem sendo instalada pela prefeitura em v\u00e1rias vias da cidade, que j\u00e1 atingiu os 200 quil\u00f4metros de extens\u00e3o.<\/p>\n\n\n\n<p>A 99 opera servi\u00e7o de passageiro por moto no Brasil desde janeiro de 2022. A empresa come\u00e7ou por Jo\u00e3o Pessoa, e hoje est\u00e1 presente com o servi\u00e7o em 3.300 cidades do pa\u00eds, somando 500 mil motociclistas cadastrados. S\u00e3o Paulo e Bras\u00edlia s\u00e3o as \u00fanicas capitais onde o servi\u00e7o n\u00e3o est\u00e1 dispon\u00edvel. A rival Uber tamb\u00e9m est\u00e1 presente em cidades do pa\u00eds.<\/p>\n\n\n\n<p>No Rio de Janeiro, que chegou a impedir temporariamente o servi\u00e7o, a pesquisa afirma que o tempo de deslocamento di\u00e1rio dos usu\u00e1rios foi reduzido em 41% ap\u00f3s a implanta\u00e7\u00e3o do transporte de passageiro por moto, &#8220;o que representa 26 minutos a menos por dia ou 105 horas economizadas por ano&#8221;.<\/p>\n\n\n\n<h2 class=\"wp-block-heading\">Pesquisa mostra apoio da popula\u00e7\u00e3o<\/h2>\n\n\n\n<p>A pesquisa da Access Partnership, que ouviu 400 pessoas na cidade de S\u00e3o Paulo e cerca de 300 no Rio de Janeiro, n\u00e3o traz dados sobre acidentes, mas Rossini afirmou que &#8220;99,9% das corridas terminam de maneira segura&#8221;, citando dados de levantamentos anteriores da empresa.<\/p>\n\n\n\n<p>Segundo ele, isso ocorre diante de mecanismos no aplicativo que incluem alertas sonoros para controle da velocidade trafegada pelo motociclista quando est\u00e1 com passageiro e relat\u00f3rios sobre as corridas feitos pelos usu\u00e1rios da plataforma.<\/p>\n\n\n\n<p>Para a 99, o servi\u00e7o de moto por aplicativo funciona como um complemento ao servi\u00e7o de transporte por carros, que costuma n\u00e3o atender todos os pontos da cidade, diante de recusa de motoristas de corridas que passem por comunidades, por exemplo.<\/p>\n\n\n\n<p>Segundo levantamento, no Rio de Janeiro 73% das corridas feitas por motos no aplicativo da 99 saem ou chegam a \u00e1reas de baixa e m\u00e9dia renda e 60% come\u00e7am ou terminam \u00e1reas carentes de transporte p\u00fablico.<\/p>\n\n\n\n<p>&#8220;A moto complementa o transporte p\u00fablico&#8221;, disse Rossini, mencionando dados da pesquisa que mostram que 35% das corridas come\u00e7am ou terminam em uma esta\u00e7\u00e3o de transporte p\u00fablico.<\/p>\n\n\n\n<h2 class=\"wp-block-heading\">Prefeitura faz an\u00e1lise de impacto<\/h2>\n\n\n\n<p>Procurada sobre quando a an\u00e1lise sobre uma eventual permiss\u00e3o ou proibi\u00e7\u00e3o definitiva do servi\u00e7o de moto por aplicativo ser\u00e1 conclu\u00edda, a prefeitura de S\u00e3o Paulo afirmou em comunicado apenas que &#8220;qualquer empresa que ofere\u00e7a o servi\u00e7o de transporte de passageiros por motocicleta na capital, seja por motot\u00e1xi ou aplicativo, est\u00e1 sujeita a san\u00e7\u00f5es administrativas por parte do \u00f3rg\u00e3o, como multa e at\u00e9 o descredenciamento para operar na cidade&#8221;.<\/p>\n\n\n\n<p>Segundo a prefeitura, a decis\u00e3o que suspendeu temporariamente o servi\u00e7o de moto dos aplicativos, tomada por meio de decreto do prefeito e candidato \u00e0 reelei\u00e7\u00e3o Ricardo Nunes em janeiro do ano passado, ocorreu em raz\u00e3o &#8220;da preocupa\u00e7\u00e3o envolvendo a seguran\u00e7a e a sa\u00fade da popula\u00e7\u00e3o&#8230; e o impacto no sistema p\u00fablico de sa\u00fade&#8221;. A prefeitura n\u00e3o informou dados sobre as an\u00e1lises que eventualmente j\u00e1 tenham sido conclu\u00eddas no estudo.<\/p>\n\n\n\n<p>A Secretaria de Transportes da cidade afirmou que a quest\u00e3o da libera\u00e7\u00e3o do transporte de passageiros por motos de aplicativos &#8220;est\u00e1 em estudo&#8221; e que &#8220;n\u00e3o h\u00e1 prazo&#8221; para uma decis\u00e3o. Segundo o Departamento de Transporte P\u00fablicos (DTP) de S\u00e3o Paulo, atualmente h\u00e1 na cidade 8.135 motos licenciadas para prestar servi\u00e7o de motofrete.<\/p>\n\n\n\n<p>A prefeitura do Rio de Janeiro afirmou que neste ano at\u00e9 agosto foram registrados 12.417 atendimentos a v\u00edtimas de acidentes com motos em hospitais da rede municipal. Em todo o ano de 2023, foram 14.718 atendimentos, entre quedas e colis\u00f5es. O governo municipal, por\u00e9m, afirmou que &#8220;n\u00e3o \u00e9 poss\u00edvel estabelecer se as v\u00edtimas tinham rela\u00e7\u00e3o com servi\u00e7os de aplicativos&#8221;.<\/p>\n\n\n\n<p>(Por Alberto Alerigi Jr., com reportagem adicional de Rodrigo Viga Gaier)<\/p>\n","protected":false},"excerpt":{"rendered":"<p>Aplicativo chegou a lan\u00e7ar o servi\u00e7o em janeiro de 2023, mas voltou atr\u00e1s ap\u00f3s proibi\u00e7\u00e3o do governo municipal<\/p>\n","protected":false},"author":61,"featured_media":616593,"comment_status":"closed","ping_status":"closed","sticky":false,"template":"","format":"standard","meta":{"_acf_changed":false,"inline_featured_image":false,"footnotes":""},"categories":[6],"tags":[102288],"autor-wsj":[],"coauthors":[2494],"class_list":["post-616586","post","type-post","status-publish","format-standard","has-post-thumbnail","hentry","category-negocios","tag-reuters"],"acf":[],"amp_enabled":true,"_links":{"self":[{"href":"https:\/\/investnews.com.br\/inv-api\/wp\/v2\/posts\/616586","targetHints":{"allow":["GET"]}}],"collection":[{"href":"https:\/\/investnews.com.br\/inv-api\/wp\/v2\/posts"}],"about":[{"href":"https:\/\/investnews.com.br\/inv-api\/wp\/v2\/types\/post"}],"author":[{"embeddable":true,"href":"https:\/\/investnews.com.br\/inv-api\/wp\/v2\/users\/61"}],"replies":[{"embeddable":true,"href":"https:\/\/investnews.com.br\/inv-api\/wp\/v2\/comments?post=616586"}],"version-history":[{"count":2,"href":"https:\/\/investnews.com.br\/inv-api\/wp\/v2\/posts\/616586\/revisions"}],"predecessor-version":[{"id":616595,"href":"https:\/\/investnews.com.br\/inv-api\/wp\/v2\/posts\/616586\/revisions\/616595"}],"wp:featuredmedia":[{"embeddable":true,"href":"https:\/\/investnews.com.br\/inv-api\/wp\/v2\/media\/616593"}],"wp:attachment":[{"href":"https:\/\/investnews.com.br\/inv-api\/wp\/v2\/media?parent=616586"}],"wp:term":[{"taxonomy":"category","embeddable":true,"href":"https:\/\/investnews.com.br\/inv-api\/wp\/v2\/categories?post=616586"},{"taxonomy":"post_tag","embeddable":true,"href":"https:\/\/investnews.com.br\/inv-api\/wp\/v2\/tags?post=616586"},{"taxonomy":"autor-wsj","embeddable":true,"href":"https:\/\/investnews.com.br\/inv-api\/wp\/v2\/autor-wsj?post=616586"},{"taxonomy":"author","embeddable":true,"href":"https:\/\/investnews.com.br\/inv-api\/wp\/v2\/coauthors?post=616586"}],"curies":[{"name":"wp","href":"https:\/\/api.w.org\/{rel}","templated":true}]}}