{"id":618669,"date":"2024-09-30T07:00:00","date_gmt":"2024-09-30T10:00:00","guid":{"rendered":"https:\/\/investnews.com.br\/?p=618669"},"modified":"2024-09-27T18:42:36","modified_gmt":"2024-09-27T21:42:36","slug":"eleicoes-2024-meu-chefe-pode-me-obrigar-a-votar-em-um-candidato","status":"publish","type":"post","link":"https:\/\/investnews.com.br\/economia\/eleicoes-2024-meu-chefe-pode-me-obrigar-a-votar-em-um-candidato\/","title":{"rendered":"Elei\u00e7\u00f5es 2024: meu chefe pode me obrigar a votar em um candidato?"},"content":{"rendered":"\n<figure class=\"wp-block-image size-full\"><img loading=\"lazy\" decoding=\"async\" width=\"1600\" height=\"1130\" src=\"https:\/\/media.investnews.com.br\/uploads\/2024\/09\/assedio-eleitoral.webp\" alt=\"Ass\u00e9dio\" class=\"wp-image-618663\" srcset=\"https:\/\/media.investnews.com.br\/uploads\/2024\/09\/assedio-eleitoral.webp 1600w, https:\/\/media.investnews.com.br\/uploads\/2024\/09\/assedio-eleitoral-300x212.webp 300w, https:\/\/media.investnews.com.br\/uploads\/2024\/09\/assedio-eleitoral-1024x723.webp 1024w, https:\/\/media.investnews.com.br\/uploads\/2024\/09\/assedio-eleitoral-768x542.webp 768w, https:\/\/media.investnews.com.br\/uploads\/2024\/09\/assedio-eleitoral-1536x1085.webp 1536w, https:\/\/media.investnews.com.br\/uploads\/2024\/09\/assedio-eleitoral-1256x887.webp 1256w, https:\/\/media.investnews.com.br\/uploads\/2024\/09\/assedio-eleitoral-172x121.webp 172w, https:\/\/media.investnews.com.br\/uploads\/2024\/09\/assedio-eleitoral-150x106.webp 150w\" sizes=\"auto, (max-width: 1600px) 100vw, 1600px\" \/><figcaption class=\"wp-element-caption\">Ass\u00e9dio eleitoral \u00e9 crime, segundo a Justi\u00e7a Eleitoral. Foto: Freepik<\/figcaption><\/figure>\n\n\n\n<p>Den\u00fancias de ass\u00e9dio eleitoral na atual fase de campanha das <a href=\"https:\/\/investnews.com.br\/tag\/tudo-sobre-eleicoes-2024\/\" target=\"_blank\" rel=\"noreferrer noopener\">elei\u00e7\u00f5es municipais deste ano<\/a> j\u00e1 superam os registros de 2022, segundo os n\u00fameros mais recentes do Minist\u00e9rio P\u00fablico do Trabalho (MPT).<\/p>\n\n\n\n<p>S\u00e3o 332 den\u00fancias neste ano contra 68 realizadas antes da vota\u00e7\u00e3o em 2022 \u2014 <strong>alta de 388%<\/strong>. A maioria das ocorr\u00eancias neste ano est\u00e3o concentradas nas regi\u00f5es Nordeste e Sudeste e envolvem as campanhas para prefeito.<\/p>\n\n\n\n<p>Mas o que \u00e9 ass\u00e9dio eleitoral? \u00c9 um crime que se configura no ambiente de trabalho. Geralmente, o chefe se utiliza da coa\u00e7\u00e3o, da amea\u00e7a e da intimida\u00e7\u00e3o para induzir que seus funcion\u00e1rios votem em determinado candidato ou partido. O delito pode acontecer tanto em empresas privadas como no servi\u00e7o p\u00fablico.<\/p>\n\n\n\n<p><strong>LEIA MAIS: <\/strong><a href=\"https:\/\/investnews.com.br\/economia\/posso-fazer-apostas-sobre-quem-vai-ganhar-as-eleicoes-2024\/\" target=\"_blank\" rel=\"noreferrer noopener\">Posso fazer apostas sobre quem vai ganhar as elei\u00e7\u00f5es?<\/a><\/p>\n\n\n\n<p>S\u00e3o exemplos da pr\u00e1tica do ass\u00e9dio eleitoral:<\/p>\n\n\n\n<ul class=\"wp-block-list\">\n<li>Fazer reuni\u00f5es com trabalhadores para tratar de orienta\u00e7\u00e3o pol\u00edtica no pleito eleitoral sendo ou n\u00e3o veiculadas nas m\u00eddias digitais;<\/li>\n\n\n\n<li>Amea\u00e7ar demiss\u00e3o ou mudan\u00e7a na forma de trabalho caso o candidato oponente ao indicado ganhe as elei\u00e7\u00f5es;<\/li>\n\n\n\n<li>Entregar material de propaganda eleitoral aos trabalhadores;<\/li>\n\n\n\n<li>Designar escala e local de trabalho no dia da elei\u00e7\u00e3o que favore\u00e7a o voto apenas de trabalhadores que afirmam apoiar o candidato indicado ou que crie embara\u00e7os para a participa\u00e7\u00e3o de trabalhadores que apoiam o candidato oponente;<\/li>\n\n\n\n<li>Perseguir, retaliar ou fiscalizar com mais rigor trabalhadores que sabidamente tem orienta\u00e7\u00e3o pol\u00edtica diversa do assediador;<\/li>\n\n\n\n<li>Passar tarefas humilhantes, falar com o funcion\u00e1rio aos gritos; espalhar rumores a respeito do trabalhador com orienta\u00e7\u00e3o pol\u00edtica diversa do assediador;<\/li>\n\n\n\n<li>Impor ou obrigar o uso de uniforme, vestimentas, bon\u00e9s, botons alusivos a determinada campanha eleitoral ou candidato\/candidata ou exposi\u00e7\u00e3o de propaganda eleitoral nos locais de trabalho ou descanso;<\/li>\n\n\n\n<li>Exigir a indica\u00e7\u00e3o da se\u00e7\u00e3o eleitoral ou que o momento do voto seja filmado.<\/li>\n<\/ul>\n\n\n\n<h2 class=\"wp-block-heading\">O que acontece com quem pratica ass\u00e9dio eleitoral?<\/h2>\n\n\n\n<p>Segundo a legisla\u00e7\u00e3o, qualquer pessoa suspeita de praticar ass\u00e9dio eleitoral no ambiente de trabalho pode ser convocada pelo Minist\u00e9rio P\u00fablico do Trabalho para se explicar.<\/p>\n\n\n\n<p>Se a den\u00fancia for comprovada, o autor assina um TAC (Termo de Ajustamento de Conduta). O termo prev\u00ea o ressarcimento de danos coletivos (\u00e0 sociedade) e de danos morais individuais (aos trabalhadores diretamente assediados).<\/p>\n\n\n\n<p>O assediador tamb\u00e9m dever\u00e1 fazer retrata\u00e7\u00e3o pelo mesmo meio que assediou seus empregados ou prestadores de servi\u00e7o. Se a empresa envolvida no ass\u00e9dio eleitoral recebe algum financiamento p\u00fablico, poder\u00e1 ter o cr\u00e9dito cancelado.<\/p>\n\n\n\n<p>Al\u00e9m do MPT, o Minist\u00e9rio P\u00fablico Eleitoral faz a apura\u00e7\u00e3o criminal. Nesses casos, a pris\u00e3o costuma ocorrer quando o acusado descumpre liminar ou senten\u00e7a judicial.<\/p>\n\n\n\n<p>Quem foi v\u00edtima de ass\u00e9dio eleitoral pode denunciar casos diretamente no site do TSE ou do MPT <a href=\"https:\/\/mpt.mp.br\/assedio-eleitoral\" target=\"_blank\" rel=\"noreferrer noopener\">neste link<\/a>.<\/p>\n\n\n\n<div class=\"flourish-embed flourish-countdown\" data-src=\"visualisation\/19346388?1266799\"><script src=\"https:\/\/public.flourish.studio\/resources\/embed.js\"><\/script><noscript><img decoding=\"async\" src=\"https:\/\/public.flourish.studio\/visualisation\/19346388\/thumbnail\" width=\"100%\" alt=\"countdown visualization\" \/><\/noscript><\/div>\n","protected":false},"excerpt":{"rendered":"<p>Entenda o que \u00e9 ass\u00e9dio eleitoral e como denunciar caso voc\u00ea seja v\u00edtima<\/p>\n","protected":false},"author":7,"featured_media":618663,"comment_status":"closed","ping_status":"closed","sticky":false,"template":"","format":"standard","meta":{"_acf_changed":false,"inline_featured_image":false,"footnotes":""},"categories":[5],"tags":[763],"autor-wsj":[],"coauthors":[1494],"class_list":["post-618669","post","type-post","status-publish","format-standard","has-post-thumbnail","hentry","category-economia","tag-eleicoes"],"acf":[],"amp_enabled":true,"_links":{"self":[{"href":"https:\/\/investnews.com.br\/inv-api\/wp\/v2\/posts\/618669","targetHints":{"allow":["GET"]}}],"collection":[{"href":"https:\/\/investnews.com.br\/inv-api\/wp\/v2\/posts"}],"about":[{"href":"https:\/\/investnews.com.br\/inv-api\/wp\/v2\/types\/post"}],"author":[{"embeddable":true,"href":"https:\/\/investnews.com.br\/inv-api\/wp\/v2\/users\/7"}],"replies":[{"embeddable":true,"href":"https:\/\/investnews.com.br\/inv-api\/wp\/v2\/comments?post=618669"}],"version-history":[{"count":4,"href":"https:\/\/investnews.com.br\/inv-api\/wp\/v2\/posts\/618669\/revisions"}],"predecessor-version":[{"id":618674,"href":"https:\/\/investnews.com.br\/inv-api\/wp\/v2\/posts\/618669\/revisions\/618674"}],"wp:featuredmedia":[{"embeddable":true,"href":"https:\/\/investnews.com.br\/inv-api\/wp\/v2\/media\/618663"}],"wp:attachment":[{"href":"https:\/\/investnews.com.br\/inv-api\/wp\/v2\/media?parent=618669"}],"wp:term":[{"taxonomy":"category","embeddable":true,"href":"https:\/\/investnews.com.br\/inv-api\/wp\/v2\/categories?post=618669"},{"taxonomy":"post_tag","embeddable":true,"href":"https:\/\/investnews.com.br\/inv-api\/wp\/v2\/tags?post=618669"},{"taxonomy":"autor-wsj","embeddable":true,"href":"https:\/\/investnews.com.br\/inv-api\/wp\/v2\/autor-wsj?post=618669"},{"taxonomy":"author","embeddable":true,"href":"https:\/\/investnews.com.br\/inv-api\/wp\/v2\/coauthors?post=618669"}],"curies":[{"name":"wp","href":"https:\/\/api.w.org\/{rel}","templated":true}]}}