{"id":619500,"date":"2024-10-02T17:48:25","date_gmt":"2024-10-02T20:48:25","guid":{"rendered":"https:\/\/investnews.com.br\/?p=619500"},"modified":"2025-10-08T16:31:19","modified_gmt":"2025-10-08T19:31:19","slug":"ambar-da-jf-reformula-proposta-para-assumir-a-amazonas-energia","status":"publish","type":"post","link":"https:\/\/investnews.com.br\/negocios\/ambar-da-jf-reformula-proposta-para-assumir-a-amazonas-energia\/","title":{"rendered":"\u00c2mbar, da J&#038;F, reformula proposta para assumir a Amazonas Energia"},"content":{"rendered":"\n<p>A <strong>\u00c2mbar Energia<\/strong>, grupo <strong>J&amp;F<\/strong>, pediu nesta quarta-feira (2) que a Ag\u00eancia Nacional de Energia El\u00e9trica (<strong>Aneel<\/strong>) aprove uma nova proposta apresentada para assumir o controle societ\u00e1rio da <strong><a href=\"https:\/\/investnews.com.br\/negocios\/com-divida-impagavel-e-o-maior-furto-de-energia-do-pais-amazonas-energia-abre-o-jogo\/\">Amazonas Energia<\/a><\/strong>, na qual a empresa da <a href=\"https:\/\/investnews.com.br\/guias\/holding\/\">holding<\/a> da fam\u00edlia Batista se compromete com um aporte de R$ 6,5 bilh\u00f5es ainda neste ano para reduzir a d\u00edvida da distribuidora e prev\u00ea impacto menor aos consumidores de energia.<\/p>\n\n\n\n<p>A \u00c2mbar entrou nesta tarde com recurso administrativo no processo em andamento na Aneel depois de <a href=\"https:\/\/investnews.com.br\/negocios\/ambar-nega-proposta-da-aneel-para-assumir-amazonas-energia\/\">ter rejeitado a proposta aprovada na v\u00e9spera<\/a> pela ag\u00eancia reguladora Aneel, que seguia termos e condi\u00e7\u00f5es elaborados pela \u00e1rea t\u00e9cnica do \u00f3rg\u00e3o.<\/p>\n\n\n\n<p>Na nova proposta da \u00c2mbar, haveria um aporte de capital imediato na concession\u00e1ria amazonense, a fim de reduzir o endividamento que hoje supera R$ 10 bilh\u00f5es.<\/p>\n\n\n\n<p>J\u00e1 os custos que os consumidores de energia el\u00e9trica ter\u00e3o que arcar com as flexibiliza\u00e7\u00f5es de par\u00e2metros regulat\u00f3rios da concess\u00e3o, a fim de contribuir para a recupera\u00e7\u00e3o da distribuidora, s\u00e3o calculados agora em R$ 14 de bilh\u00f5es ao longo de 15 anos.<\/p>\n\n\n\n<p>O montante \u00e9 menor que os R$ 15,8 bilh\u00f5es inicialmente propostos pela \u00c2mbar, mas ainda ficam acima dos R$ 8 bilh\u00f5es calculados como suficientes pelos t\u00e9cnicos da Aneel.<\/p>\n\n\n\n<p><strong>LEIA MAIS:<\/strong> <a href=\"https:\/\/investnews.com.br\/negocios\/com-divida-impagavel-e-o-maior-furto-de-energia-do-pais-amazonas-energia-abre-o-jogo\/\">Com d\u00edvida \u201cimpag\u00e1vel\u201d e o maior furto de energia do pa\u00eds, Amazonas Energia abre o jogo<\/a><\/p>\n\n\n\n<p>Outro aprimoramento feito pela \u00c2mbar est\u00e1 no compartilhamento de ganhos de efici\u00eancia na concess\u00e3o com os consumidores de energia, que agora come\u00e7ariam a partir do 6\u00ba ano da empresa como controladora, e n\u00e3o mais a partir do 11\u00ba ano.<\/p>\n\n\n\n<p>Em nota, a \u00c2mbar afirmou que o plano apresentado \u00e9 o &#8220;caminho mais vi\u00e1vel&#8221; para evitar o agravamento da inseguran\u00e7a energ\u00e9tica para os consumidores do Amazonas e o ac\u00famulo de preju\u00edzos para a Uni\u00e3o com a situa\u00e7\u00e3o da concession\u00e1ria.<\/p>\n\n\n\n<p>&#8220;O plano apresentado pela \u00c2mbar enfrenta a realidade dos fatos: em 25 anos, sob gest\u00e3o de duas empresas do setor el\u00e9trico, a distribuidora perdeu R$ 40 bilh\u00f5es, mesmo com diversas flexibiliza\u00e7\u00f5es regulat\u00f3rias. Todos os planos desenhados no passado para recuperar a Amazonas Energia falharam e a \u00c2mbar busca evitar a repeti\u00e7\u00e3o desses erros&#8221;, disse a empresa.<\/p>\n\n\n\n<p>A Amazonas Energia foi privatizada em 2018, quando a <strong>Eletrobras<\/strong> ainda era estatal, e desde ent\u00e3o sua controladora, a Oliveira Energia, <a href=\"https:\/\/investnews.com.br\/negocios\/com-divida-impagavel-e-o-maior-furto-de-energia-do-pais-amazonas-energia-abre-o-jogo\/\">n\u00e3o conseguiu melhorar a situa\u00e7\u00e3o<\/a> econ\u00f4mico-financeira e operacional da distribuidora. Entre os principais problemas est\u00e3o as perdas n\u00e3o t\u00e9cnicas (furtos) de energia, que chegam a 120%, e o elevado endividamento.<\/p>\n\n\n\n<figure class=\"wp-block-embed is-type-video is-provider-youtube wp-block-embed-youtube wp-embed-aspect-16-9 wp-has-aspect-ratio\"><div class=\"wp-block-embed__wrapper\">\n<iframe loading=\"lazy\" title=\"Quanto o &#039;gato&#039; de energia e \u00e1gua custa no seu bolso\" width=\"500\" height=\"281\" src=\"https:\/\/www.youtube.com\/embed\/msYmgeJ69hM?feature=oembed\" frameborder=\"0\" allow=\"accelerometer; autoplay; clipboard-write; encrypted-media; gyroscope; picture-in-picture; web-share\" referrerpolicy=\"strict-origin-when-cross-origin\" allowfullscreen><\/iframe>\n<\/div><\/figure>\n\n\n\n<p>Agentes do setor de distribui\u00e7\u00e3o de energia e mesmo bancos como o BTG chegaram a analisar a concess\u00e3o nos \u00faltimos anos, mas a \u00c2mbar foi a \u00fanica que se disp\u00f4s a assumir a concession\u00e1ria, depois da edi\u00e7\u00e3o da medida provis\u00f3ria sobre o tema neste ano.<\/p>\n\n\n\n<p>A transfer\u00eancia de controle da Amazonas Energia para a \u00c2mbar tamb\u00e9m est\u00e1 sendo discutida em \u00e2mbito judicial.<\/p>\n\n\n\n<p>Na semana passada, a Justi\u00e7a do Amazonas concedeu decis\u00e3o liminar obrigando a Aneel a aprovar o neg\u00f3cio nos termos apresentados pela \u00c2mbar, mas uma primeira vota\u00e7\u00e3o da diretoria do \u00f3rg\u00e3o regulador sobre o tema terminou em empate. Na v\u00e9spera, o diretor-geral mudou seu voto e a Aneel aprovou por maioria um plano alternativo ao da \u00c2mbar, com as condi\u00e7\u00f5es colocadas pela \u00e1rea t\u00e9cnica.<\/p>\n\n\n\n<p>Se aceitasse a proposta da Aneel, a \u00c2mbar teria que solucionar a d\u00edvida de 10 bilh\u00f5es de reais da distribuidora at\u00e9 o final do ano. Al\u00e9m disso, a Amazonas Energia teria que renunciar ao direito de discutir a transfer\u00eancia de seu controle na Justi\u00e7a, inclusive na a\u00e7\u00e3o judicial em curso.<\/p>\n","protected":false},"excerpt":{"rendered":"<p>Empresa da fam\u00edlia Batista prop\u00f5e aporte de R$ 6,5 bilh\u00f5es at\u00e9 o fim do ano e menor impacto com subs\u00eddios da conta de luz<\/p>\n","protected":false},"author":61,"featured_media":614820,"comment_status":"closed","ping_status":"closed","sticky":false,"template":"","format":"standard","meta":{"_acf_changed":false,"inline_featured_image":false,"footnotes":""},"categories":[6],"tags":[102288],"autor-wsj":[],"coauthors":[2494],"class_list":["post-619500","post","type-post","status-publish","format-standard","has-post-thumbnail","hentry","category-negocios","tag-reuters"],"acf":[],"amp_enabled":true,"_links":{"self":[{"href":"https:\/\/investnews.com.br\/inv-api\/wp\/v2\/posts\/619500","targetHints":{"allow":["GET"]}}],"collection":[{"href":"https:\/\/investnews.com.br\/inv-api\/wp\/v2\/posts"}],"about":[{"href":"https:\/\/investnews.com.br\/inv-api\/wp\/v2\/types\/post"}],"author":[{"embeddable":true,"href":"https:\/\/investnews.com.br\/inv-api\/wp\/v2\/users\/61"}],"replies":[{"embeddable":true,"href":"https:\/\/investnews.com.br\/inv-api\/wp\/v2\/comments?post=619500"}],"version-history":[{"count":3,"href":"https:\/\/investnews.com.br\/inv-api\/wp\/v2\/posts\/619500\/revisions"}],"predecessor-version":[{"id":723916,"href":"https:\/\/investnews.com.br\/inv-api\/wp\/v2\/posts\/619500\/revisions\/723916"}],"wp:featuredmedia":[{"embeddable":true,"href":"https:\/\/investnews.com.br\/inv-api\/wp\/v2\/media\/614820"}],"wp:attachment":[{"href":"https:\/\/investnews.com.br\/inv-api\/wp\/v2\/media?parent=619500"}],"wp:term":[{"taxonomy":"category","embeddable":true,"href":"https:\/\/investnews.com.br\/inv-api\/wp\/v2\/categories?post=619500"},{"taxonomy":"post_tag","embeddable":true,"href":"https:\/\/investnews.com.br\/inv-api\/wp\/v2\/tags?post=619500"},{"taxonomy":"autor-wsj","embeddable":true,"href":"https:\/\/investnews.com.br\/inv-api\/wp\/v2\/autor-wsj?post=619500"},{"taxonomy":"author","embeddable":true,"href":"https:\/\/investnews.com.br\/inv-api\/wp\/v2\/coauthors?post=619500"}],"curies":[{"name":"wp","href":"https:\/\/api.w.org\/{rel}","templated":true}]}}