{"id":620819,"date":"2024-10-08T17:21:55","date_gmt":"2024-10-08T20:21:55","guid":{"rendered":"https:\/\/investnews.com.br\/?p=620819"},"modified":"2025-01-09T12:10:47","modified_gmt":"2025-01-09T15:10:47","slug":"senado-aprova-gabriel-galipolo-para-a-presidencia-do-banco-central","status":"publish","type":"post","link":"https:\/\/investnews.com.br\/financas\/senado-aprova-gabriel-galipolo-para-a-presidencia-do-banco-central\/","title":{"rendered":"Senado aprova Gabriel Gal\u00edpolo para a presid\u00eancia do Banco Central"},"content":{"rendered":"\n<figure class=\"wp-block-image size-full\"><img loading=\"lazy\" decoding=\"async\" width=\"2560\" height=\"1707\" src=\"https:\/\/media.investnews.com.br\/uploads\/2024\/10\/gabriel-galipolo.jpg\" alt=\"economista Gabriel Gal\u00edpolo em sabatina no Senado Federal\" class=\"wp-image-620842\" srcset=\"https:\/\/media.investnews.com.br\/uploads\/2024\/10\/gabriel-galipolo.jpg 2560w, https:\/\/media.investnews.com.br\/uploads\/2024\/10\/gabriel-galipolo-300x200.jpg 300w, https:\/\/media.investnews.com.br\/uploads\/2024\/10\/gabriel-galipolo-1024x683.jpg 1024w, https:\/\/media.investnews.com.br\/uploads\/2024\/10\/gabriel-galipolo-768x512.jpg 768w, https:\/\/media.investnews.com.br\/uploads\/2024\/10\/gabriel-galipolo-1536x1024.jpg 1536w, https:\/\/media.investnews.com.br\/uploads\/2024\/10\/gabriel-galipolo-2048x1366.jpg 2048w, https:\/\/media.investnews.com.br\/uploads\/2024\/10\/gabriel-galipolo-1256x837.jpg 1256w, https:\/\/media.investnews.com.br\/uploads\/2024\/10\/gabriel-galipolo-172x115.jpg 172w, https:\/\/media.investnews.com.br\/uploads\/2024\/10\/gabriel-galipolo-150x100.jpg 150w\" sizes=\"auto, (max-width: 2560px) 100vw, 2560px\" \/><figcaption class=\"wp-element-caption\">Reuni\u00e3o da Comiss\u00e3o de Assuntos Econ\u00f4micos (CAE) para sabatinar o economista Gabriel Gal\u00edpolo, indicado pelo governo para a presid\u00eancia do Banco Central (BC). Foto: Lula Marques\/Ag\u00eancia Brasil<\/figcaption><\/figure>\n\n\n\n<p>O Senado Federal aprovou, na tarde desta ter\u00e7a-feira (8), o nome do economista <strong>Gabriel Gal\u00edpolo<\/strong> para a presid\u00eancia do Banco Central. Foram 66 votos a favor e 5 contr\u00e1rios na vota\u00e7\u00e3o em plen\u00e1rio, feita em car\u00e1ter de urg\u00eancia.<\/p>\n\n\n\n<p>Mais cedo, Gal\u00edpolo <a href=\"https:\/\/investnews.com.br\/financas\/galipolo-e-aprovado-em-comissao-do-senado-para-presidencia-do-bc\/\" target=\"_blank\" rel=\"noreferrer noopener\">foi aprovado com unanimidade<\/a> na Comiss\u00e3o de Assuntos Econ\u00f4micos (CAE).<\/p>\n\n\n\n<p>Ele atualmente ocupa o cargo de diretor de Pol\u00edtica Monet\u00e1ria do Banco Central, e vai assumir a presid\u00eancia em 2025, j\u00e1 que Roberto Campos Neto, indicado por Jair Bolsonaro e no cargo desde 2019, deixa o BC em 31 de dezembro.<\/p>\n\n\n\n<h2 class=\"wp-block-heading\">Perfil<\/h2>\n\n\n\n<p>Formado pela Pontif\u00edcia Universidade Cat\u00f3lica de S\u00e3o Paulo (PUC-SP), Gal\u00edpolo comandou o Banco Fator, especializado em parcerias p\u00fablico-privadas (PPP), entre 2017 e 2021, ano em que saiu da institui\u00e7\u00e3o. Uma d\u00e9cada antes, chegou a comandar a Assessoria Econ\u00f4mica da Secretaria de Estado dos Transportes Metropolitanos de S\u00e3o Paulo, em 2007, na gest\u00e3o do ent\u00e3o governador Jos\u00e9 Serra (PSDB).<\/p>\n\n\n\n<p>Na campanha presidencial de 2022 se aproximou da c\u00fapula do PT e foi um dos principais assessores de Lula nas pautas econ\u00f4micas. Tamb\u00e9m ajudou a reconstruir pontes com o <a href=\"https:\/\/investnews.com.br\/guias\/como-funciona-o-mercado-financeiro\/\">mercado financeiro<\/a>, que estavam fr\u00e1geis desde o processo de impeachment da ex-presidente Dilma Rousseff (2011-2016).<\/p>\n\n\n\n<p>No terceiro mandato de Lula, assumiu a fun\u00e7\u00e3o de \u201cn\u00famero 2\u201d do Minist\u00e9rio da Fazenda at\u00e9 assumir como diretor de Pol\u00edtica Monet\u00e1ria do Banco Central em julho do ano passado.<\/p>\n\n\n\n<p><strong>LEIA MAIS<\/strong>:&nbsp;<a href=\"https:\/\/investnews.com.br\/economia\/lula-indica-gabriel-galipolo-para-presidir-o-banco-central\/\" target=\"_blank\" rel=\"noreferrer noopener\">D\u00favida agora \u00e9 nome para diretor de Pol\u00edtica Monet\u00e1ria<\/a><\/p>\n\n\n\n<h2 class=\"wp-block-heading\">Sabatina sem embates<\/h2>\n\n\n\n<p>Em uma <a href=\"https:\/\/investnews.com.br\/financas\/galipolo-e-aprovado-em-comissao-do-senado-para-presidencia-do-bc\/\" target=\"_blank\" rel=\"noreferrer noopener\">sabatina que transcorreu sem embates<\/a>, Gal\u00edpolo foi questionado mais de uma vez sobre riscos de o governo exercer influ\u00eancia sobre a condu\u00e7\u00e3o da pol\u00edtica monet\u00e1ria ap\u00f3s sua posse, mas respondeu que nunca foi pressionado no cargo e recebeu liberdade total para atuar no BC.<\/p>\n\n\n\n<blockquote class=\"wp-block-quote is-layout-flow wp-block-quote-is-layout-flow\">\n<p>&#8220;Toda vez que me foi concedida a oportunidade de encontrar o presidente Lula, eu escutei de forma enf\u00e1tica e clara a garantia da liberdade na tomada de decis\u00f5es e que o desempenho da fun\u00e7\u00e3o deve ser orientado exclusivamente pelo compromisso com o povo brasileiro.&#8221;<\/p>\n<cite>gabriel gal\u00edpolo, durante sabatina no senado federal<\/cite><\/blockquote>\n\n\n\n<p><strong>LEIA MAIS:<\/strong> <a href=\"https:\/\/investnews.com.br\/financas\/galipolo-e-aprovado-em-comissao-do-senado-para-presidencia-do-bc\/\" target=\"_blank\" rel=\"noreferrer noopener\">Como foi a sabatina de Gal\u00edpolo no Senado<\/a><\/p>\n","protected":false},"excerpt":{"rendered":"<p>Com 66 votos a favor e 5 contra, Gal\u00edpolo vai assumir o cargo em 2025<\/p>\n","protected":false},"author":7,"featured_media":620842,"comment_status":"closed","ping_status":"closed","sticky":false,"template":"","format":"standard","meta":{"_acf_changed":false,"inline_featured_image":false,"footnotes":""},"categories":[4],"tags":[56],"autor-wsj":[],"coauthors":[1494],"class_list":["post-620819","post","type-post","status-publish","format-standard","has-post-thumbnail","hentry","category-financas","tag-banco-central"],"acf":[],"amp_enabled":true,"_links":{"self":[{"href":"https:\/\/investnews.com.br\/inv-api\/wp\/v2\/posts\/620819","targetHints":{"allow":["GET"]}}],"collection":[{"href":"https:\/\/investnews.com.br\/inv-api\/wp\/v2\/posts"}],"about":[{"href":"https:\/\/investnews.com.br\/inv-api\/wp\/v2\/types\/post"}],"author":[{"embeddable":true,"href":"https:\/\/investnews.com.br\/inv-api\/wp\/v2\/users\/7"}],"replies":[{"embeddable":true,"href":"https:\/\/investnews.com.br\/inv-api\/wp\/v2\/comments?post=620819"}],"version-history":[{"count":19,"href":"https:\/\/investnews.com.br\/inv-api\/wp\/v2\/posts\/620819\/revisions"}],"predecessor-version":[{"id":620879,"href":"https:\/\/investnews.com.br\/inv-api\/wp\/v2\/posts\/620819\/revisions\/620879"}],"wp:featuredmedia":[{"embeddable":true,"href":"https:\/\/investnews.com.br\/inv-api\/wp\/v2\/media\/620842"}],"wp:attachment":[{"href":"https:\/\/investnews.com.br\/inv-api\/wp\/v2\/media?parent=620819"}],"wp:term":[{"taxonomy":"category","embeddable":true,"href":"https:\/\/investnews.com.br\/inv-api\/wp\/v2\/categories?post=620819"},{"taxonomy":"post_tag","embeddable":true,"href":"https:\/\/investnews.com.br\/inv-api\/wp\/v2\/tags?post=620819"},{"taxonomy":"autor-wsj","embeddable":true,"href":"https:\/\/investnews.com.br\/inv-api\/wp\/v2\/autor-wsj?post=620819"},{"taxonomy":"author","embeddable":true,"href":"https:\/\/investnews.com.br\/inv-api\/wp\/v2\/coauthors?post=620819"}],"curies":[{"name":"wp","href":"https:\/\/api.w.org\/{rel}","templated":true}]}}