{"id":621966,"date":"2024-10-14T08:57:56","date_gmt":"2024-10-14T11:57:56","guid":{"rendered":"https:\/\/investnews.com.br\/?p=621966"},"modified":"2024-10-14T19:00:53","modified_gmt":"2024-10-14T22:00:53","slug":"sp-tem-537-mil-sem-luz-ha-tres-dias-resposta-da-enel-ficou-aquem-diz-regulador","status":"publish","type":"post","link":"https:\/\/investnews.com.br\/negocios\/sp-tem-537-mil-sem-luz-ha-tres-dias-resposta-da-enel-ficou-aquem-diz-regulador\/","title":{"rendered":"SP ainda tem 430 mil sem luz ap\u00f3s temporal; governo d\u00e1 3 dias para Enel resolver"},"content":{"rendered":"\n<figure class=\"wp-block-image size-full\"><img loading=\"lazy\" decoding=\"async\" width=\"1280\" height=\"614\" src=\"https:\/\/media.investnews.com.br\/uploads\/2023\/06\/lightning-1158027_1280.jpg\" alt=\"Chuva (Foto: Keli Black por Pixabay)\" class=\"wp-image-496927\" srcset=\"https:\/\/media.investnews.com.br\/uploads\/2023\/06\/lightning-1158027_1280.jpg 1280w, https:\/\/media.investnews.com.br\/uploads\/2023\/06\/lightning-1158027_1280-300x144.jpg 300w, https:\/\/media.investnews.com.br\/uploads\/2023\/06\/lightning-1158027_1280-1024x491.jpg 1024w, https:\/\/media.investnews.com.br\/uploads\/2023\/06\/lightning-1158027_1280-768x368.jpg 768w, https:\/\/media.investnews.com.br\/uploads\/2023\/06\/lightning-1158027_1280-1256x602.jpg 1256w, https:\/\/media.investnews.com.br\/uploads\/2023\/06\/lightning-1158027_1280-172x83.jpg 172w, https:\/\/media.investnews.com.br\/uploads\/2023\/06\/lightning-1158027_1280-150x72.jpg 150w\" sizes=\"auto, (max-width: 1280px) 100vw, 1280px\" \/><figcaption class=\"wp-element-caption\">Chuva (Foto: Keli Black por Pixabay)<\/figcaption><\/figure>\n\n\n\n<p>Cerca de 430 mil consumidores de energia atendidos por uma distribuidora da Enel ainda est\u00e3o sem energia el\u00e9trica na regi\u00e3o metropolitana de S\u00e3o Paulo nesta segunda-feira, depois do forte temporal da \u00faltima sexta, com ventos de mais de 100 km\/h que levaram a queda de \u00e1rvores e danos em diversos pontos da rede el\u00e9trica.<\/p>\n\n\n\n<p>O ministro de Minas e Energia, Alexandre Silveira, deu nesta segunda-feira (14) mais tr\u00eas dias para que a concession\u00e1ria recomponha a energia na maior parte das \u00e1reas afetadas e disse que a empresa cometeu um erro grave ao n\u00e3o fornecer previs\u00f5es objetivas para a popula\u00e7\u00e3o. Silveira n\u00e3o comentou, por\u00e9m, sobre consequ\u00eancias para a Enel se houver descumprimento do prazo.<\/p>\n\n\n\n<p>Avalia\u00e7\u00f5es preliminares realizadas pelas ag\u00eancias reguladoras Aneel e Arsesp, respons\u00e1veis por fiscalizar os servi\u00e7os de energia el\u00e9trica, apontam que a mobiliza\u00e7\u00e3o das equipes da Enel para responder ao evento de sexta-feira ficou aqu\u00e9m do previsto pela pr\u00f3pria empresa em plano de conting\u00eancia apresentado ao governo.<\/p>\n\n\n\n<p><strong>LEIA MAIS<\/strong>: <a href=\"https:\/\/investnews.com.br\/negocios\/todo-mundo-contra-a-enel-sob-pressao-da-esquerda-e-da-direita-aneel-ameaca-dar-fim-a-concessao\/\">Todo mundo contra a Enel: sob press\u00e3o da esquerda e da direita, Aneel amea\u00e7a com perda da concess\u00e3o<\/a><\/p>\n\n\n\n<p>O apag\u00e3o ap\u00f3s evento clim\u00e1tico considerado extremo, que deixou ao menos cinco mortos na regi\u00e3o, repete uma realidade vivida na \u00e1rea de concess\u00e3o paulista da Enel desde o fim do ano passado, situa\u00e7\u00e3o que vem revoltando consumidores e autoridades e que levou \u00e0 aplica\u00e7\u00e3o de multas milion\u00e1rias devido \u00e0 demora da companhia em restabelecer a presta\u00e7\u00e3o dos servi\u00e7os para a popula\u00e7\u00e3o.<\/p>\n\n\n\n<p>De acordo com a Enel S\u00e3o Paulo, desde sexta-feira (11) 1,6 milh\u00e3o de clientes na Grande S\u00e3o Paulo tiveram o servi\u00e7o normalizado, enquanto 430 mil ainda estavam sem luz na manh\u00e3 desta segunda-feira. Deste total, 280 mil est\u00e3o na capital paulista.<\/p>\n\n\n\n<p>Na v\u00e9spera, diretores das ag\u00eancias reguladoras Aneel e Arsesp disseram estar &#8220;preocupados&#8221; com a capacidade de mobiliza\u00e7\u00e3o e velocidade das equipes da Enel em responder \u00e0 popula\u00e7\u00e3o ap\u00f3s o temporal.<\/p>\n\n\n\n<p>Thiago Nunes, presidente da Arsesp, disse que o plano de conting\u00eancia apresentado pela Enel previa 2,5 mil pessoas para trabalhar no restabelecimento dos servi\u00e7os em uma situa\u00e7\u00e3o extrema como a de sexta-feira.<\/p>\n\n\n\n<p>&#8220;Esse n\u00famero ainda n\u00e3o foi alcan\u00e7ado, n\u00f3s temos hoje ent\u00e3o por volta de 1,7 mil, 1,8 mil pessoas. Passadas 48 horas dos eventos, ainda n\u00e3o atingiu a mobiliza\u00e7\u00e3o que era esperada em raz\u00e3o de um evento dessa magnitude&#8221;, disse Nunes.<\/p>\n\n\n\n<p>J\u00e1 o ministro de Minas e Energia afirmou nesta manh\u00e3 que as equipes que trabalham na recomposi\u00e7\u00e3o dos servi\u00e7os em S\u00e3o Paulo aumentar\u00e3o para 2,9 mil profissionais com refor\u00e7o de pessoal emprestado pelas distribuidoras da Enel no Rio de Janeiro e Cear\u00e1, por outras concession\u00e1rias, como EDP S\u00e3o Paulo, CPFL, Light e Energisa, e a transmissora ISA Cteep.<\/p>\n\n\n\n<p>A el\u00e9trica Enel chegou a apresentar no m\u00eas passado as a\u00e7\u00f5es de um plano de conting\u00eancia elaborado para enfrentar eventos clim\u00e1ticos extremos durante o ver\u00e3o em suas tr\u00eas distribuidoras, que atendem 15 milh\u00f5es de clientes nos Estados de S\u00e3o Paulo, Rio de Janeiro e Cear\u00e1.<\/p>\n\n\n\n<p><strong>LEIA MAIS<\/strong>: <a href=\"https:\/\/investnews.com.br\/economia\/chuvas-deixam-26-milhoes-sem-energia-no-estado-de-sao-paulo\/\">Chuvas deixam 2,6 milh\u00f5es sem energia no Estado de S\u00e3o Paulo<\/a><\/p>\n\n\n\n<p>Segundo a empresa, estavam previstas at\u00e9 2026 a contrata\u00e7\u00e3o de 5 mil novos colaboradores pr\u00f3prios, para refor\u00e7ar equipes de campo, e a incorpora\u00e7\u00e3o de 1.650 novos ve\u00edculos \u00e0 frota.<\/p>\n\n\n\n<p>Na ocasi\u00e3o do an\u00fancio, o ministro havia dito que &#8220;voltaria para cobrar&#8221; a empresa sobre essas a\u00e7\u00f5es e investimentos, j\u00e1 que o governo federal tamb\u00e9m est\u00e1 avaliando se a Enel ter\u00e1 condi\u00e7\u00f5es de prorrogar seus tr\u00eas contratos de distribui\u00e7\u00e3o no pa\u00eds, que v\u00e3o vencer nos pr\u00f3ximos anos.<\/p>\n\n\n\n<p>Nesta manh\u00e3, no entanto, Silveira evitou dar declara\u00e7\u00f5es concretas sobre o futuro da Enel nas concess\u00f5es de distribui\u00e7\u00e3o de energia e direcionou suas cr\u00edticas para a Aneel, que segundo ele est\u00e1 sendo omissa e insubordinada na implementa\u00e7\u00e3o das pol\u00edticas p\u00fablicas do minist\u00e9rio, inclusive no caso da Enel S\u00e3o Paulo.<\/p>\n\n\n\n<p>Segundo o ministro, a Aneel n\u00e3o deu sequ\u00eancia a um pedido anterior do governo para que o regulador instaurasse um processo administrativo que poderia levar a medidas mais extremas na distribuidora paulista, como interven\u00e7\u00e3o e caducidade do contrato.<\/p>\n\n\n\n<p>&#8220;Se tivesse o processo de caducidade sobre a empresa, tenho absoluta convic\u00e7\u00e3o que ela n\u00e3o estaria t\u00e3o negligente como infelizmente ainda est\u00e1 com rela\u00e7\u00e3o \u00e0 qualidade dos servi\u00e7os em S\u00e3o Paulo&#8221;, disse.<\/p>\n\n\n\n<p>Ele destacou que o Brasil nunca passou pela caducidade de um contrato de distribui\u00e7\u00e3o de energia, que seria uma medida extrema, e que isso ser\u00e1 estudado no devido processo administrativo, e n\u00e3o por meio de &#8220;decis\u00e3o ou prerrogativa&#8221; do governo.<\/p>\n\n\n\n<p>Silveira tamb\u00e9m negou que tenha tratado neste fim de semana com executivos da Enel sobre a renova\u00e7\u00e3o do contrato das distribuidoras do grupo no pa\u00eds, chamando de &#8220;fake news&#8221; uma postagem do prefeito de S\u00e3o Paulo, Ricardo Nunes, na rede social X sobre o assunto.<\/p>\n\n\n\n<p>Ap\u00f3s as cr\u00edticas do ministro, a Aneel soltou comunicado afirmando que est\u00e1 tomando &#8220;todas as medidas cab\u00edveis&#8221; para garantir a recomposi\u00e7\u00e3o dos servi\u00e7os em S\u00e3o Paulo, por meio de &#8220;apura\u00e7\u00e3o rigorosa e t\u00e9cnica&#8221; sobre a atua\u00e7\u00e3o da distribuidora.<\/p>\n\n\n\n<p>&#8220;Caso sejam constatadas falhas graves ou neglig\u00eancia na presta\u00e7\u00e3o do servi\u00e7o, a ag\u00eancia n\u00e3o hesitar\u00e1 em adotar as medidas sancionat\u00f3rias previstas em lei, que podem incluir desde multas severas, interven\u00e7\u00e3o administrativa na empresa e abertura de processo de caducidade da concess\u00e3o da empresa&#8221;, disse.<\/p>\n\n\n\n<p>Segundo o diretor-geral da Aneel, Sandoval Feitosa, desde 2018 j\u00e1 foram aplicados cerca de R$ 320 milh\u00f5es em multas \u00e0 Enel S\u00e3o Paulo. As duas \u00faltimas multas, que somam R$ 260 milh\u00f5es e s\u00e3o referentes a eventos clim\u00e1ticos extremos desde o fim do ano passado, est\u00e3o com pagamento suspenso por ordem judicial.<\/p>\n\n\n\n<p>Na nota desta segunda-feira, o regulador tamb\u00e9m ressaltou sua autonomia, garantida pela Lei das Ag\u00eancias, e que &#8220;qualquer tentativa de interven\u00e7\u00e3o ou tutela indevida na atua\u00e7\u00e3o da ag\u00eancia n\u00e3o contribui para a verdadeira solu\u00e7\u00e3o do problema&#8221;.<\/p>\n\n\n\n<p>Silveira e Aneel v\u00eam protagonizando h\u00e1 meses um embate p\u00fablico que vem afetando o andamento de processos importantes do setor el\u00e9trico. O ministro acusa o regulador de &#8220;politizar&#8221; e travar a regulamenta\u00e7\u00e3o de temas de interesse do governo, enquanto a Aneel se queixa de prazos ex\u00edguos para trabalhar com quadro limitado de profissionais, al\u00e9m de uma cadeira vaga na diretoria.<\/p>\n","protected":false},"excerpt":{"rendered":"<p>Do total, cerca de 280 mil pessoas est\u00e3o na capital paulista<\/p>\n","protected":false},"author":61,"featured_media":318542,"comment_status":"closed","ping_status":"closed","sticky":false,"template":"","format":"standard","meta":{"_acf_changed":false,"inline_featured_image":false,"footnotes":""},"categories":[6],"tags":[102288],"autor-wsj":[],"coauthors":[2494],"class_list":["post-621966","post","type-post","status-publish","format-standard","has-post-thumbnail","hentry","category-negocios","tag-reuters"],"acf":[],"amp_enabled":true,"_links":{"self":[{"href":"https:\/\/investnews.com.br\/inv-api\/wp\/v2\/posts\/621966","targetHints":{"allow":["GET"]}}],"collection":[{"href":"https:\/\/investnews.com.br\/inv-api\/wp\/v2\/posts"}],"about":[{"href":"https:\/\/investnews.com.br\/inv-api\/wp\/v2\/types\/post"}],"author":[{"embeddable":true,"href":"https:\/\/investnews.com.br\/inv-api\/wp\/v2\/users\/61"}],"replies":[{"embeddable":true,"href":"https:\/\/investnews.com.br\/inv-api\/wp\/v2\/comments?post=621966"}],"version-history":[{"count":6,"href":"https:\/\/investnews.com.br\/inv-api\/wp\/v2\/posts\/621966\/revisions"}],"predecessor-version":[{"id":622197,"href":"https:\/\/investnews.com.br\/inv-api\/wp\/v2\/posts\/621966\/revisions\/622197"}],"wp:featuredmedia":[{"embeddable":true,"href":"https:\/\/investnews.com.br\/inv-api\/wp\/v2\/media\/318542"}],"wp:attachment":[{"href":"https:\/\/investnews.com.br\/inv-api\/wp\/v2\/media?parent=621966"}],"wp:term":[{"taxonomy":"category","embeddable":true,"href":"https:\/\/investnews.com.br\/inv-api\/wp\/v2\/categories?post=621966"},{"taxonomy":"post_tag","embeddable":true,"href":"https:\/\/investnews.com.br\/inv-api\/wp\/v2\/tags?post=621966"},{"taxonomy":"autor-wsj","embeddable":true,"href":"https:\/\/investnews.com.br\/inv-api\/wp\/v2\/autor-wsj?post=621966"},{"taxonomy":"author","embeddable":true,"href":"https:\/\/investnews.com.br\/inv-api\/wp\/v2\/coauthors?post=621966"}],"curies":[{"name":"wp","href":"https:\/\/api.w.org\/{rel}","templated":true}]}}