{"id":622071,"date":"2024-10-15T07:00:00","date_gmt":"2024-10-15T10:00:00","guid":{"rendered":"https:\/\/investnews.com.br\/?p=622071"},"modified":"2025-08-08T16:03:51","modified_gmt":"2025-08-08T19:03:51","slug":"crise-da-enel-frustra-estrategia-de-lula-e-vira-reves-na-relacao-entre-brasil-e-italia","status":"publish","type":"post","link":"https:\/\/investnews.com.br\/economia\/crise-da-enel-frustra-estrategia-de-lula-e-vira-reves-na-relacao-entre-brasil-e-italia\/","title":{"rendered":"Crise da Enel frustra estrat\u00e9gia de Lula e vira rev\u00e9s na rela\u00e7\u00e3o entre Brasil e It\u00e1lia"},"content":{"rendered":"<p>&#8220;O G7 foi uma oportunidade para selar uma renovada rela\u00e7\u00e3o de confian\u00e7a entre a Enel e o Brasil, como mostraram os encontros ocorridos neste s\u00e1bado&#8221;. Foi assim que a Enel noticiou em seu site as reuni\u00f5es ocorridas em 15 de junho na regi\u00e3o de Puglia \u2013 o &#8220;salto da bota&#8221; no mapa da It\u00e1lia. <\/p><p>O Brasil n\u00e3o faz parte do G7 \u2013 o &#8220;clube dos pa\u00edses ricos&#8221; \u00e9 composto por Canad\u00e1, Fran\u00e7a, Alemanha, It\u00e1lia, Jap\u00e3o, Reino Unido e Estados Unidos \u2013, mas foi especialmente convidado pela It\u00e1lia, anfitri\u00e3 do encontro. <\/p><p>Como a Enel \u00e9 uma empresa de capital misto cujo controle est\u00e1 nas m\u00e3os do governo italiano \u2013 ou seja, funciona na pr\u00e1tica como extens\u00e3o do poder e dos interesses do Estado \u2013, o resort Borgo Egnazia virou o lugar ideal para tentar desbotar a mem\u00f3ria do apag\u00e3o que deixou milh\u00f5es de paulistas no escuro em novembro de 2023. Daquela vez, a Enel levou seis longos dias para restaurar completamente os servi\u00e7os de distribui\u00e7\u00e3o de energia el\u00e9trica na Grande S\u00e3o Paulo.<\/p><p>Depois de se reunir com Giorgia Meloni, a primeira-ministra da It\u00e1lia, o presidente Lula conversou com o CEO da Enel, Flavio Cattaneo. O ministro de Minas e Energia, Alexandre Silveira, tamb\u00e9m participou do encontro. <\/p><p>Pelo menos ali, o corpo a corpo da estatal italiana pareceu ter funcionado: depois de prometer R$ 20 bilh\u00f5es em investimentos no Brasil at\u00e9 2026, \u00faltimo ano do governo Lula, o chef\u00e3o da distribuidora de energia ouviu do presidente brasileiro que o governo federal estaria disposto a renovar os acordos de concess\u00e3o, <a href=\"https:\/\/ansabrasil.com.br\/brasil\/noticias\/energia\/2024\/06\/15\/lula-oferece-renovar-com-enel-em-troca-de-mais-investimentos_a4767622-e38c-4919-9700-4d2933dbbe87.html\" target=\"_blank\" rel=\"noreferrer noopener\">segundo noticiou a imprensa italiana<\/a>. O contrato da Enel em S\u00e3o Paulo vai at\u00e9 2028.<\/p><figure class=\"wp-block-image size-large\"><img loading=\"lazy\" decoding=\"async\" width=\"1024\" height=\"495\" src=\"https:\/\/media.investnews.com.br\/uploads\/2024\/10\/g7-italy-silveira-meloni-lula-cattaneo-1024x495.jpg\" alt=\"Quatro l\u00edderes e ministros: Lula, Meloni, Vieira e Tajani posam em frente a bandeiras do Brasil, It\u00e1lia e UE no G7.\" class=\"wp-image-622066\" srcset=\"https:\/\/media.investnews.com.br\/uploads\/2024\/10\/g7-italy-silveira-meloni-lula-cattaneo-1024x495.jpg 1024w, https:\/\/media.investnews.com.br\/uploads\/2024\/10\/g7-italy-silveira-meloni-lula-cattaneo-300x145.jpg 300w, https:\/\/media.investnews.com.br\/uploads\/2024\/10\/g7-italy-silveira-meloni-lula-cattaneo-768x371.jpg 768w, https:\/\/media.investnews.com.br\/uploads\/2024\/10\/g7-italy-silveira-meloni-lula-cattaneo-1536x742.jpg 1536w, https:\/\/media.investnews.com.br\/uploads\/2024\/10\/g7-italy-silveira-meloni-lula-cattaneo-2048x990.jpg 2048w, https:\/\/media.investnews.com.br\/uploads\/2024\/10\/g7-italy-silveira-meloni-lula-cattaneo-1256x607.jpg 1256w, https:\/\/media.investnews.com.br\/uploads\/2024\/10\/g7-italy-silveira-meloni-lula-cattaneo-172x83.jpg 172w, https:\/\/media.investnews.com.br\/uploads\/2024\/10\/g7-italy-silveira-meloni-lula-cattaneo-150x73.jpg 150w\" sizes=\"auto, (max-width: 1024px) 100vw, 1024px\" \/><figcaption class=\"wp-element-caption\">Da esquerda para a direita: Alexandre Silveira, ministro de Minas e Energia, Giorgia Meloni, primeira-ministra da It\u00e1lia, Lula, presidente do Brasil, e Flavio Cattaneo, CEO da Enel <br><br>Cr\u00e9ditos: Divulga\u00e7\u00e3o\/Enel<\/figcaption><\/figure><p>Al\u00e9m dos R$ 20 bilh\u00f5es, a Enel prometeu que &#8220;n\u00e3o haver\u00e1 mais apag\u00e3o em nenhum lugar em que eles forem respons\u00e1veis pela energia&#8221;, afirmou Lula (a Enel tamb\u00e9m tem contratos de distribui\u00e7\u00e3o no Cear\u00e1 e no Rio de Janeiro). <\/p><blockquote class=\"wp-block-quote is-layout-flow wp-block-quote-is-layout-flow\">\n<p>&#8220;Ent\u00e3o vamos saber se vamos resolver esse problema energ\u00e9tico, porque a gente n\u00e3o pode permitir que a capital mais importante do Brasil fique sem energia.&#8221;<\/p>\n<cite>presidente Lula<\/cite><\/blockquote><p>Mas a gente permitiu. <\/p><p>Um temporal na Grande S\u00e3o Paulo ocorrido na \u00faltima sexta-feira (11) exp\u00f4s novamente a fragilidade da rede el\u00e9trica no cora\u00e7\u00e3o econ\u00f4mico do Brasil. 2,6 milh\u00f5es de pessoas ficaram sem energia logo na sequ\u00eancia. Enquanto este texto era escrito, no come\u00e7o da noite de segunda-feira (14), <a href=\"https:\/\/investnews.com.br\/negocios\/sp-tem-537-mil-sem-luz-ha-tres-dias-resposta-da-enel-ficou-aquem-diz-regulador\/\">400 mil im\u00f3veis ainda estavam sem luz<\/a>, a Enel evitava cravar uma data para a normaliza\u00e7\u00e3o dos servi\u00e7os e <a href=\"https:\/\/investnews.com.br\/negocios\/todo-mundo-contra-a-enel-sob-pressao-da-esquerda-e-da-direita-aneel-ameaca-dar-fim-a-concessao\/\" target=\"_blank\" rel=\"noreferrer noopener\">pol\u00edticos das duas pontas do espectro ideol\u00f3gico est\u00e3o fazendo de tudo para se afastar da Enel<\/a>. <\/p><p>O governador de S\u00e3o Paulo, Tarc\u00edsio de Freitas, acusou de leni\u00eancia a Ag\u00eancia Nacional de Energia El\u00e9trica, a quem cabe regulamentar o setor no pa\u00eds \u2013 a Aneel est\u00e1 vinculada ao governo federal por meio do Minist\u00e9rio de Minas e Energia. O ministro Silveira, do MME, rebateu dizendo que a diretoria atual da Aneel foi formada no governo Bolsonaro, do qual Tarc\u00edsio fez parte. Tanto um quanto o outro come\u00e7aram a falar em dar fim \u00e0 concess\u00e3o da Enel em S\u00e3o Paulo. <\/p><p>Algumas horas antes do temporal, e de encampar a revoga\u00e7\u00e3o do contrato, Alexandre Silveira falava em renovar a concess\u00e3o da Enel. E o fez participando de um evento com pol\u00edticos e empres\u00e1rios em Roma, organizado pelo Esfera Brasil. No mesmo painel do ministro, estava o executivo da Enel Alberto de Paoli, cujo t\u00edtulo na empresa \u00e9 de &#8220;diretor do resto do mundo&#8221; \u2013 sim, o nome do cargo \u00e9 esse mesmo. <\/p><p>Mas a revoga\u00e7\u00e3o da concess\u00e3o pode acontecer de fato? <\/p><h2 class=\"wp-block-heading\">Revogando uma concess\u00e3o <\/h2><p>Dar fim a uma concess\u00e3o n\u00e3o \u00e9 algo trivial. A Aneel j\u00e1 intimou a Enel a prestar esclarecimentos e amea\u00e7ou abrir um processo de recomenda\u00e7\u00e3o da caducidade junto ao Minist\u00e9rio de Minas e Energia. O MME deu nesta sexta-feira um prazo de tr\u00eas dias para que a Enel restaure a energia, mas n\u00e3o disse o que vai acontecer se houver descumprimento. <\/p><p>Nunca houve no Brasil um processo que tenha levado \u00e0 caducidade de um contrato de distribui\u00e7\u00e3o de energia, que precisaria ser aberto pela Aneel e, para ser efetivo, teria de ser assinado pelo minist\u00e9rio. <\/p><figure class=\"wp-block-image size-full\"><img loading=\"lazy\" decoding=\"async\" width=\"2048\" height=\"1366\" src=\"https:\/\/media.investnews.com.br\/uploads\/2023\/01\/2023-01-02T213151Z_1_LYNXMPEJ010DB_RTROPTP_4_BRAZIL-POLITICS.jpg\" alt=\"Homem de terno e barba discursa em dois microfones. Ambiente oficial.\" class=\"wp-image-413268\" srcset=\"https:\/\/media.investnews.com.br\/uploads\/2023\/01\/2023-01-02T213151Z_1_LYNXMPEJ010DB_RTROPTP_4_BRAZIL-POLITICS.jpg 2048w, https:\/\/media.investnews.com.br\/uploads\/2023\/01\/2023-01-02T213151Z_1_LYNXMPEJ010DB_RTROPTP_4_BRAZIL-POLITICS-300x200.jpg 300w, https:\/\/media.investnews.com.br\/uploads\/2023\/01\/2023-01-02T213151Z_1_LYNXMPEJ010DB_RTROPTP_4_BRAZIL-POLITICS-1024x683.jpg 1024w, https:\/\/media.investnews.com.br\/uploads\/2023\/01\/2023-01-02T213151Z_1_LYNXMPEJ010DB_RTROPTP_4_BRAZIL-POLITICS-768x512.jpg 768w, https:\/\/media.investnews.com.br\/uploads\/2023\/01\/2023-01-02T213151Z_1_LYNXMPEJ010DB_RTROPTP_4_BRAZIL-POLITICS-1536x1025.jpg 1536w, https:\/\/media.investnews.com.br\/uploads\/2023\/01\/2023-01-02T213151Z_1_LYNXMPEJ010DB_RTROPTP_4_BRAZIL-POLITICS-1256x838.jpg 1256w, https:\/\/media.investnews.com.br\/uploads\/2023\/01\/2023-01-02T213151Z_1_LYNXMPEJ010DB_RTROPTP_4_BRAZIL-POLITICS-172x115.jpg 172w, https:\/\/media.investnews.com.br\/uploads\/2023\/01\/2023-01-02T213151Z_1_LYNXMPEJ010DB_RTROPTP_4_BRAZIL-POLITICS-150x100.jpg 150w\" sizes=\"auto, (max-width: 2048px) 100vw, 2048px\" \/><figcaption class=\"wp-element-caption\">O Ministro de Minas e Energia Alexandre Silveira <br><br>REUTERS\/Adriano Machado<\/figcaption><\/figure><p>Mas o caminho para chegar provavelmente seria tortuoso. O processo de caducidade precisa ser bem fundamentado tecnicamente, afinal o objetivo \u00e9 atestar se a concession\u00e1ria de fato atendeu ou n\u00e3o os requisitos do contrato de concess\u00e3o. Tamb\u00e9m h\u00e1 outras puni\u00e7\u00f5es poss\u00edveis, mais leves, como multas. <\/p><p>E tudo pode ser judicializado \u2013 at\u00e9 as multas. Por conta do apag\u00e3o de novembro de 2023, a Aneel aplicou duas penalidades \u00e0 Enel que somam R$ 260 milh\u00f5es. Nada foi pago, porque as multas foram suspensas pela Justi\u00e7a. <\/p><h2 class=\"wp-block-heading\">Passado complicado<\/h2><p>Prova de que dar fim a uma concess\u00e3o ainda em andamento n\u00e3o \u00e9 das coisas mais f\u00e1ceis \u00e9 o hist\u00f3rico da pr\u00f3pria Enel no Estado de Goi\u00e1s. <\/p><p>A distribuidora foi praticamente enxotada pelo governador Ronaldo Caiado, que entre 2018 e 2022 conviveu com sucessivas crises no fornecimento de energia. Apag\u00f5es geraram preju\u00edzos a produtores rurais e geraram revolta. Em 2021, produtores despejaram leite estragado em frente \u00e0 unidade da Enel em Palmeira de Goi\u00e1s como protesto pelas quedas de energia que impediam a necess\u00e1ria refrigera\u00e7\u00e3o do leite. <\/p><p>Sob press\u00e3o, a Enel vendeu por R$ 1,6 bilh\u00e3o a unidade goiana, que em janeiro de 2023 passou a ter a brasileira Equatorial como concession\u00e1ria. <\/p><p>O desfecho foi comemorado por Caiado, mas a nova distribuidora ficou em \u00faltimo lugar no ranking de servi\u00e7os prestados ao consumidor em 2023 entre as concession\u00e1rias de grande porte que atuam no Brasil. A lista \u00e9 divulgada anualmente pela Aneel e leva em considera\u00e7\u00e3o a dura\u00e7\u00e3o e a frequ\u00eancia de interrup\u00e7\u00f5es da energia el\u00e9trica \u2013 a Enel-SP est\u00e1 em 21\u00ba lugar na lista, que tem 29 posi\u00e7\u00f5es. <\/p><h2 class=\"wp-block-heading\">A Enel<\/h2><p>Com quase US$ 80 bilh\u00f5es em valor de mercado, a Enel \u00e9 a segunda empresa mais valiosa da It\u00e1lia. S\u00f3 est\u00e1 atr\u00e1s da Ferrari, que vale US$ 5 bilh\u00f5es a mais. E est\u00e1 presente em 28 pa\u00edses, de todos os continentes.<\/p><p>A empresa foi fundada em 1962 pelo governo italiano como fruto de um projeto de unifica\u00e7\u00e3o de toda a estrutura el\u00e9trica do pa\u00eds, juntando sob uma s\u00f3 entidade a gera\u00e7\u00e3o, a transmiss\u00e3o e a distribui\u00e7\u00e3o de energia. <\/p><p>Embora seja hoje uma companhia de capital aberto, o Minist\u00e9rio da Economia da It\u00e1lia tem 23,6% das a\u00e7\u00f5es da Enel e controla a companhia. \u00c9 uma esp\u00e9cie de Petrobras deles. A petroleira vale US$ 92 bilh\u00f5es, um patamar parecido com o da italiana, e tem 36% das suas a\u00e7\u00f5es nas m\u00e3os do governo brasileiro. <\/p><figure class=\"wp-block-image size-large\"><img loading=\"lazy\" decoding=\"async\" width=\"1024\" height=\"683\" src=\"https:\/\/media.investnews.com.br\/uploads\/2023\/06\/2023-06-30T183635Z_1_LYNXMPEJ5T0S1_RTROPTP_4_ENEL-RESULTS-1024x683.jpg\" alt=\"Pr\u00e9dio da Enel com logo colorido e antena no telhado, com edif\u00edcio cl\u00e1ssico com sacada \u00e0 esquerda.\" class=\"wp-image-499075\" srcset=\"https:\/\/media.investnews.com.br\/uploads\/2023\/06\/2023-06-30T183635Z_1_LYNXMPEJ5T0S1_RTROPTP_4_ENEL-RESULTS-1024x683.jpg 1024w, https:\/\/media.investnews.com.br\/uploads\/2023\/06\/2023-06-30T183635Z_1_LYNXMPEJ5T0S1_RTROPTP_4_ENEL-RESULTS-300x200.jpg 300w, https:\/\/media.investnews.com.br\/uploads\/2023\/06\/2023-06-30T183635Z_1_LYNXMPEJ5T0S1_RTROPTP_4_ENEL-RESULTS-768x512.jpg 768w, https:\/\/media.investnews.com.br\/uploads\/2023\/06\/2023-06-30T183635Z_1_LYNXMPEJ5T0S1_RTROPTP_4_ENEL-RESULTS-1536x1024.jpg 1536w, https:\/\/media.investnews.com.br\/uploads\/2023\/06\/2023-06-30T183635Z_1_LYNXMPEJ5T0S1_RTROPTP_4_ENEL-RESULTS-1256x837.jpg 1256w, https:\/\/media.investnews.com.br\/uploads\/2023\/06\/2023-06-30T183635Z_1_LYNXMPEJ5T0S1_RTROPTP_4_ENEL-RESULTS-172x115.jpg 172w, https:\/\/media.investnews.com.br\/uploads\/2023\/06\/2023-06-30T183635Z_1_LYNXMPEJ5T0S1_RTROPTP_4_ENEL-RESULTS-150x100.jpg 150w, https:\/\/media.investnews.com.br\/uploads\/2023\/06\/2023-06-30T183635Z_1_LYNXMPEJ5T0S1_RTROPTP_4_ENEL-RESULTS.jpg 2048w\" sizes=\"auto, (max-width: 1024px) 100vw, 1024px\" \/><figcaption class=\"wp-element-caption\">Sede da Enel na It\u00e1lia\n5\/02\/2020\nREUTERS\/Flavio Lo Scalzo<\/figcaption><\/figure><p>Com a crise de imagem no Brasil, mesmo que n\u00e3o haja a caducidade da concess\u00e3o em S\u00e3o Paulo, a renova\u00e7\u00e3o do contrato, que se encerra em 2028, est\u00e1 sob risco. E o governo italiano pode usar novamente seu peso geopol\u00edtico para tentar ajudar a empresa.<\/p><p>A It\u00e1lia tem sido ativa na longa disputa judicial que envolve a empresa \u00edtalo-argentina Ternium e a brasileira CSN em rela\u00e7\u00e3o \u00e0 Usiminas, uma briga que j\u00e1 dura mais de 10 ano e inclui mais de R$ 5 bilh\u00f5es em multas e em honor\u00e1rios advocat\u00edcios. <\/p><p>Na semana passada, o vice-primeiro ministro da It\u00e1lia, Antonio Tajani, se reuniu com o ministro-chefe da Casa Civil Rui Costa para falar do imbr\u00f3glio jur\u00eddico, que agora est\u00e1 com o Supremo Tribunal Federal (STF). <\/p>\n","protected":false},"excerpt":{"rendered":"<p>Em junho, Enel prometeu R$ 20 bilh\u00f5es em investimentos e Lula falou em renovar a concess\u00e3o<\/p>\n","protected":false},"author":104,"featured_media":622065,"comment_status":"closed","ping_status":"closed","sticky":false,"template":"","format":"standard","meta":{"_acf_changed":false,"inline_featured_image":false,"footnotes":""},"categories":[5],"tags":[824,102468,1520],"autor-wsj":[],"coauthors":[102045],"class_list":["post-622071","post","type-post","status-publish","format-standard","has-post-thumbnail","hentry","category-economia","tag-energia","tag-lula","tag-ministerio-de-minas-e-energia"],"acf":[],"amp_enabled":true,"_links":{"self":[{"href":"https:\/\/investnews.com.br\/inv-api\/wp\/v2\/posts\/622071","targetHints":{"allow":["GET"]}}],"collection":[{"href":"https:\/\/investnews.com.br\/inv-api\/wp\/v2\/posts"}],"about":[{"href":"https:\/\/investnews.com.br\/inv-api\/wp\/v2\/types\/post"}],"author":[{"embeddable":true,"href":"https:\/\/investnews.com.br\/inv-api\/wp\/v2\/users\/104"}],"replies":[{"embeddable":true,"href":"https:\/\/investnews.com.br\/inv-api\/wp\/v2\/comments?post=622071"}],"version-history":[{"count":135,"href":"https:\/\/investnews.com.br\/inv-api\/wp\/v2\/posts\/622071\/revisions"}],"predecessor-version":[{"id":702375,"href":"https:\/\/investnews.com.br\/inv-api\/wp\/v2\/posts\/622071\/revisions\/702375"}],"wp:featuredmedia":[{"embeddable":true,"href":"https:\/\/investnews.com.br\/inv-api\/wp\/v2\/media\/622065"}],"wp:attachment":[{"href":"https:\/\/investnews.com.br\/inv-api\/wp\/v2\/media?parent=622071"}],"wp:term":[{"taxonomy":"category","embeddable":true,"href":"https:\/\/investnews.com.br\/inv-api\/wp\/v2\/categories?post=622071"},{"taxonomy":"post_tag","embeddable":true,"href":"https:\/\/investnews.com.br\/inv-api\/wp\/v2\/tags?post=622071"},{"taxonomy":"autor-wsj","embeddable":true,"href":"https:\/\/investnews.com.br\/inv-api\/wp\/v2\/autor-wsj?post=622071"},{"taxonomy":"author","embeddable":true,"href":"https:\/\/investnews.com.br\/inv-api\/wp\/v2\/coauthors?post=622071"}],"curies":[{"name":"wp","href":"https:\/\/api.w.org\/{rel}","templated":true}]}}