{"id":622710,"date":"2024-10-16T09:22:52","date_gmt":"2024-10-16T12:22:52","guid":{"rendered":"https:\/\/investnews.com.br\/?p=622710"},"modified":"2024-10-16T14:17:48","modified_gmt":"2024-10-16T17:17:48","slug":"airbus-vai-cortar-ate-25-mil-empregos-na-divisao-de-defesa-e-espaco","status":"publish","type":"post","link":"https:\/\/investnews.com.br\/negocios\/airbus-vai-cortar-ate-25-mil-empregos-na-divisao-de-defesa-e-espaco\/","title":{"rendered":"Airbus vai cortar at\u00e9 2,5 mil empregos na divis\u00e3o de defesa e espa\u00e7o"},"content":{"rendered":"\n<figure class=\"wp-block-image size-large\"><img loading=\"lazy\" decoding=\"async\" width=\"1024\" height=\"678\" src=\"https:\/\/media.investnews.com.br\/uploads\/2024\/10\/Airbus_AdobeStock_298944793_Editorial_Use_Only-1024x678.webp\" alt=\"Parte frontal de uma aeronave da Airbus contra um c\u00e9u azul com algumas nuvens esparsas, mostrando o nariz do avi\u00e3o, a cabine de comando com janelas curvas e o logotipo da Airbus na fuselagem branca.\" class=\"wp-image-622853\" srcset=\"https:\/\/media.investnews.com.br\/uploads\/2024\/10\/Airbus_AdobeStock_298944793_Editorial_Use_Only-1024x678.webp 1024w, https:\/\/media.investnews.com.br\/uploads\/2024\/10\/Airbus_AdobeStock_298944793_Editorial_Use_Only-300x199.webp 300w, https:\/\/media.investnews.com.br\/uploads\/2024\/10\/Airbus_AdobeStock_298944793_Editorial_Use_Only-768x509.webp 768w, https:\/\/media.investnews.com.br\/uploads\/2024\/10\/Airbus_AdobeStock_298944793_Editorial_Use_Only-1536x1018.webp 1536w, https:\/\/media.investnews.com.br\/uploads\/2024\/10\/Airbus_AdobeStock_298944793_Editorial_Use_Only-1256x832.webp 1256w, https:\/\/media.investnews.com.br\/uploads\/2024\/10\/Airbus_AdobeStock_298944793_Editorial_Use_Only-172x114.webp 172w, https:\/\/media.investnews.com.br\/uploads\/2024\/10\/Airbus_AdobeStock_298944793_Editorial_Use_Only-191x125.webp 191w, https:\/\/media.investnews.com.br\/uploads\/2024\/10\/Airbus_AdobeStock_298944793_Editorial_Use_Only-150x99.webp 150w, https:\/\/media.investnews.com.br\/uploads\/2024\/10\/Airbus_AdobeStock_298944793_Editorial_Use_Only.webp 1920w\" sizes=\"auto, (max-width: 1024px) 100vw, 1024px\" \/><figcaption class=\"wp-element-caption\">Avi\u00e3o de demonstra\u00e7\u00e3o Airbus A350 XWB. R\u00fassia, Moscou. Foto: Adobe Stock Photo<\/figcaption><\/figure>\n\n\n\n<p>A Airbus, gigante europeia da avia\u00e7\u00e3o, anunciou planos para eliminar at\u00e9 2.500 postos de trabalho em sua divis\u00e3o de defesa e espa\u00e7o, com o objetivo de enxugar uma \u00e1rea que vem acumulando custos e enfrentando forte concorr\u00eancia.<\/p>\n\n\n\n<p>Em comunicado, a empresa informou que iniciou discuss\u00f5es &#8220;com seus parceiros sociais sobre a proposta de adapta\u00e7\u00e3o.&#8221; As medidas, que representam cerca de 7% da for\u00e7a de trabalho da divis\u00e3o, estimada em 35.000 funcion\u00e1rios, dever\u00e3o ser implementadas at\u00e9 meados de 2026.<\/p>\n\n\n\n<p>A Airbus afirmou que, embora algumas das iniciativas de transforma\u00e7\u00e3o lan\u00e7adas no \u00faltimo ano j\u00e1 estejam trazendo resultados, a companhia decidiu intensificar as mudan\u00e7as para se adaptar a um mercado espacial cada vez mais desafiador.<\/p>\n\n\n\n<p>\u201cQueremos moldar a divis\u00e3o para que ela possa atuar como um player l\u00edder e competitivo neste mercado em constante evolu\u00e7\u00e3o,\u201d disse Mike Schoellhorn, CEO da Airbus Defence and Space, no comunicado. \u201cIsso exige que sejamos mais \u00e1geis, enxutos e competitivos.\u201d<\/p>\n\n\n\n<p>Fontes pr\u00f3ximas \u00e0s conversas revelaram que uma parte significativa dos cortes dever\u00e1 recair sobre a \u00e1rea de espa\u00e7o da divis\u00e3o, que tamb\u00e9m abrange opera\u00e7\u00f5es de aeronaves de combate e seguran\u00e7a cibern\u00e9tica. A Airbus afirmou, no entanto, que n\u00e3o planeja adotar medidas compuls\u00f3rias para a redu\u00e7\u00e3o de pessoal.<\/p>\n\n\n\n<h2 class=\"wp-block-heading\">Provis\u00e3o de quase US$ 1 bilh\u00e3o<\/h2>\n\n\n\n<p>A Airbus tem enfrentado dificuldades para reverter os resultados dessa divis\u00e3o, que sofre com altos custos e atrasos em alguns programas. Em junho, a empresa anunciou uma provis\u00e3o de cerca de \u20ac900 milh\u00f5es (US$ 980 milh\u00f5es) relacionada a programas espaciais, mencionando \u201cprodutos complexos e sofisticados\u201d que elevam os riscos de desenvolvimento.<\/p>\n\n\n\n<p>Diante disso, a Airbus afirmou que vai \u201cavaliar todas as op\u00e7\u00f5es estrat\u00e9gicas, como potenciais reestrutura\u00e7\u00f5es, modelos de coopera\u00e7\u00e3o, revis\u00e3o do portf\u00f3lio e op\u00e7\u00f5es de fus\u00f5es e aquisi\u00e7\u00f5es.\u201d A revis\u00e3o dos programas espaciais problem\u00e1ticos est\u00e1 cerca de 70% conclu\u00edda, segundo a empresa.<\/p>\n\n\n\n<p>Conhecida principalmente por suas aeronaves comerciais, como os modelos A320 e A350, a Airbus tamb\u00e9m opera uma subsidi\u00e1ria de helic\u00f3pteros, al\u00e9m das divis\u00f5es de defesa e espa\u00e7o.<\/p>\n\n\n\n<p>Na bolsa de Paris, as a\u00e7\u00f5es da Airbus registraram queda de at\u00e9 0,8%, sendo cotadas a \u20ac134,72. No acumulado do ano, o valor das a\u00e7\u00f5es permanece praticamente est\u00e1vel.<\/p>\n","protected":false},"excerpt":{"rendered":"<p>N\u00famero representa cerca de 7% da for\u00e7a de trabalho da \u00e1rea<\/p>\n","protected":false},"author":76,"featured_media":622853,"comment_status":"closed","ping_status":"closed","sticky":false,"template":"","format":"standard","meta":{"_acf_changed":false,"inline_featured_image":false,"footnotes":""},"categories":[6],"tags":[245,1155],"autor-wsj":[],"coauthors":[101325],"class_list":["post-622710","post","type-post","status-publish","format-standard","has-post-thumbnail","hentry","category-negocios","tag-boeing","tag-setor-aereo"],"acf":[],"amp_enabled":true,"_links":{"self":[{"href":"https:\/\/investnews.com.br\/inv-api\/wp\/v2\/posts\/622710","targetHints":{"allow":["GET"]}}],"collection":[{"href":"https:\/\/investnews.com.br\/inv-api\/wp\/v2\/posts"}],"about":[{"href":"https:\/\/investnews.com.br\/inv-api\/wp\/v2\/types\/post"}],"author":[{"embeddable":true,"href":"https:\/\/investnews.com.br\/inv-api\/wp\/v2\/users\/76"}],"replies":[{"embeddable":true,"href":"https:\/\/investnews.com.br\/inv-api\/wp\/v2\/comments?post=622710"}],"version-history":[{"count":4,"href":"https:\/\/investnews.com.br\/inv-api\/wp\/v2\/posts\/622710\/revisions"}],"predecessor-version":[{"id":622906,"href":"https:\/\/investnews.com.br\/inv-api\/wp\/v2\/posts\/622710\/revisions\/622906"}],"wp:featuredmedia":[{"embeddable":true,"href":"https:\/\/investnews.com.br\/inv-api\/wp\/v2\/media\/622853"}],"wp:attachment":[{"href":"https:\/\/investnews.com.br\/inv-api\/wp\/v2\/media?parent=622710"}],"wp:term":[{"taxonomy":"category","embeddable":true,"href":"https:\/\/investnews.com.br\/inv-api\/wp\/v2\/categories?post=622710"},{"taxonomy":"post_tag","embeddable":true,"href":"https:\/\/investnews.com.br\/inv-api\/wp\/v2\/tags?post=622710"},{"taxonomy":"autor-wsj","embeddable":true,"href":"https:\/\/investnews.com.br\/inv-api\/wp\/v2\/autor-wsj?post=622710"},{"taxonomy":"author","embeddable":true,"href":"https:\/\/investnews.com.br\/inv-api\/wp\/v2\/coauthors?post=622710"}],"curies":[{"name":"wp","href":"https:\/\/api.w.org\/{rel}","templated":true}]}}