{"id":623029,"date":"2024-10-17T08:30:03","date_gmt":"2024-10-17T11:30:03","guid":{"rendered":"https:\/\/investnews.com.br\/?p=623029"},"modified":"2025-08-08T16:03:44","modified_gmt":"2025-08-08T19:03:44","slug":"cvc-brasil-consegue-reperfilamento-de-debentures-apos-acordo-de-r-160-milhoes","status":"publish","type":"post","link":"https:\/\/investnews.com.br\/economia\/cvc-brasil-consegue-reperfilamento-de-debentures-apos-acordo-de-r-160-milhoes\/","title":{"rendered":"CVC Brasil consegue reestruturar d\u00edvida em deb\u00eantures ap\u00f3s acordo de R$ 160 milh\u00f5es"},"content":{"rendered":"<figure class=\"wp-block-image size-large\"><img loading=\"lazy\" decoding=\"async\" width=\"1024\" height=\"613\" src=\"https:\/\/media.investnews.com.br\/uploads\/2024\/03\/Imagem-ilustrativa-de-loja-modular-CVC-1024x613.jpg\" alt=\"Quiosque modular CVC amarelo e roxo com janelas de vidro, em \u00e1rea externa pavimentada com edif\u00edcio e carro.\" class=\"wp-image-560629\" srcset=\"https:\/\/media.investnews.com.br\/uploads\/2024\/03\/Imagem-ilustrativa-de-loja-modular-CVC-1024x613.jpg 1024w, https:\/\/media.investnews.com.br\/uploads\/2024\/03\/Imagem-ilustrativa-de-loja-modular-CVC-300x180.jpg 300w, https:\/\/media.investnews.com.br\/uploads\/2024\/03\/Imagem-ilustrativa-de-loja-modular-CVC-768x460.jpg 768w, https:\/\/media.investnews.com.br\/uploads\/2024\/03\/Imagem-ilustrativa-de-loja-modular-CVC-172x103.jpg 172w, https:\/\/media.investnews.com.br\/uploads\/2024\/03\/Imagem-ilustrativa-de-loja-modular-CVC-150x90.jpg 150w, https:\/\/media.investnews.com.br\/uploads\/2024\/03\/Imagem-ilustrativa-de-loja-modular-CVC.jpg 1255w\" sizes=\"auto, (max-width: 1024px) 100vw, 1024px\" \/><figcaption class=\"wp-element-caption\">Cr\u00e9dito: Divulga\u00e7\u00e3o <\/figcaption><\/figure><p>A CVC Brasil teve aprovada a reestrutura\u00e7\u00e3o de sua d\u00edvida em <a href=\"https:\/\/investnews.com.br\/guias\/o-que-sao-debentures\/\">deb\u00eantures<\/a> (quarta e quinta emiss\u00f5es), informou a empresa em fato relevante. O acordo com os debenturistas foi fechado no m\u00eas passado. <\/p><p>O acordo envolve a <a href=\"https:\/\/investnews.com.br\/guias\/amortizacao-o-que-e\/\">amortiza\u00e7\u00e3o<\/a> extraordin\u00e1ria obrigat\u00f3ria de cerca de R$ 160 milh\u00f5es, a ser dividido de forma proporcional entre a quarta e a quinta emiss\u00e3o, com imediata redu\u00e7\u00e3o da d\u00edvida bruta da companhia.<\/p><p>Segundo ata da reuni\u00e3o do conselho, ser\u00e3o aplicados R$ 100,3 milh\u00f5es na amortiza\u00e7\u00e3o extraordin\u00e1ria das deb\u00eantures de quarta emiss\u00e3o e R$ 59,67 milh\u00f5es na amortiza\u00e7\u00e3o extraordin\u00e1ria das deb\u00eantures de quinta emiss\u00e3o.<\/p><p>Tamb\u00e9m fica estabelecido o prazo de vencimento das deb\u00eantures para 30 de outubro de 2028, com pagamento do valor nominal unit\u00e1rio em cinco parcelas semestrais consecutivas, nos meses de outubro e abril, sendo a primeira em 30 de outubro de 2026 e a \u00faltima na data de vencimento das deb\u00eantures.<\/p><p>As aprova\u00e7\u00f5es ocorreram em assembleias gerais de debenturistas (AGDs) e na reuni\u00e3o do conselho de administra\u00e7\u00e3o da companhia, afirmou a empresa de turismo em comunicado.<\/p><p>A CVC chegou a acordo com debenturistas em setembro e, na ocasi\u00e3o, disse que a reestrutura\u00e7\u00e3o &#8220;tem o potencial de otimizar a estrutura de capital e a gest\u00e3o do caixa da companhia&#8221;, al\u00e9m de ser passo importante em seu fortalecimento operacional e financeiro.<\/p><p><em>(Patricia Vilas Boas)<\/em><\/p>\n","protected":false},"excerpt":{"rendered":"<p>Acordo envolve a amortiza\u00e7\u00e3o extraordin\u00e1ria obrigat\u00f3ria de cerca de R$ 160 milh\u00f5es<\/p>\n","protected":false},"author":61,"featured_media":560629,"comment_status":"closed","ping_status":"closed","sticky":false,"template":"","format":"standard","meta":{"_acf_changed":false,"inline_featured_image":false,"footnotes":""},"categories":[5],"tags":[102288],"autor-wsj":[],"coauthors":[2494],"class_list":["post-623029","post","type-post","status-publish","format-standard","has-post-thumbnail","hentry","category-economia","tag-reuters"],"acf":[],"amp_enabled":true,"_links":{"self":[{"href":"https:\/\/investnews.com.br\/inv-api\/wp\/v2\/posts\/623029","targetHints":{"allow":["GET"]}}],"collection":[{"href":"https:\/\/investnews.com.br\/inv-api\/wp\/v2\/posts"}],"about":[{"href":"https:\/\/investnews.com.br\/inv-api\/wp\/v2\/types\/post"}],"author":[{"embeddable":true,"href":"https:\/\/investnews.com.br\/inv-api\/wp\/v2\/users\/61"}],"replies":[{"embeddable":true,"href":"https:\/\/investnews.com.br\/inv-api\/wp\/v2\/comments?post=623029"}],"version-history":[{"count":5,"href":"https:\/\/investnews.com.br\/inv-api\/wp\/v2\/posts\/623029\/revisions"}],"predecessor-version":[{"id":702368,"href":"https:\/\/investnews.com.br\/inv-api\/wp\/v2\/posts\/623029\/revisions\/702368"}],"wp:featuredmedia":[{"embeddable":true,"href":"https:\/\/investnews.com.br\/inv-api\/wp\/v2\/media\/560629"}],"wp:attachment":[{"href":"https:\/\/investnews.com.br\/inv-api\/wp\/v2\/media?parent=623029"}],"wp:term":[{"taxonomy":"category","embeddable":true,"href":"https:\/\/investnews.com.br\/inv-api\/wp\/v2\/categories?post=623029"},{"taxonomy":"post_tag","embeddable":true,"href":"https:\/\/investnews.com.br\/inv-api\/wp\/v2\/tags?post=623029"},{"taxonomy":"autor-wsj","embeddable":true,"href":"https:\/\/investnews.com.br\/inv-api\/wp\/v2\/autor-wsj?post=623029"},{"taxonomy":"author","embeddable":true,"href":"https:\/\/investnews.com.br\/inv-api\/wp\/v2\/coauthors?post=623029"}],"curies":[{"name":"wp","href":"https:\/\/api.w.org\/{rel}","templated":true}]}}