{"id":623235,"date":"2024-10-17T20:06:40","date_gmt":"2024-10-17T23:06:40","guid":{"rendered":"https:\/\/investnews.com.br\/?p=623235"},"modified":"2024-10-23T19:07:39","modified_gmt":"2024-10-23T22:07:39","slug":"embraer-estuda-novo-jato-concorrente-ao-737-da-boeing-diz-ceo","status":"publish","type":"post","link":"https:\/\/investnews.com.br\/negocios\/embraer-estuda-novo-jato-concorrente-ao-737-da-boeing-diz-ceo\/","title":{"rendered":"Embraer estuda novo jato concorrente ao 737 da Boeing, diz CEO"},"content":{"rendered":"\n<figure class=\"wp-block-image size-full\"><img loading=\"lazy\" decoding=\"async\" width=\"2560\" height=\"1707\" src=\"https:\/\/media.investnews.com.br\/uploads\/2024\/10\/francisco_neto_ceo_embraer.jpg\" alt=\"Francisco Gomes Neto, CEO da Embraer\" class=\"wp-image-623237\" srcset=\"https:\/\/media.investnews.com.br\/uploads\/2024\/10\/francisco_neto_ceo_embraer.jpg 2560w, https:\/\/media.investnews.com.br\/uploads\/2024\/10\/francisco_neto_ceo_embraer-300x200.jpg 300w, https:\/\/media.investnews.com.br\/uploads\/2024\/10\/francisco_neto_ceo_embraer-1024x683.jpg 1024w, https:\/\/media.investnews.com.br\/uploads\/2024\/10\/francisco_neto_ceo_embraer-768x512.jpg 768w, https:\/\/media.investnews.com.br\/uploads\/2024\/10\/francisco_neto_ceo_embraer-1536x1024.jpg 1536w, https:\/\/media.investnews.com.br\/uploads\/2024\/10\/francisco_neto_ceo_embraer-2048x1366.jpg 2048w, https:\/\/media.investnews.com.br\/uploads\/2024\/10\/francisco_neto_ceo_embraer-1256x837.jpg 1256w, https:\/\/media.investnews.com.br\/uploads\/2024\/10\/francisco_neto_ceo_embraer-172x115.jpg 172w, https:\/\/media.investnews.com.br\/uploads\/2024\/10\/francisco_neto_ceo_embraer-150x100.jpg 150w\" sizes=\"auto, (max-width: 2560px) 100vw, 2560px\" \/><figcaption class=\"wp-element-caption\">Francisco Gomes Neto, CEO da Embraer. Foto: Prakash Singh\/Bloomberg<\/figcaption><\/figure>\n\n\n\n<p>O CEO da <strong>Embraer<\/strong>, Francisco Gomes Neto, deu a entender nesta quinta-feira (17) que a fabricante brasileira de avi\u00f5es pode expandir sua linha al\u00e9m da oferta atual de jatos regionais e executivos.<\/p>\n\n\n\n<p>\u201cEstamos fazendo estudos para um novo produto, mas ainda n\u00e3o temos planos concretos\u201d, afirmou ele em entrevista \u00e0 Bloomberg TV, quando questionado se a Embraer consideraria desenvolver um concorrente ao 737, da <strong>Boeing<\/strong>, e ao A320, da <strong>Airbus<\/strong>.<\/p>\n\n\n\n<p>Analistas aeroespaciais h\u00e1 muito questionam se a Embraer, a terceira maior fabricante de aeronaves comerciais do mundo, entraria no mercado de jatos maiores dominados pela Boeing e pela Airbus. Lan\u00e7ar um novo programa de aeronaves comerciais poderia custar dezenas de bilh\u00f5es de d\u00f3lares e levar anos para ser executado, enquanto erros podem levar a um desastre financeiro.<\/p>\n\n\n\n<p>Em maio, uma reportagem do &#8220;Wall Street Journal&#8221; mostrou que  a empresa estaria <a href=\"https:\/\/investnews.com.br\/wsj\/exclusivo-embraer-planeja-novo-jato-para-rivalizar-com-boeing\/\" target=\"_blank\" rel=\"noreferrer noopener\">explorando op\u00e7\u00f5es de um novo modelo para desafiar o duop\u00f3lio de grandes jatos<\/a> que domina a ind\u00fastria h\u00e1 quase tr\u00eas d\u00e9cadas.<\/p>\n\n\n\n<p><strong>LEIA MAIS:<\/strong> <a href=\"https:\/\/investnews.com.br\/negocios\/eve-da-embraer-recebe-financiamento-de-r500-milhoes-do-bndes\/\" target=\"_blank\" rel=\"noreferrer noopener\">Eve, da Embraer, recebe financiamento de R$ 500 milh\u00f5es do BNDES<\/a><\/p>\n\n\n\n<h2 class=\"wp-block-heading\">Foco nos jatos executivos<\/h2>\n\n\n\n<p>Mais cedo, \u00e0 Bloomberg Radio, Neto havia dito que a empresa ainda n\u00e3o tinha &#8220;planos de crescer&#8221;.<\/p>\n\n\n\n<p>Segundo ele, a principal prioridade da Embraer no momento \u00e9 assinar acordos para jatos regionais, como o modelo E2, e sua linha de jatos executivos.<\/p>\n\n\n\n<blockquote class=\"wp-block-quote is-layout-flow wp-block-quote-is-layout-flow\">\n<p>\u201cTemos um portf\u00f3lio muito jovem de produtos. Nosso foco agora \u00e9 realmente vender os produtos que temos.\u201d<\/p>\n<cite>Francisco Gomes Neto, ceo da embraer<\/cite><\/blockquote>\n\n\n\n<p><strong>LEIA MAIS:<\/strong> <a href=\"https:\/\/investnews.com.br\/negocios\/embraer-sobe-715-em-4-anos-quase-tanto-quanto-a-nvidia\/\" target=\"_blank\" rel=\"noreferrer noopener\">Embraer sobe 715% em 4 anos, quase tanto quanto a Nvidia. Entenda a ascens\u00e3o<\/a><\/p>\n\n\n\n<figure class=\"wp-block-embed is-type-video is-provider-youtube wp-block-embed-youtube wp-embed-aspect-16-9 wp-has-aspect-ratio\"><div class=\"wp-block-embed__wrapper\">\n<iframe loading=\"lazy\" title=\"A Embraer conseguir\u00e1 enfrentar a Boeing e a Airbus?\" width=\"500\" height=\"281\" src=\"https:\/\/www.youtube.com\/embed\/pxdGFBYaL3s?feature=oembed\" frameborder=\"0\" allow=\"accelerometer; autoplay; clipboard-write; encrypted-media; gyroscope; picture-in-picture; web-share\" referrerpolicy=\"strict-origin-when-cross-origin\" allowfullscreen><\/iframe>\n<\/div><\/figure>\n","protected":false},"excerpt":{"rendered":"<p>Francisco Gomes Neto afirmou, em entrevista \u00e0 Bloomberg TV, que h\u00e1 &#8216;estudos para um novo produto&#8217;<\/p>\n","protected":false},"author":76,"featured_media":615808,"comment_status":"closed","ping_status":"closed","sticky":false,"template":"","format":"standard","meta":{"_acf_changed":false,"inline_featured_image":false,"footnotes":""},"categories":[6],"tags":[245,177],"autor-wsj":[],"coauthors":[101325],"class_list":["post-623235","post","type-post","status-publish","format-standard","has-post-thumbnail","hentry","category-negocios","tag-boeing","tag-embraer"],"acf":[],"amp_enabled":true,"_links":{"self":[{"href":"https:\/\/investnews.com.br\/inv-api\/wp\/v2\/posts\/623235","targetHints":{"allow":["GET"]}}],"collection":[{"href":"https:\/\/investnews.com.br\/inv-api\/wp\/v2\/posts"}],"about":[{"href":"https:\/\/investnews.com.br\/inv-api\/wp\/v2\/types\/post"}],"author":[{"embeddable":true,"href":"https:\/\/investnews.com.br\/inv-api\/wp\/v2\/users\/76"}],"replies":[{"embeddable":true,"href":"https:\/\/investnews.com.br\/inv-api\/wp\/v2\/comments?post=623235"}],"version-history":[{"count":6,"href":"https:\/\/investnews.com.br\/inv-api\/wp\/v2\/posts\/623235\/revisions"}],"predecessor-version":[{"id":624544,"href":"https:\/\/investnews.com.br\/inv-api\/wp\/v2\/posts\/623235\/revisions\/624544"}],"wp:featuredmedia":[{"embeddable":true,"href":"https:\/\/investnews.com.br\/inv-api\/wp\/v2\/media\/615808"}],"wp:attachment":[{"href":"https:\/\/investnews.com.br\/inv-api\/wp\/v2\/media?parent=623235"}],"wp:term":[{"taxonomy":"category","embeddable":true,"href":"https:\/\/investnews.com.br\/inv-api\/wp\/v2\/categories?post=623235"},{"taxonomy":"post_tag","embeddable":true,"href":"https:\/\/investnews.com.br\/inv-api\/wp\/v2\/tags?post=623235"},{"taxonomy":"autor-wsj","embeddable":true,"href":"https:\/\/investnews.com.br\/inv-api\/wp\/v2\/autor-wsj?post=623235"},{"taxonomy":"author","embeddable":true,"href":"https:\/\/investnews.com.br\/inv-api\/wp\/v2\/coauthors?post=623235"}],"curies":[{"name":"wp","href":"https:\/\/api.w.org\/{rel}","templated":true}]}}