{"id":624369,"date":"2024-10-23T15:01:07","date_gmt":"2024-10-23T18:01:07","guid":{"rendered":"https:\/\/investnews.com.br\/?p=624369"},"modified":"2024-10-23T16:16:00","modified_gmt":"2024-10-23T19:16:00","slug":"brasil-precisa-defender-ideais-ocidentais-no-cenario-global-diz-arminio-fraga","status":"publish","type":"post","link":"https:\/\/investnews.com.br\/economia\/brasil-precisa-defender-ideais-ocidentais-no-cenario-global-diz-arminio-fraga\/","title":{"rendered":"Brasil precisa defender ideais ocidentais no cen\u00e1rio global, diz Arm\u00ednio Fraga"},"content":{"rendered":"\n<figure class=\"wp-block-image size-large\"><img loading=\"lazy\" decoding=\"async\" width=\"1024\" height=\"574\" src=\"https:\/\/media.investnews.com.br\/uploads\/2024\/10\/Arminio-Fraga-1024x574.webp\" alt=\"Take do economista e ex-diretor do Banco Central, Arm\u00ednio Fraga, um homem branco de barba e cabelos grisalhos, vestindo camisa social cinza claro sentado em ambiente iluminado de escrit\u00f3rio.\" class=\"wp-image-624450\" srcset=\"https:\/\/media.investnews.com.br\/uploads\/2024\/10\/Arminio-Fraga-1024x574.webp 1024w, https:\/\/media.investnews.com.br\/uploads\/2024\/10\/Arminio-Fraga-300x168.webp 300w, https:\/\/media.investnews.com.br\/uploads\/2024\/10\/Arminio-Fraga-768x430.webp 768w, https:\/\/media.investnews.com.br\/uploads\/2024\/10\/Arminio-Fraga-1536x860.webp 1536w, https:\/\/media.investnews.com.br\/uploads\/2024\/10\/Arminio-Fraga-1256x704.webp 1256w, https:\/\/media.investnews.com.br\/uploads\/2024\/10\/Arminio-Fraga-172x96.webp 172w, https:\/\/media.investnews.com.br\/uploads\/2024\/10\/Arminio-Fraga-150x84.webp 150w, https:\/\/media.investnews.com.br\/uploads\/2024\/10\/Arminio-Fraga.webp 1694w\" sizes=\"auto, (max-width: 1024px) 100vw, 1024px\" \/><figcaption class=\"wp-element-caption\">\u201cAo longo dos anos, temos demonstrado um gosto duvidoso em rela\u00e7\u00e3o \u00e0s pessoas com quem convivemos e com quem tiramos fotos\u201d, disse o ex-presidente do BC. Foto: Reprodu\u00e7\u00e3o\/InvestNews<\/figcaption><\/figure>\n\n\n\n<p>O fundador da G\u00e1vea Investimentos e ex-diretor do Banco Central, Arm\u00ednio Fraga, disse nesta quarta-feira (23) que o Brasil precisa ser claro em seu alinhamento com os ideais ocidentais de democracia e direitos humanos, especialmente em um cen\u00e1rio global dividido.<\/p>\n\n\n\n<p>A estrat\u00e9gia do pa\u00eds de tentar ser simp\u00e1tico a todos n\u00e3o \u00e9 sustent\u00e1vel, disse Fraga durante evento Bloomberg New Economy at B20, em S\u00e3o Paulo. Embora seja bom para o Brasil negociar com pa\u00edses de todo o mundo, suas posi\u00e7\u00f5es centrais ainda devem ser claras, disse Fraga.<\/p>\n\n\n\n<p>\u201cAo longo dos anos, temos demonstrado um gosto duvidoso em rela\u00e7\u00e3o \u00e0s pessoas com quem convivemos e com quem tiramos fotos\u201d, disse Fraga. \u201cAcho que devemos ter muito claro em nossas mentes que somos um pa\u00eds ocidental.\u201d<\/p>\n\n\n\n<p>O governo do Brasil e o presidente Luiz In\u00e1cio Lula da Silva t\u00eam enfrentado cr\u00edticas por n\u00e3o fazerem o suficiente para pressionar Nicolas Maduro ap\u00f3s as elei\u00e7\u00f5es disputadas na Venezuela em julho. Lula defendeu uma solu\u00e7\u00e3o diplom\u00e1tica depois de anos argumentando que a campanha de san\u00e7\u00f5es pesadas, conduzida pelos EUA, prejudicou desproporcionalmente os cidad\u00e3os comuns daquele pa\u00eds.<\/p>\n\n\n\n<p><strong>LEIA MAIS<\/strong>: <a href=\"https:\/\/investnews.com.br\/economia\/brics-nao-desafiara-dolar-se-china-e-india-nao-o-levarem-a-serio-diz-criador-da-sigla\/\">Brics n\u00e3o desafiar\u00e1 d\u00f3lar se China e \u00cdndia n\u00e3o o levarem a s\u00e9rio, diz criador da sigla<\/a><\/p>\n\n\n\n<p>No mesmo painel, Stefan Simon, membro do Conselho de Administra\u00e7\u00e3o do Deutsche Bank e CEO para as Am\u00e9ricas, disse que o mundo est\u00e1 de volta aos \u201ctempos pr\u00e9-Organiza\u00e7\u00e3o Mundial do Com\u00e9rcio\u201d, em termos de pol\u00edtica e com\u00e9rcio.<\/p>\n\n\n\n<p>O desafio agora, disse Simon, \u00e9 enfrentar os desafios geopol\u00edticos em um mundo mais dividido, entender quais s\u00e3o os riscos e ser capaz de \u201cagir rapidamente\u201d.<\/p>\n\n\n\n<p>Como investidor de longa data na Am\u00e9rica Latina, Simon acrescentou que o banco est\u00e1 \u201cmuito otimista\u201d com rela\u00e7\u00e3o \u00e0 regi\u00e3o.<\/p>\n","protected":false},"excerpt":{"rendered":"<p>Embora seja bom negociar com todos, posi\u00e7\u00f5es brasileiras devem ser claras, defendeu ex-BC<\/p>\n","protected":false},"author":76,"featured_media":624450,"comment_status":"closed","ping_status":"closed","sticky":false,"template":"","format":"standard","meta":{"_acf_changed":false,"inline_featured_image":false,"footnotes":""},"categories":[5],"tags":[56,155],"autor-wsj":[],"coauthors":[101325],"class_list":["post-624369","post","type-post","status-publish","format-standard","has-post-thumbnail","hentry","category-economia","tag-banco-central","tag-brasil"],"acf":[],"amp_enabled":true,"_links":{"self":[{"href":"https:\/\/investnews.com.br\/inv-api\/wp\/v2\/posts\/624369","targetHints":{"allow":["GET"]}}],"collection":[{"href":"https:\/\/investnews.com.br\/inv-api\/wp\/v2\/posts"}],"about":[{"href":"https:\/\/investnews.com.br\/inv-api\/wp\/v2\/types\/post"}],"author":[{"embeddable":true,"href":"https:\/\/investnews.com.br\/inv-api\/wp\/v2\/users\/76"}],"replies":[{"embeddable":true,"href":"https:\/\/investnews.com.br\/inv-api\/wp\/v2\/comments?post=624369"}],"version-history":[{"count":7,"href":"https:\/\/investnews.com.br\/inv-api\/wp\/v2\/posts\/624369\/revisions"}],"predecessor-version":[{"id":624453,"href":"https:\/\/investnews.com.br\/inv-api\/wp\/v2\/posts\/624369\/revisions\/624453"}],"wp:featuredmedia":[{"embeddable":true,"href":"https:\/\/investnews.com.br\/inv-api\/wp\/v2\/media\/624450"}],"wp:attachment":[{"href":"https:\/\/investnews.com.br\/inv-api\/wp\/v2\/media?parent=624369"}],"wp:term":[{"taxonomy":"category","embeddable":true,"href":"https:\/\/investnews.com.br\/inv-api\/wp\/v2\/categories?post=624369"},{"taxonomy":"post_tag","embeddable":true,"href":"https:\/\/investnews.com.br\/inv-api\/wp\/v2\/tags?post=624369"},{"taxonomy":"autor-wsj","embeddable":true,"href":"https:\/\/investnews.com.br\/inv-api\/wp\/v2\/autor-wsj?post=624369"},{"taxonomy":"author","embeddable":true,"href":"https:\/\/investnews.com.br\/inv-api\/wp\/v2\/coauthors?post=624369"}],"curies":[{"name":"wp","href":"https:\/\/api.w.org\/{rel}","templated":true}]}}