{"id":626629,"date":"2024-10-31T07:00:00","date_gmt":"2024-10-31T10:00:00","guid":{"rendered":"https:\/\/investnews.com.br\/?p=626629"},"modified":"2025-09-05T15:08:15","modified_gmt":"2025-09-05T18:08:15","slug":"corte-de-gastos-la-e-ca-bilionario-diz-que-ele-e-musk-vao-cortar-trilhoes-se-trump-for-eleito","status":"publish","type":"post","link":"https:\/\/investnews.com.br\/economia\/corte-de-gastos-la-e-ca-bilionario-diz-que-ele-e-musk-vao-cortar-trilhoes-se-trump-for-eleito\/","title":{"rendered":"Corte de gastos l\u00e1 e c\u00e1: bilion\u00e1rio diz que ele e Musk v\u00e3o cortar trilh\u00f5es se Trump for eleito"},"content":{"rendered":"\n<figure class=\"wp-block-image size-full\"><img loading=\"lazy\" decoding=\"async\" width=\"2444\" height=\"1372\" src=\"https:\/\/media.investnews.com.br\/uploads\/2024\/08\/IN_Corte_Juros_EUA_3.webp\" alt=\"Ilustra\u00e7\u00e3o sobre corte de juros nos Estados Unidos e desvaloriza\u00e7\u00e3o do d\u00f3lar\" class=\"wp-image-608557\" srcset=\"https:\/\/media.investnews.com.br\/uploads\/2024\/08\/IN_Corte_Juros_EUA_3.webp 2444w, https:\/\/media.investnews.com.br\/uploads\/2024\/08\/IN_Corte_Juros_EUA_3-300x168.webp 300w, https:\/\/media.investnews.com.br\/uploads\/2024\/08\/IN_Corte_Juros_EUA_3-1024x575.webp 1024w, https:\/\/media.investnews.com.br\/uploads\/2024\/08\/IN_Corte_Juros_EUA_3-768x431.webp 768w, https:\/\/media.investnews.com.br\/uploads\/2024\/08\/IN_Corte_Juros_EUA_3-1536x862.webp 1536w, https:\/\/media.investnews.com.br\/uploads\/2024\/08\/IN_Corte_Juros_EUA_3-2048x1150.webp 2048w, https:\/\/media.investnews.com.br\/uploads\/2024\/08\/IN_Corte_Juros_EUA_3-1256x705.webp 1256w, https:\/\/media.investnews.com.br\/uploads\/2024\/08\/IN_Corte_Juros_EUA_3-172x97.webp 172w, https:\/\/media.investnews.com.br\/uploads\/2024\/08\/IN_Corte_Juros_EUA_3-150x84.webp 150w\" sizes=\"auto, (max-width: 2444px) 100vw, 2444px\" \/><figcaption class=\"wp-element-caption\">Ilustra\u00e7\u00e3o: Jo\u00e3o Brito<\/figcaption><\/figure>\n\n\n\n<p>A preocupa\u00e7\u00e3o sobre os riscos de o governo alimentar uma <strong>bomba-rel\u00f3gio fiscal<\/strong> tem estressado os mercados brasileiros. Mas n\u00e3o \u00e9 s\u00f3 por aqui que a discuss\u00e3o sobre a necessidade de corte de gastos e um maior equil\u00edbrio or\u00e7ament\u00e1rio tem ganhado senso de urg\u00eancia.  <\/p>\n\n\n\n<p>Nos <strong>Estados Unidos<\/strong>, as rugas de economistas e investidores com um avan\u00e7o potencial do j\u00e1 elevado d\u00e9ficit americano s\u00f3 aumentam diante do sil\u00eancio sobre o tema dos dois candidatos \u00e0 presid\u00eancia, a democrata Kamala Harris e o republicano Donald Trump. A rela\u00e7\u00e3o entre a d\u00edvida p\u00fablica dos EUA e o PIB j\u00e1 supera <strong>120%<\/strong>. Em termos financeiros, o montante ultrapassa os <strong>US$ 35 trilh\u00f5es<\/strong>.<\/p>\n\n\n\n<p>Apesar de ser um problema raramente mencionado nas campanhas, o bilion\u00e1rio <strong>John Paulson<\/strong>, apoiador de Trump, trouxe o tema \u00e0 tona ao se colocar como candidato ao cargo de secret\u00e1rio do Tesouro em uma eventual administra\u00e7\u00e3o republicana. O gestor do hedge fund afirmou ao &#8220;<a href=\"https:\/\/www.wsj.com\/politics\/elections\/john-paulson-trump-treasury-secretary-elon-musk-c619ef9f?mod=hp_lead_pos4\" target=\"_blank\" rel=\"noreferrer noopener\"><em>The Wall Street Journal<\/em>&#8220;<\/a> que ele e o CEO da Tesla, <strong>Elon Musk<\/strong>, trabalhariam juntos para implementar cortes massivos nos gastos federais.<\/p>\n\n\n\n<p>A men\u00e7\u00e3o ao fundador da marca de ve\u00edculos el\u00e9tricos n\u00e3o foi por acaso. Trump prometeu colocar Musk \u00e0 frente de uma nova &#8220;<strong>comiss\u00e3o de efici\u00eancia governamental<\/strong>&#8221; caso seja eleito em 5 de novembro. O grupo seria criado para aconselhar sobre redu\u00e7\u00f5es nos gastos federais. O empres\u00e1rio afirmou recentemente que conseguiria cortar pelo menos <strong>US$ 2 trilh\u00f5es<\/strong> do or\u00e7amento, mas sem especificar como faria isso.<\/p>\n\n\n\n<p><strong>LEIA MAIS<\/strong>: <a href=\"https:\/\/investnews.com.br\/wsj\/a-crise-da-divida-dos-estados-unidos-esta-cada-vez-mais-perto\/\">A crise da d\u00edvida dos Estados Unidos est\u00e1 cada vez mais perto<\/a><\/p>\n\n\n\n<p>Paulson citou como alvo de cortes os <strong>subs\u00eddios para energia verde<\/strong> previstos na Lei de Redu\u00e7\u00e3o da Infla\u00e7\u00e3o, aprovada no atual governo do democrata Joe Biden. &#8220;Todos esses subs\u00eddios fiscais para energia solar, para e\u00f3lica, s\u00e3o ineficientes e economicamente invi\u00e1veis,&#8221; afirmou. &#8220;Elimine isso. Isso reduz os gastos.&#8221;<\/p>\n\n\n\n<p>Essa legisla\u00e7\u00e3o sancionada em 2022 institui cr\u00e9ditos fiscais para compra de ve\u00edculos el\u00e9tricos, energia renov\u00e1vel, captura e armazenamento de carbono, hidrog\u00eanio e energia nuclear. A ren\u00fancia fiscal foi compensada por um esfor\u00e7o do governo em aumentar a arrecada\u00e7\u00e3o. Mas Trump afirmou, no Economic Club de Nova York em setembro, que pretende &#8220;revogar todos os fundos n\u00e3o utilizados&#8221; da lei.<\/p>\n\n\n\n<p>Retirar os incentivos para energia limpa poderia gerar uma economia de <strong>US$ 921 bilh\u00f5es<\/strong> ao longo de uma d\u00e9cada, segundo a Tax Foundation. Mas esse tipo de proposta pode enfrentar resist\u00eancia at\u00e9 entre congressistas republicanos. Muitos projetos de energia e\u00f3lica e solar financiados pela lei, por exemplo, geram empregos e investimentos em distritos dominados pelo partido.<\/p>\n\n\n\n<p><strong>LEIA MAIS<\/strong>: <a href=\"https:\/\/investnews.com.br\/economia\/a-bomba-relogio-global-de-us-100-trilhoes-continua-em-contagem-regressiva-alerta-fmi\/\">A bomba-rel\u00f3gio global de US$ 100 trilh\u00f5es continua em contagem regressiva, alerta FMI<\/a><\/p>\n\n\n\n<p>O alto endividamento dos governos \u00e9 um problema que vai al\u00e9m dos EUA e do Brasil. O Fundo Monet\u00e1rio Internacional (FMI) tem alertado sobre a escalada da d\u00edvida p\u00fablica global que deve atingir a marca recorde de <a href=\"https:\/\/investnews.com.br\/economia\/a-bomba-relogio-global-de-us-100-trilhoes-continua-em-contagem-regressiva-alerta-fmi\/\" target=\"_blank\" rel=\"noreferrer noopener\">US$ 100 trilh\u00f5es<\/a> este ano. \u201cNossas previs\u00f5es apontam para uma combina\u00e7\u00e3o implac\u00e1vel de baixo crescimento e alta d\u00edvida \u2014 um futuro dif\u00edcil\u201d, disse a diretora-gerente do \u00f3rg\u00e3o, Kristalina Georgieva.\u00a0<\/p>\n\n\n\n<p>No mesmo barco do desequil\u00edbrio fiscal, o <a href=\"https:\/\/investnews.com.br\/economia\/a-la-brasil-reino-unido-enfrenta-dilema-de-aumentar-de-impostos\/\" target=\"_blank\" rel=\"noreferrer noopener\">Reino Unido<\/a> tamb\u00e9m enfrenta o desafio de rebalancear receitas e despesas para conter o endividamento. O primeiro-ministro brit\u00e2nico Keir Starmer precisa encontrar 40 bilh\u00f5es de libras (cerca de R$ 300 bilh\u00f5es) para lidar com a lacuna fiscal e, ao mesmo tempo, manter o investimento em \u00e1reas como sa\u00fade e educa\u00e7\u00e3o. Para tapar o rombo, as propostas incluem aumentar impostos e cortar gastos.<\/p>\n\n\n\n<h2 class=\"wp-block-heading\">Sensa\u00e7\u00e3o de d\u00e9j\u00e0 vu no Brasil<\/h2>\n\n\n\n<p>Os dilemas americano e brit\u00e2nico podem parecer familiares aos brasileiros. E s\u00e3o. Por aqui, passadas as elei\u00e7\u00f5es municipais, <strong>o governo finalmente come\u00e7a a tocar no assunto de conten\u00e7\u00e3o de despesas<\/strong> para manter as metas estabelecidas no arcabou\u00e7o fiscal. <\/p>\n\n\n\n<p>O ministro da Fazenda, Fernando Haddad, afirmou que as propostas tem sido discutidas com o presidente Luiz In\u00e1cio Lula da Silva, mas ainda n\u00e3o t\u00eam prazo definido para serem apresentadas. Ele afirmou ainda que as medidas v\u00e3o exigir um projeto de emenda constitucional (PEC).<\/p>\n\n\n\n<p><strong>LEIA MAIS:<\/strong> <a href=\"https:\/\/investnews.com.br\/economia\/a-bomba-da-divida-americana-e-os-estilhacos-dela-no-brasil\/\" target=\"_blank\" rel=\"noreferrer noopener\">A bomba da d\u00edvida americana. E os estilha\u00e7os dela no Brasil<\/a><\/p>\n\n\n\n<p>As falas do ministro t\u00eam aumentado a <a href=\"https:\/\/investnews.com.br\/guias\/volatilidade-o-que-e\/\">volatilidade<\/a> no mercado. Na ter\u00e7a-feira (29), a sinaliza\u00e7\u00e3o sobre n\u00e3o haver cronograma definido para a apresenta\u00e7\u00e3o das medidas frustrou o mercado e ajudou a impulsionar o d\u00f3lar a R$ 5,76, na maior cota\u00e7\u00e3o desde mar\u00e7o de 2021. <\/p>\n\n\n\n<p>Na quarta (30), outra mensagem transmitida por Haddad trouxe um al\u00edvio pontual aos mercados e o <strong>d\u00f3lar<\/strong> fechou praticamente est\u00e1vel, a <strong>R$ 5,7640 <\/strong>(+0,03%). O ministro afirmou haver &#8220;converg\u00eancia&#8221; com a Casa Civil em rela\u00e7\u00e3o \u00e0 necessidade de se implementar medidas fiscais. A Casa Civil representa a ala mais pol\u00edtica do governo, ou seja, aquela com maior propens\u00e3o a defender aumento de gastos.<\/p>\n\n\n\n<p>A ministra do Planejamento e Or\u00e7amento, Simone Tebet, tem refor\u00e7ado a comunica\u00e7\u00e3o sobre a imin\u00eancia de o governo apresentar um plano de redu\u00e7\u00e3o de despesas. A integrante da equipe econ\u00f4mica afirmou que o presidente Lula j\u00e1 tem conhecimento sobre as medidas necess\u00e1rias.<\/p>\n\n\n\n<p>Tebet&nbsp;at\u00e9 indicou um horizonte para a aprova\u00e7\u00e3o dos projetos. A ministra colocou como um prazo realiz\u00e1vel votar o pacote no Congresso at\u00e9 meados do primeiro semestre de 2025. &#8220;Alguma coisa vota em dezembro, outra vota em mar\u00e7o, outra vota em maio. O que n\u00f3s precisamos \u00e9 apresentar para o pa\u00eds um pacote consistente, autorizado, que d\u00ea conforto obviamente para o presidente da Rep\u00fablica, deixando claro que n\u00f3s n\u00e3o vamos tirar nenhum direito.&#8221;<\/p>\n\n\n\n<p><strong>LEIA MAIS<\/strong>: <a href=\"https:\/\/investnews.com.br\/economia\/o-alerta-acendeu-pela-primeira-vez-em-20-anos-divida-atrelada-a-selic-se-aproxima-de-50-do-total\/\">O alerta acendeu: pela primeira vez em 20 anos, d\u00edvida atrelada \u00e0 Selic se aproxima de 50% do total<\/a><\/p>\n\n\n\n<p>A expectativa \u00e9 de que um primeiro conjunto de propostas possa ser apresentado na semana que vem. Tebet indicou que o plano seria proposto em duas ou mais etapas.<\/p>\n\n\n\n<h2 class=\"wp-block-heading\">Trajet\u00f3ria da d\u00edvida brasileira<\/h2>\n\n\n\n<p>A trajet\u00f3ria da <strong>d\u00edvida p\u00fablica brasileira<\/strong> tem sido fonte de preocupa\u00e7\u00f5es entre investidores e outros agentes. De janeiro de 2023 para c\u00e1, a d\u00edvida do governo subiu 23,6%. Saiu de R$ 7,2 trilh\u00f5es para <strong>R$ 8,9 trilh\u00f5es.<\/strong> Nas contas do FMI, isso significa que a rela\u00e7\u00e3o entre endividamento bruto e o PIB do pa\u00eds alcan\u00e7ar\u00e1 <strong>87,6%<\/strong> no fim deste ano.<\/p>\n\n\n\n<div class=\"flourish-embed flourish-chart\" data-src=\"visualisation\/19949501?1253931\"><script src=\"https:\/\/public.flourish.studio\/resources\/embed.js\"><\/script><noscript><img decoding=\"async\" src=\"https:\/\/public.flourish.studio\/visualisation\/19949501\/thumbnail\" width=\"100%\" alt=\"chart visualization\"><\/noscript><\/div>\n\n\n\n<p>O fundo espera que o indicador suba para 92% em 2025 e alcance 97,6% do PIB at\u00e9 2029. Sem um arcabou\u00e7o fiscal cr\u00edvel, que a recoloque esse endividamento no rumo do equil\u00edbrio, os juros seguem em disparada.  Os t\u00edtulos de d\u00edvida do governo com vencimentos mais longos, como o Tesouro IPCA+ 2045, por exemplo, seguem pagando juros reais, ou seja, um retorno acima da infla\u00e7\u00e3o, na casa dos 6,76%. H\u00e1 duas semanas, a taxa estava em 6,57%.<\/p>\n\n\n\n<p><strong>LEIA MAIS<\/strong>: <a href=\"https:\/\/investnews.com.br\/economia\/titulos-privados-ja-pagam-ipca9\/\">Endividamento do governo cria oportunidades na renda fixa; t\u00edtulos privados j\u00e1 pagam IPCA+9%<\/a><\/p>\n\n\n\n<p>Patamares de juros t\u00e3o elevados inibem investimentos produtivos, encarecem o cr\u00e9dito, desaceleram a economia e, se permanecerem nesses n\u00edveis por tempo suficiente, podem levar o pa\u00eds a uma recess\u00e3o. Por enquanto, a atividade, o emprego e a renda t\u00eam resistido. At\u00e9 quando? Vai depender da credibilidade que o governo conseguir conquistar. Aqui e, ao que parece, l\u00e1 fora tamb\u00e9m.       <\/p>\n","protected":false},"excerpt":{"rendered":"<p>Nos EUA, John Paulson se coloca como futuro secret\u00e1rio do Tesouro; no Brasil, governo prepara pacote<\/p>\n","protected":false},"author":130,"featured_media":608551,"comment_status":"closed","ping_status":"closed","sticky":false,"template":"","format":"standard","meta":{"_acf_changed":false,"inline_featured_image":false,"footnotes":""},"categories":[5],"tags":[79,110168,236,528],"autor-wsj":[],"coauthors":[102831],"class_list":["post-626629","post","type-post","status-publish","format-standard","has-post-thumbnail","hentry","category-economia","tag-donald-trump","tag-elon-musk","tag-eua","tag-tesla"],"acf":[],"amp_enabled":true,"_links":{"self":[{"href":"https:\/\/investnews.com.br\/inv-api\/wp\/v2\/posts\/626629","targetHints":{"allow":["GET"]}}],"collection":[{"href":"https:\/\/investnews.com.br\/inv-api\/wp\/v2\/posts"}],"about":[{"href":"https:\/\/investnews.com.br\/inv-api\/wp\/v2\/types\/post"}],"author":[{"embeddable":true,"href":"https:\/\/investnews.com.br\/inv-api\/wp\/v2\/users\/130"}],"replies":[{"embeddable":true,"href":"https:\/\/investnews.com.br\/inv-api\/wp\/v2\/comments?post=626629"}],"version-history":[{"count":40,"href":"https:\/\/investnews.com.br\/inv-api\/wp\/v2\/posts\/626629\/revisions"}],"predecessor-version":[{"id":626833,"href":"https:\/\/investnews.com.br\/inv-api\/wp\/v2\/posts\/626629\/revisions\/626833"}],"wp:featuredmedia":[{"embeddable":true,"href":"https:\/\/investnews.com.br\/inv-api\/wp\/v2\/media\/608551"}],"wp:attachment":[{"href":"https:\/\/investnews.com.br\/inv-api\/wp\/v2\/media?parent=626629"}],"wp:term":[{"taxonomy":"category","embeddable":true,"href":"https:\/\/investnews.com.br\/inv-api\/wp\/v2\/categories?post=626629"},{"taxonomy":"post_tag","embeddable":true,"href":"https:\/\/investnews.com.br\/inv-api\/wp\/v2\/tags?post=626629"},{"taxonomy":"autor-wsj","embeddable":true,"href":"https:\/\/investnews.com.br\/inv-api\/wp\/v2\/autor-wsj?post=626629"},{"taxonomy":"author","embeddable":true,"href":"https:\/\/investnews.com.br\/inv-api\/wp\/v2\/coauthors?post=626629"}],"curies":[{"name":"wp","href":"https:\/\/api.w.org\/{rel}","templated":true}]}}