{"id":630958,"date":"2024-11-18T09:39:46","date_gmt":"2024-11-18T12:39:46","guid":{"rendered":"https:\/\/investnews.com.br\/?p=630958"},"modified":"2025-08-08T16:01:58","modified_gmt":"2025-08-08T19:01:58","slug":"embraer-assina-acordo-para-ampliar-colaboracao-com-empresa-aeroespacial-da-indonesia","status":"publish","type":"post","link":"https:\/\/investnews.com.br\/negocios\/embraer-assina-acordo-para-ampliar-colaboracao-com-empresa-aeroespacial-da-indonesia\/","title":{"rendered":"Embraer assina acordo para ampliar colabora\u00e7\u00e3o com empresa aeroespacial da Indon\u00e9sia"},"content":{"rendered":"<figure class=\"wp-block-image size-large\"><img loading=\"lazy\" decoding=\"async\" width=\"1024\" height=\"683\" src=\"https:\/\/media.investnews.com.br\/uploads\/2024\/11\/398146628-1024x683.jpg\" alt='Avi\u00e3o de exposi\u00e7\u00e3o nas cores do Brasil sobre mastro, ao lado do letreiro \"EMBRAER\".' class=\"wp-image-630961\" srcset=\"https:\/\/media.investnews.com.br\/uploads\/2024\/11\/398146628-1024x683.jpg 1024w, https:\/\/media.investnews.com.br\/uploads\/2024\/11\/398146628-300x200.jpg 300w, https:\/\/media.investnews.com.br\/uploads\/2024\/11\/398146628-768x512.jpg 768w, https:\/\/media.investnews.com.br\/uploads\/2024\/11\/398146628-1536x1025.jpg 1536w, https:\/\/media.investnews.com.br\/uploads\/2024\/11\/398146628-2048x1366.jpg 2048w, https:\/\/media.investnews.com.br\/uploads\/2024\/11\/398146628-1256x838.jpg 1256w, https:\/\/media.investnews.com.br\/uploads\/2024\/11\/398146628-172x115.jpg 172w, https:\/\/media.investnews.com.br\/uploads\/2024\/11\/398146628-150x100.jpg 150w\" sizes=\"auto, (max-width: 1024px) 100vw, 1024px\" \/><figcaption class=\"wp-element-caption\">As instala\u00e7\u00f5es da Embraer SA em Gavi\u00e3o Peixoto, estado de S\u00e3o Paulo, Brasil, na ter\u00e7a-feira, 9 de maio de 2023. A Embraer colaborou com a Saab para fabricar os ca\u00e7as F-39 Gripen para a For\u00e7a A\u00e9rea Brasileira, que ser\u00e1 o primeiro empreendimento da empresa em aeronaves supers\u00f4nicas. Fot\u00f3grafo: Victor Moriyama\/Bloomberg<\/figcaption><\/figure><p>A Embraer anunciou, na noite de domingo, a assinatura de um memorando de entendimento com a PT Dirgantara Indonesia (PTDI) para expandir a colabora\u00e7\u00e3o na avia\u00e7\u00e3o comercial.<\/p><p>O acordo foi formalizado durante o F\u00f3rum CEO Indon\u00e9sia-Brasil, no \u00e2mbito do G20 no Rio de Janeiro, com a presen\u00e7a de autoridades indon\u00e9sias.<\/p><p>A parceria inclui estudos conjuntos para avaliar oportunidades em \u00e1reas como engenharia e fornecimento de aeroestruturas, segundo a fabricante brasileira de aeronaves.<\/p><p><strong>LEIA MAIS<\/strong>: <a href=\"https:\/\/investnews.com.br\/negocios\/embraer-como-o-aviao-militar-c-390-se-tornou-uma-grande-cartada-da-empresa\/\">A ascens\u00e3o do C-390: como o cargueiro militar se tornou uma grande cartada da Embraer<\/a><\/p><p>&#8220;A PTDI tem grandes ambi\u00e7\u00f5es para o pa\u00eds&#8221;, disse o diretor presidente da PTDI, Gita Amperiawan, no comunicado. A For\u00e7a A\u00e9rea Indon\u00e9sia opera uma frota de Super Tucanos A-29 e h\u00e1 uma frota de jatos executivos da Embraer em opera\u00e7\u00e3o no pa\u00eds.<\/p><p>O vice-presidente de Marketing da Embraer Avia\u00e7\u00e3o Comercial, Rodrigo Silva e Souza, destacou que a Indon\u00e9sia \u00e9 um dos mercados de avia\u00e7\u00e3o que mais cresce globalmente, e que foram identificadas &#8220;\u00e1reas onde ambas as partes podem aproveitar suas especialidades, aprimorar as capacidades aeroespaciais da Indon\u00e9sia e expandir sua conectividade a\u00e9rea&#8221;.<\/p>\n","protected":false},"excerpt":{"rendered":"<p>A parceria inclui estudos conjuntos para avaliar oportunidades em \u00e1reas como engenharia e fornecimento de aeroestruturas, segundo a fabricante brasileira de aeronaves<\/p>\n","protected":false},"author":61,"featured_media":630961,"comment_status":"closed","ping_status":"closed","sticky":false,"template":"","format":"standard","meta":{"_acf_changed":false,"inline_featured_image":false,"footnotes":""},"categories":[6],"tags":[177],"autor-wsj":[],"coauthors":[2494],"class_list":["post-630958","post","type-post","status-publish","format-standard","has-post-thumbnail","hentry","category-negocios","tag-embraer"],"acf":[],"amp_enabled":true,"_links":{"self":[{"href":"https:\/\/investnews.com.br\/inv-api\/wp\/v2\/posts\/630958","targetHints":{"allow":["GET"]}}],"collection":[{"href":"https:\/\/investnews.com.br\/inv-api\/wp\/v2\/posts"}],"about":[{"href":"https:\/\/investnews.com.br\/inv-api\/wp\/v2\/types\/post"}],"author":[{"embeddable":true,"href":"https:\/\/investnews.com.br\/inv-api\/wp\/v2\/users\/61"}],"replies":[{"embeddable":true,"href":"https:\/\/investnews.com.br\/inv-api\/wp\/v2\/comments?post=630958"}],"version-history":[{"count":3,"href":"https:\/\/investnews.com.br\/inv-api\/wp\/v2\/posts\/630958\/revisions"}],"predecessor-version":[{"id":702268,"href":"https:\/\/investnews.com.br\/inv-api\/wp\/v2\/posts\/630958\/revisions\/702268"}],"wp:featuredmedia":[{"embeddable":true,"href":"https:\/\/investnews.com.br\/inv-api\/wp\/v2\/media\/630961"}],"wp:attachment":[{"href":"https:\/\/investnews.com.br\/inv-api\/wp\/v2\/media?parent=630958"}],"wp:term":[{"taxonomy":"category","embeddable":true,"href":"https:\/\/investnews.com.br\/inv-api\/wp\/v2\/categories?post=630958"},{"taxonomy":"post_tag","embeddable":true,"href":"https:\/\/investnews.com.br\/inv-api\/wp\/v2\/tags?post=630958"},{"taxonomy":"autor-wsj","embeddable":true,"href":"https:\/\/investnews.com.br\/inv-api\/wp\/v2\/autor-wsj?post=630958"},{"taxonomy":"author","embeddable":true,"href":"https:\/\/investnews.com.br\/inv-api\/wp\/v2\/coauthors?post=630958"}],"curies":[{"name":"wp","href":"https:\/\/api.w.org\/{rel}","templated":true}]}}