{"id":633453,"date":"2024-11-27T09:24:35","date_gmt":"2024-11-27T12:24:35","guid":{"rendered":"https:\/\/investnews.com.br\/?p=633453"},"modified":"2025-08-08T16:01:27","modified_gmt":"2025-08-08T19:01:27","slug":"briga-com-a-franca-comeca-na-belgica-cna-acionara-carrefour-na-sede-da-uniao-europeia-em-bruxelas","status":"publish","type":"post","link":"https:\/\/investnews.com.br\/negocios\/briga-com-a-franca-comeca-na-belgica-cna-acionara-carrefour-na-sede-da-uniao-europeia-em-bruxelas\/","title":{"rendered":"Briga com a Fran\u00e7a come\u00e7a na B\u00e9lgica: CNA acionar\u00e1 Carrefour na sede da Uni\u00e3o Europeia em Bruxelas"},"content":{"rendered":"<figure class=\"wp-block-image size-large\"><img loading=\"lazy\" decoding=\"async\" width=\"1024\" height=\"683\" src=\"https:\/\/media.investnews.com.br\/uploads\/2024\/11\/389630638-1024x683.jpg\" alt=\"Carrinhos de supermercado vermelhos enfileirados, com placas brancas nas al\u00e7as e correntes met\u00e1licas.\" class=\"wp-image-633006\" srcset=\"https:\/\/media.investnews.com.br\/uploads\/2024\/11\/389630638-1024x683.jpg 1024w, https:\/\/media.investnews.com.br\/uploads\/2024\/11\/389630638-300x200.jpg 300w, https:\/\/media.investnews.com.br\/uploads\/2024\/11\/389630638-768x512.jpg 768w, https:\/\/media.investnews.com.br\/uploads\/2024\/11\/389630638-1536x1024.jpg 1536w, https:\/\/media.investnews.com.br\/uploads\/2024\/11\/389630638-2048x1366.jpg 2048w, https:\/\/media.investnews.com.br\/uploads\/2024\/11\/389630638-1256x837.jpg 1256w, https:\/\/media.investnews.com.br\/uploads\/2024\/11\/389630638-172x115.jpg 172w, https:\/\/media.investnews.com.br\/uploads\/2024\/11\/389630638-150x100.jpg 150w\" sizes=\"auto, (max-width: 1024px) 100vw, 1024px\" \/><figcaption class=\"wp-element-caption\">Filas de carrinhos de compras no hipermercado Carrefour. Fot\u00f3grafo: Jeremy Sukur\/Bloomberg<\/figcaption><\/figure><p>A Confedera\u00e7\u00e3o da Agricultura e Pecu\u00e1ria do Brasil (CNA) anunciou nesta ter\u00e7a-feira (26) que vai adotar medidas junto \u00e0 Uni\u00e3o Europeia contra o Carrefour e outras companhias francesas, ap\u00f3s o presidente do grupo supermercadista franc\u00eas se manifestar contra carne do Mercosul, questionando sua qualidade.<\/p><p>Segundo o consultor jur\u00eddico da CNA, Carlos Bastide Horbach, a entidade j\u00e1 est\u00e1 em tratativas com o escrit\u00f3rio que atende a confedera\u00e7\u00e3o em Bruxelas para avaliar a manifesta\u00e7\u00e3o do Carrefour e de diversas outras empresas francesas.<\/p><p>A pol\u00eamica se seguiu a um boicote moment\u00e2neo de vendas de frigor\u00edficos brasileiro para o Carrefour Brasil, maior rede de supermercados do pa\u00eds. Nesta ter\u00e7a-feira, a situa\u00e7\u00e3o come\u00e7ou a voltar ao normal, depois que o presidente mundial do grupo pediu desculpas ao setor agropecu\u00e1rio brasileiro por cr\u00edticas feitas na semana passada.<\/p><p>O ministro da Agricultura, Carlos F\u00e1varo afirmou que, com o pedido de desculpas do presidente do Carrefour, o epis\u00f3dio foi superado. Mas, segundo ele, a situa\u00e7\u00e3o mostrou que quem &#8220;ofender&#8221; o agroneg\u00f3cio brasileiro ter\u00e1 &#8220;resposta \u00e0 altura&#8221;.<\/p><p><strong>LEIA MAIS<\/strong>: <a href=\"https:\/\/investnews.com.br\/negocios\/desculpa-se-voce-se-sentiu-ofendido-carrefour-se-retrata-com-o-brasil\/\">\u2018Desculpa qualquer coisa\u2019: Carrefour se retrata com o Brasil<\/a><\/p><p>&#8220;N\u00f3s fomos surpreendidos pela atitude do Carrefour e outras empresas que, de uma hora para outra, procuraram mostrar uma imagem de que a carne que estamos colocando na Europa n\u00e3o \u00e9 uma carne de qualidade, n\u00e3o atende os padr\u00f5es europeus&#8221;, disse o presidente da CNA, Jo\u00e3o Martins, em nota.<\/p><p>&#8220;Isso n\u00e3o \u00e9 verdade porque o Brasil se tornou o maior exportador do mundo, n\u00e3o s\u00f3 atendemos Estados Unidos, Europa, Oriente M\u00e9dio como tamb\u00e9m China e pa\u00edses asi\u00e1ticos&#8221;, acrescentou ele.<\/p><p>Segundo Horbach, falas de empresas francesas que contariam com o apoio do governo da Fran\u00e7a, contr\u00e1rio a um acordo do Mercosul com a Uni\u00e3o Europeia, &#8220;podem caracterizar uma viola\u00e7\u00e3o das regras de defesa da concorr\u00eancia da Uni\u00e3o Europeia&#8221;.<\/p><p>&#8220;Por isso, a CNA vai formalizar uma reclama\u00e7\u00e3o junto aos \u00f3rg\u00e3os da Uni\u00e3o Europeia para fazer valer a liberdade econ\u00f4mica e a prote\u00e7\u00e3o da produ\u00e7\u00e3o brasileira naquele mercado espec\u00edfico&#8221;, disse o consultor.<\/p><p>A entidade est\u00e1 avaliando ainda quais medidas podem ser tomadas.<\/p><p>Al\u00e9m do caso Carrefour, um alto executivo da francesa Danone na Fran\u00e7a afirmou \u00e0 Reuters em outubro que a empresa n\u00e3o compraria mais soja brasileira, em posi\u00e7\u00e3o contr\u00e1ria \u00e0 da companhia no Brasil, que afirmou que segue comprando a oleaginosa brasileira. A CNA n\u00e3o citou a Danone em nota.<\/p>\n","protected":false},"excerpt":{"rendered":"<p>Para o ministro da Agricultura, quem &#8220;ofender&#8221; o agroneg\u00f3cio brasileiro ter\u00e1 &#8220;resposta \u00e0 altura&#8221;<\/p>\n","protected":false},"author":61,"featured_media":633006,"comment_status":"closed","ping_status":"closed","sticky":false,"template":"","format":"standard","meta":{"_acf_changed":false,"inline_featured_image":false,"footnotes":""},"categories":[6],"tags":[780,660],"autor-wsj":[],"coauthors":[2494],"class_list":["post-633453","post","type-post","status-publish","format-standard","has-post-thumbnail","hentry","category-negocios","tag-agronegocio","tag-carrefour"],"acf":[],"amp_enabled":true,"_links":{"self":[{"href":"https:\/\/investnews.com.br\/inv-api\/wp\/v2\/posts\/633453","targetHints":{"allow":["GET"]}}],"collection":[{"href":"https:\/\/investnews.com.br\/inv-api\/wp\/v2\/posts"}],"about":[{"href":"https:\/\/investnews.com.br\/inv-api\/wp\/v2\/types\/post"}],"author":[{"embeddable":true,"href":"https:\/\/investnews.com.br\/inv-api\/wp\/v2\/users\/61"}],"replies":[{"embeddable":true,"href":"https:\/\/investnews.com.br\/inv-api\/wp\/v2\/comments?post=633453"}],"version-history":[{"count":3,"href":"https:\/\/investnews.com.br\/inv-api\/wp\/v2\/posts\/633453\/revisions"}],"predecessor-version":[{"id":702239,"href":"https:\/\/investnews.com.br\/inv-api\/wp\/v2\/posts\/633453\/revisions\/702239"}],"wp:featuredmedia":[{"embeddable":true,"href":"https:\/\/investnews.com.br\/inv-api\/wp\/v2\/media\/633006"}],"wp:attachment":[{"href":"https:\/\/investnews.com.br\/inv-api\/wp\/v2\/media?parent=633453"}],"wp:term":[{"taxonomy":"category","embeddable":true,"href":"https:\/\/investnews.com.br\/inv-api\/wp\/v2\/categories?post=633453"},{"taxonomy":"post_tag","embeddable":true,"href":"https:\/\/investnews.com.br\/inv-api\/wp\/v2\/tags?post=633453"},{"taxonomy":"autor-wsj","embeddable":true,"href":"https:\/\/investnews.com.br\/inv-api\/wp\/v2\/autor-wsj?post=633453"},{"taxonomy":"author","embeddable":true,"href":"https:\/\/investnews.com.br\/inv-api\/wp\/v2\/coauthors?post=633453"}],"curies":[{"name":"wp","href":"https:\/\/api.w.org\/{rel}","templated":true}]}}