{"id":634124,"date":"2024-11-28T17:16:39","date_gmt":"2024-11-28T20:16:39","guid":{"rendered":"https:\/\/investnews.com.br\/?p=634124"},"modified":"2024-11-28T18:43:39","modified_gmt":"2024-11-28T21:43:39","slug":"profecia-autorrealizavel-como-o-anuncio-pacote-fiscal-ja-comecou-a-afetar-a-sua-vida","status":"publish","type":"post","link":"https:\/\/investnews.com.br\/economia\/profecia-autorrealizavel-como-o-anuncio-pacote-fiscal-ja-comecou-a-afetar-a-sua-vida\/","title":{"rendered":"Profecia autorrealiz\u00e1vel: como o an\u00fancio do pacote fiscal j\u00e1 come\u00e7ou a afetar a sua vida"},"content":{"rendered":"\n<p>Os alunos do <em>personal trainer<\/em> Rodrigo Juli\u00e3o (nome fict\u00edcio) foram surpreendidos com uma mensagem que chegou via WhatsApp na manh\u00e3 desta quinta-feira (28):\u00a0 a partir de janeiro, fazer os treinos personalizados vai custar de 8% a 10% mais caro. O que embasou esse c\u00e1lculo de reajuste, segundo Juli\u00e3o, foi o n\u00edvel atual da <a href=\"https:\/\/investnews.com.br\/guias\/taxa-selic\/\">taxa Selic<\/a> e a infla\u00e7\u00e3o acumulada no per\u00edodo (s\u00f3 pra n\u00e3o deixar d\u00favida: o <a href=\"https:\/\/investnews.com.br\/guias\/o-que-e-ipca\/\">IPCA<\/a>, o \u00edndice oficial de infla\u00e7\u00e3o do pa\u00eds, sobe 3,88% no ano at\u00e9 outubro, e 4,72% no acumulado nos \u00faltimos 12 meses.)<\/p>\n\n\n\n<p>A decis\u00e3o de Juli\u00e3o de subir seu pre\u00e7o \u2013 e, sobretudo, a forma como ele fez o c\u00e1lculo, com base na Selic, que n\u00e3o representa um custo direto na sua atividade \u2013 ilustra muito bem algo que o Banco Central vem repetindo h\u00e1 muito tempo: a piora das expectativas pode provocar mais infla\u00e7\u00e3o. E \u00e9 exatamente o que explica a rea\u00e7\u00e3o do <a href=\"https:\/\/investnews.com.br\/guias\/como-funciona-o-mercado-financeiro\/\">mercado financeiro<\/a> ao pacote fiscal anunciado pelo governo.<\/p>\n\n\n\n<figure class=\"wp-block-image size-full\"><img loading=\"lazy\" decoding=\"async\" width=\"1024\" height=\"683\" src=\"https:\/\/media.investnews.com.br\/uploads\/2024\/11\/personal-trainer.webp\" alt=\"Um smartphone est\u00e1 sendo segurado por uma m\u00e3o, exibindo um comunicado de reajuste de pre\u00e7os da RJ Personal Trainer na tela.\" class=\"wp-image-634325\" srcset=\"https:\/\/media.investnews.com.br\/uploads\/2024\/11\/personal-trainer.webp 1024w, https:\/\/media.investnews.com.br\/uploads\/2024\/11\/personal-trainer-300x200.webp 300w, https:\/\/media.investnews.com.br\/uploads\/2024\/11\/personal-trainer-768x512.webp 768w, https:\/\/media.investnews.com.br\/uploads\/2024\/11\/personal-trainer-172x115.webp 172w, https:\/\/media.investnews.com.br\/uploads\/2024\/11\/personal-trainer-150x100.webp 150w\" sizes=\"auto, (max-width: 1024px) 100vw, 1024px\" \/><figcaption class=\"wp-element-caption\">Imagem de aviso recebido no celular sobre reajuste nos pre\u00e7os de servi\u00e7os de personal trainer.<\/figcaption><\/figure>\n\n\n\n<p>Quando os agentes econ\u00f4micos \u2013 que nada mais s\u00e3o do que os empres\u00e1rios, empregados, prestadores de servi\u00e7o, consumidores e investidores \u2013 come\u00e7am a ver uma piora do cen\u00e1rio econ\u00f4mico, eles v\u00e3o reagir subindo os pre\u00e7os, deixando de comprar ou adiando investimentos. E aquilo que era apenas um risco acaba virando um problema concreto: mais infla\u00e7\u00e3o e menos crescimento econ\u00f4mico. Tipo profecia autorrealiz\u00e1vel.<\/p>\n\n\n\n<p><strong>LEIA MAIS:<\/strong> <a href=\"https:\/\/investnews.com.br\/economia\/o-alerta-acendeu-pela-primeira-vez-em-20-anos-divida-atrelada-a-selic-se-aproxima-de-50-do-total\/\">O alerta acendeu: pela primeira vez em 20 anos, d\u00edvida atrelada \u00e0 Selic se aproxima de 50% do total<\/a><\/p>\n\n\n\n<p>Quer ver outro exemplo? O motorista de\u00a0aplicativo Jo\u00e3o Ribeiro (nome fict\u00edcio), ficou assustado quando viu a cota\u00e7\u00e3o do d\u00f3lar bater os R$ 6,00 no <em>day after<\/em> ao an\u00fancio das medidas fiscais anunciadas pelo governo. E decidiu postergar a decis\u00e3o de comprar um celular novo para a esposa como presente de Natal. Sua inten\u00e7\u00e3o era importar o aparelho. E, bem na semana da Black Friday, ele achou mais prudente guardar o dinheiro.<\/p>\n\n\n\n<h2 class=\"wp-block-heading\">O poder das expectativas<\/h2>\n\n\n\n<p>S\u00e3o as pequenas decis\u00f5es que pessoas f\u00edsicas e empresas tomam no dia a dia que definem o rumo da economia do pa\u00eds. E essas escolhas nem sempre s\u00e3o objetivas, calculadas em cima de n\u00fameros. Elas resultam tamb\u00e9m do n\u00edvel de confian\u00e7a \u2013 ou de inseguran\u00e7a \u2013\u00a0naquilo que elas enxergam para o futuro.<\/p>\n\n\n\n<p>O potencial do problema fica ainda maior se a gente pensar que as empresas \u2013 as pequenas e as grandes \u2013 tamb\u00e9m reagem em cima de expectativas. A IDB do Brasil, trading que trabalha com importa\u00e7\u00e3o de insumos para as ind\u00fastrias qu\u00edmica, de metal-mec\u00e2nica e constru\u00e7\u00e3o civil, viu seus clientes entrarem em uma postura de &#8220;compasso de espera&#8221; e adiarem fechamentos de contratos nas \u00faltimas semanas. Isso por causa da expectativa pelo an\u00fancio do pacote fiscal do governo.<\/p>\n\n\n\n<p>O CEO da IDB, Erick Isoppo, explica que a alta do d\u00f3lar prejudica o importador. Portanto, quem conseguiu empurrou pra frente a decis\u00e3o de comprar produtos do exterior, \u00e0 espera de alguma boa not\u00edcia que melhorasse o c\u00e2mbio.<\/p>\n\n\n\n<p><strong>LEIA MAIS: <\/strong><a href=\"https:\/\/investnews.com.br\/economia\/em-vez-de-acalmar-seus-credores-governo-joga-gasolina-na-fogueira-da-luta-de-classes\/\">Em vez de acalmar credores, governo joga gasolina na fogueira da luta de classes<\/a><\/p>\n\n\n\n<p>&#8220;Vimos os importadores jogarem os neg\u00f3cios pra frente, na esperan\u00e7a de que as coisas poderiam melhorar. Mas chega um momento em que eles t\u00eam de fechar o contrato. Mas eles v\u00e3o continuar importando, caro ou n\u00e3o, porque esse custo mais alto do d\u00f3lar acaba sendo repassado para o consumidor&#8221;, explica Isoppo. A IDB do Brasil, com sede em Crici\u00fama, tem uma carteira de cerca de 150 clientes, localizados nos estados de Santa Catarina, Paran\u00e1, Rio Grande do Sul e S\u00e3o Paulo.<\/p>\n\n\n\n<h2 class=\"wp-block-heading\">Nebulosidade<\/h2>\n\n\n\n<p>Mas por que as expectativas est\u00e3o piorando, se o desemprego est\u00e1 baixo e os n\u00fameros mostram que a economia est\u00e1 crescendo? Porque muito desse crescimento est\u00e1 sendo sustentado por gasto do governo. E, para isso, o governo tem que arrecadar mais. Essa op\u00e7\u00e3o por aumentar a receita, em vez de conter os gastos, castiga as empresas e grande parte da popula\u00e7\u00e3o. E pode levar a um descontrole das contas p\u00fablicas. Ingredientes perfeitos para baixo crescimento e infla\u00e7\u00e3o mais alta.<\/p>\n\n\n\n<p><strong>\u00c9 isso que explica o fato do d\u00f3lar ter chegado a R$ 6,00 nesta quinta-feira<\/strong>. E tamb\u00e9m a alta dos juros futuros, que passaram a projetar <strong>uma taxa Selic de 14,90% em 2025<\/strong>. O que est\u00e1 piorando as expectativas \u00e9 que, na vis\u00e3o dos investidores, a forma como o governo apresentou seu pacote fiscal mostra um certo descompromisso em colocar as contas p\u00fablicas em ordem. Mais gasto p\u00fablico pode virar infla\u00e7\u00e3o e, consequentemente, vai fazer a Selic subir no futuro. E a\u00ed, \u00e9 aquela hist\u00f3ria: como ningu\u00e9m quer pagar para ver, a ordem \u00e9 comprar d\u00f3lar e apostar em uma alta do juro, como forma de se proteger.<\/p>\n\n\n\n<div class=\"flourish-embed flourish-chart\" data-src=\"visualisation\/19949501?1253931\"><script src=\"https:\/\/public.flourish.studio\/resources\/embed.js\"><\/script><noscript><img decoding=\"async\" src=\"https:\/\/public.flourish.studio\/visualisation\/19949501\/thumbnail\" width=\"100%\" alt=\"chart visualization\"><\/noscript><\/div>\n\n\n\n<p>E, mais uma vez, o risco aqui \u00e9 da tal profecia autorrealiz\u00e1vel. Se o mercado enxerga que a Selic pode estar perto de 15% no ano que vem, o investidor que financia o governo vai querer receber um juro mais alto para comprar os t\u00edtulos emitidos pelo Tesouro Nacional. E a conta \u00e9 simples de entender: se voc\u00ea v\u00ea o seu credor gastando mais do que pode, vai ficar com receio de voltar a emprestar pra ele. E um jeito de dizer &#8220;n\u00e3o empresto mais&#8221; \u00e9 subindo o juro que voc\u00ea vai cobrar. \u00c9 mais ou menos isso que est\u00e1 acontecendo.<\/p>\n\n\n\n<p>Para conseguir rolar a d\u00edvida mobili\u00e1ria do governo \u2013 que hoje est\u00e1 em cerca <strong>R$ 7 trilh\u00f5es<\/strong> \u2013, o Tesouro tem dois caminhos: ou ele aceita pagar juros prefixados mais altos, ou ele vende t\u00edtulos p\u00f3s-fixados, que oscilam de acordo com a Selic. Nas duas situa\u00e7\u00f5es, ele vai pagar mais caro.<\/p>\n\n\n\n<div class=\"flourish-embed flourish-chart\" data-src=\"visualisation\/19942830?1265504\"><script src=\"https:\/\/public.flourish.studio\/resources\/embed.js\"><\/script><noscript><img decoding=\"async\" src=\"https:\/\/public.flourish.studio\/visualisation\/19942830\/thumbnail\" width=\"100%\" alt=\"chart visualization\"><\/noscript><\/div>\n\n\n\n<p>E aqui tem um detalhe muito importante: se o juro realmente subir do jeito que o mercado est\u00e1 projetando, o custo da d\u00edvida vai disparar. \u00c9 que hoje, a fatia de\u00a0<strong>t\u00edtulos p\u00f3s-fixados<\/strong> est\u00e1 em R$ 3,2 trilh\u00f5es.\u00a0E a cada <strong>um ponto percentual<\/strong>\u00a0a mais nessa conta, o custo anual dessa d\u00edvida sobe\u00a0<strong>R$ 32 bilh\u00f5es<\/strong>. Praticamente a metade do que o governo diz que deve economizar com o pacote anunciado.<\/p>\n\n\n\n<p>Imagine com a Selic a 14%.<\/p>\n","protected":false},"excerpt":{"rendered":"<p>Empresas e consumidores se antecipam e tentam se proteger de um cen\u00e1rio com mais infla\u00e7\u00e3o e juros mais altos<\/p>\n","protected":false},"author":112,"featured_media":634283,"comment_status":"closed","ping_status":"closed","sticky":false,"template":"","format":"standard","meta":{"_acf_changed":false,"inline_featured_image":false,"footnotes":""},"categories":[5],"tags":[75,26,354],"autor-wsj":[],"coauthors":[102473],"class_list":["post-634124","post","type-post","status-publish","format-standard","has-post-thumbnail","hentry","category-economia","tag-consumo","tag-dolar","tag-juros"],"acf":[],"amp_enabled":true,"_links":{"self":[{"href":"https:\/\/investnews.com.br\/inv-api\/wp\/v2\/posts\/634124","targetHints":{"allow":["GET"]}}],"collection":[{"href":"https:\/\/investnews.com.br\/inv-api\/wp\/v2\/posts"}],"about":[{"href":"https:\/\/investnews.com.br\/inv-api\/wp\/v2\/types\/post"}],"author":[{"embeddable":true,"href":"https:\/\/investnews.com.br\/inv-api\/wp\/v2\/users\/112"}],"replies":[{"embeddable":true,"href":"https:\/\/investnews.com.br\/inv-api\/wp\/v2\/comments?post=634124"}],"version-history":[{"count":69,"href":"https:\/\/investnews.com.br\/inv-api\/wp\/v2\/posts\/634124\/revisions"}],"predecessor-version":[{"id":634332,"href":"https:\/\/investnews.com.br\/inv-api\/wp\/v2\/posts\/634124\/revisions\/634332"}],"wp:featuredmedia":[{"embeddable":true,"href":"https:\/\/investnews.com.br\/inv-api\/wp\/v2\/media\/634283"}],"wp:attachment":[{"href":"https:\/\/investnews.com.br\/inv-api\/wp\/v2\/media?parent=634124"}],"wp:term":[{"taxonomy":"category","embeddable":true,"href":"https:\/\/investnews.com.br\/inv-api\/wp\/v2\/categories?post=634124"},{"taxonomy":"post_tag","embeddable":true,"href":"https:\/\/investnews.com.br\/inv-api\/wp\/v2\/tags?post=634124"},{"taxonomy":"autor-wsj","embeddable":true,"href":"https:\/\/investnews.com.br\/inv-api\/wp\/v2\/autor-wsj?post=634124"},{"taxonomy":"author","embeddable":true,"href":"https:\/\/investnews.com.br\/inv-api\/wp\/v2\/coauthors?post=634124"}],"curies":[{"name":"wp","href":"https:\/\/api.w.org\/{rel}","templated":true}]}}