{"id":636547,"date":"2024-12-06T10:45:50","date_gmt":"2024-12-06T13:45:50","guid":{"rendered":"https:\/\/investnews.com.br\/?p=636547"},"modified":"2025-08-08T16:00:38","modified_gmt":"2025-08-08T19:00:38","slug":"apos-25-anos-mercosul-e-ue-chegam-a-acordo-comercial-passando-por-cima-de-resistencia-francesa","status":"publish","type":"post","link":"https:\/\/investnews.com.br\/economia\/apos-25-anos-mercosul-e-ue-chegam-a-acordo-comercial-passando-por-cima-de-resistencia-francesa\/","title":{"rendered":"Ap\u00f3s 25 anos, Mercosul e UE chegam a acordo comercial, passando por cima de resist\u00eancia francesa"},"content":{"rendered":"<figure class=\"wp-block-image size-large\"><img loading=\"lazy\" decoding=\"async\" width=\"1024\" height=\"510\" src=\"https:\/\/media.investnews.com.br\/uploads\/2024\/12\/mercosul-uniao-europeia-ue-bandeiras-AdobeStock_277731565-1024x510.webp\" alt=\"\" class=\"wp-image-636591\" srcset=\"https:\/\/media.investnews.com.br\/uploads\/2024\/12\/mercosul-uniao-europeia-ue-bandeiras-AdobeStock_277731565-1024x510.webp 1024w, https:\/\/media.investnews.com.br\/uploads\/2024\/12\/mercosul-uniao-europeia-ue-bandeiras-AdobeStock_277731565-300x150.webp 300w, https:\/\/media.investnews.com.br\/uploads\/2024\/12\/mercosul-uniao-europeia-ue-bandeiras-AdobeStock_277731565-768x383.webp 768w, https:\/\/media.investnews.com.br\/uploads\/2024\/12\/mercosul-uniao-europeia-ue-bandeiras-AdobeStock_277731565-1536x766.webp 1536w, https:\/\/media.investnews.com.br\/uploads\/2024\/12\/mercosul-uniao-europeia-ue-bandeiras-AdobeStock_277731565-1256x626.webp 1256w, https:\/\/media.investnews.com.br\/uploads\/2024\/12\/mercosul-uniao-europeia-ue-bandeiras-AdobeStock_277731565-172x86.webp 172w, https:\/\/media.investnews.com.br\/uploads\/2024\/12\/mercosul-uniao-europeia-ue-bandeiras-AdobeStock_277731565-200x100.webp 200w, https:\/\/media.investnews.com.br\/uploads\/2024\/12\/mercosul-uniao-europeia-ue-bandeiras-AdobeStock_277731565-150x75.webp 150w, https:\/\/media.investnews.com.br\/uploads\/2024\/12\/mercosul-uniao-europeia-ue-bandeiras-AdobeStock_277731565.webp 1920w\" sizes=\"auto, (max-width: 1024px) 100vw, 1024px\" \/><figcaption class=\"wp-element-caption\">Cr\u00e9dito: Adobe Stock<\/figcaption><\/figure><p>A Uni\u00e3o Europeia e o bloco sul-americano do Mercosul fecharam um acordo comercial h\u00e1 muito procurado, apesar das veementes obje\u00e7\u00f5es da Fran\u00e7a, que se comprometeu a liderar uma a\u00e7\u00e3o para obstruir sua ratifica\u00e7\u00e3o.<\/p><p>As partes concordaram em princ\u00edpio com os termos do pacto comercial nesta sexta-feira (6), depois que a presidente da Comiss\u00e3o Europeia, Ursula von der Leyen, viajou para o Uruguai para participar da c\u00fapula do Mercosul desta semana. O presidente franc\u00eas Emmanuel Macron, entretanto, enfurecido, disse a ela que os termos eram \u201cinaceit\u00e1veis\u201d.<\/p><p>Depois de mais de duas d\u00e9cadas de negocia\u00e7\u00f5es, o acordo \u00e9 uma chance para a UE e a uni\u00e3o alfandeg\u00e1ria sul-americana fundada por Argentina, Brasil, Paraguai e Uruguai aproveitarem novos mercados para seus produtos em meio \u00e0 concorr\u00eancia acirrada da China e \u00e0s amea\u00e7as tarif\u00e1rias do presidente eleito Donald Trump. Esse seria o maior acordo comercial j\u00e1 conclu\u00eddo por qualquer um dos blocos.<\/p><p>\u201cEsse acordo \u00e9 uma vit\u00f3ria para a Europa\u201d, disse von der Leyen ao anunciar o acordo, observando que ele inclui salvaguardas destinadas a proteger os agricultores do bloco. \u201cIsso criar\u00e1 enormes oportunidades de neg\u00f3cios.\u201d<\/p><p>A ratifica\u00e7\u00e3o ser\u00e1 uma luta longa e dif\u00edcil na UE. Se for aprovado, o acordo criar\u00e1 um mercado integrado de 780 milh\u00f5es de consumidores, impulsionando o setor manufatureiro da UE, que est\u00e1 em dificuldades, e o vasto setor agr\u00edcola do Mercosul. Tamb\u00e9m fortaleceria a presen\u00e7a da UE em uma regi\u00e3o onde a China emergiu como um grande fornecedor industrial e o principal comprador de <a href=\"https:\/\/investnews.com.br\/guias\/commodities-o-que-sao\/\">commodities<\/a>, ao mesmo tempo em que ajudaria a isolar ambos os blocos de uma poss\u00edvel guerra comercial de Trump.<\/p><p><strong>LEIA MAIS<\/strong>: <a href=\"https:\/\/investnews.com.br\/economia\/exportacoes-brasileiras-para-argentina-caem-25-em-meio-a-ajuste-de-milei\/\">Exporta\u00e7\u00f5es brasileiras para Argentina caem 25% em meio a ajuste de Milei<\/a><\/p><p>Os exportadores de autom\u00f3veis da UE, em particular, podem se beneficiar da remo\u00e7\u00e3o gradual das atuais tarifas de 35%. As altas tarifas sobre produtos industriais, como pe\u00e7as de autom\u00f3veis, maquin\u00e1rio, produtos qu\u00edmicos, roupas e t\u00eaxteis, tamb\u00e9m seriam eliminadas.<\/p><p>No entanto, v\u00e1rios pa\u00edses europeus, especialmente a Fran\u00e7a e a Pol\u00f4nia, continuam se opondo firmemente, principalmente devido a preocupa\u00e7\u00f5es sobre como isso afetar\u00e1 o setor agr\u00edcola. Os agricultores europeus dizem que os produtos da Am\u00e9rica Latina s\u00e3o produzidos com padr\u00f5es mais baixos, o que daria ao agro dos pa\u00edses do Mercosul uma vantagem injusta. <\/p><p>Produtores sulamericanos t\u00eam recha\u00e7ado os argumentos dos franceses e poloneses. Eles reafirmam a qualidade e os padr\u00f5es ambientais seguidos pelos pa\u00edses do bloco e dizem que as cr\u00edticas s\u00e3o, na verdade, puro protecionismo. <\/p><p>Macron enfrentou a indigna\u00e7\u00e3o dos agricultores que se op\u00f5em ao acordo e atualmente est\u00e1 lidando com o colapso de seu governo no pa\u00eds. Autoridades francesas pr\u00f3ximas a Macron t\u00eam criticado Ursula von der Leyen da UE, insistindo que o acordo pode ser rejeitado pelos estados membros mesmo depois de assinado por ela.<\/p><p>Dado o grande consenso na Fran\u00e7a contra o acordo, \u00e9 prov\u00e1vel que Macron continue a luta, j\u00e1 que ele enfrenta um conjunto crescente de desafios pol\u00edticos internos. O gabinete de Macron n\u00e3o respondeu imediatamente a um pedido de coment\u00e1rio.<\/p><figure class=\"wp-block-image size-large\"><img loading=\"lazy\" decoding=\"async\" width=\"1024\" height=\"683\" src=\"https:\/\/media.investnews.com.br\/uploads\/2024\/12\/2024-12-06T131720Z_1_LYNXNPEKB50FP_RTROPTP_4_MERCOSUR-SUMMIT-EU-1024x683.jpg\" alt=\"L\u00edderes de pa\u00edses e da UE em c\u00fapula do Mercosul. Ursula von der Leyen e Lula em mesa, com bandeiras e p\u00fablico.\" class=\"wp-image-636548\" srcset=\"https:\/\/media.investnews.com.br\/uploads\/2024\/12\/2024-12-06T131720Z_1_LYNXNPEKB50FP_RTROPTP_4_MERCOSUR-SUMMIT-EU-1024x683.jpg 1024w, https:\/\/media.investnews.com.br\/uploads\/2024\/12\/2024-12-06T131720Z_1_LYNXNPEKB50FP_RTROPTP_4_MERCOSUR-SUMMIT-EU-300x200.jpg 300w, https:\/\/media.investnews.com.br\/uploads\/2024\/12\/2024-12-06T131720Z_1_LYNXNPEKB50FP_RTROPTP_4_MERCOSUR-SUMMIT-EU-768x512.jpg 768w, https:\/\/media.investnews.com.br\/uploads\/2024\/12\/2024-12-06T131720Z_1_LYNXNPEKB50FP_RTROPTP_4_MERCOSUR-SUMMIT-EU-1536x1024.jpg 1536w, https:\/\/media.investnews.com.br\/uploads\/2024\/12\/2024-12-06T131720Z_1_LYNXNPEKB50FP_RTROPTP_4_MERCOSUR-SUMMIT-EU-2048x1365.jpg 2048w, https:\/\/media.investnews.com.br\/uploads\/2024\/12\/2024-12-06T131720Z_1_LYNXNPEKB50FP_RTROPTP_4_MERCOSUR-SUMMIT-EU-1256x837.jpg 1256w, https:\/\/media.investnews.com.br\/uploads\/2024\/12\/2024-12-06T131720Z_1_LYNXNPEKB50FP_RTROPTP_4_MERCOSUR-SUMMIT-EU-172x115.jpg 172w, https:\/\/media.investnews.com.br\/uploads\/2024\/12\/2024-12-06T131720Z_1_LYNXNPEKB50FP_RTROPTP_4_MERCOSUR-SUMMIT-EU-150x100.jpg 150w\" sizes=\"auto, (max-width: 1024px) 100vw, 1024px\" \/><figcaption class=\"wp-element-caption\">Presidente da Argentina, Javier Milei; presidente do Uruguai, Luis Lacalle Pou; presidente da Comiss\u00e3o Europeia, Ursula von der\u00a0Leyen; presidente Luiz Inacio Lula da Silva; e presidente do Paraguai, Santiago Pena, em c\u00fapula do Mercosul em Montevid\u00e9u\n06\/12\/2024. REUTERS\/Mariana Greif<\/figcaption><\/figure><p>O acordo tamb\u00e9m deve provocar tens\u00f5es pol\u00edticas e a ira dos agricultores na Pol\u00f4nia, que realizar\u00e1 uma elei\u00e7\u00e3o presidencial na primavera de 2025. O primeiro-ministro polon\u00eas, Donald Tusk, disse que seu governo, que tamb\u00e9m inclui um partido de coaliz\u00e3o j\u00fanior apoiado pelos agricultores, se opor\u00e1 ao acordo. Tusk levantou fatores internos para sua decis\u00e3o, dizendo que o acordo teria repercuss\u00f5es para a agricultura polonesa.<\/p><p>A Alemanha, que representa cerca de um quinto da popula\u00e7\u00e3o da UE, \u00e9 um forte apoiador do acordo, assim como a Espanha.<\/p><p><strong>LEIA MAIS<\/strong>: <a href=\"https:\/\/investnews.com.br\/negocios\/brasil-rebate-carrefour-apos-critica-de-presidente-ao-acordo-da-ue-com-mercosul\/\">Guerra de narrativas: Brasil rebate Carrefour ap\u00f3s cr\u00edticas ao acordo da UE com Mercosul<\/a><\/p><p>Da mesma forma, os dois lados chegaram a um acordo preliminar em 2019, mas nunca o assinaram devido, em grande parte, ao protecionismo europeu e \u00e0 hostilidade em rela\u00e7\u00e3o \u00e0s pol\u00edticas ambientais do ex-presidente do Brasil, Jair Bolsonaro.<\/p><p>No entanto, o atual l\u00edder do Brasil, Luiz In\u00e1cio Lula da Silva, tem sido um dos maiores defensores do acordo desde que assumiu o cargo em 2023. O presidente uruguaio, Luis Lacalle Pou, tamb\u00e9m tem se empenhado para que o acordo seja conclu\u00eddo.<\/p><p>\u201cNa vida, \u00e9 mais dif\u00edcil destruir do que construir\u201d, disse Lacalle Pou. \u201cEste an\u00fancio exige a melhor pol\u00edtica.\u201d<\/p><p>Para a maior economia do Mercosul, o Brasil, o acordo deve impulsionar ainda mais as exporta\u00e7\u00f5es do gigantesco setor de commodities agr\u00edcolas do pa\u00eds. O \u00faltimo estudo do Instituto de Pesquisa Econ\u00f4mica Aplicada (IPEA) mostrou que as exporta\u00e7\u00f5es relacionadas \u00e0 agricultura para o bloco europeu poderiam crescer em mais US$ 7,1 bilh\u00f5es entre 2024 e 2040.<\/p><p>Produtos como carne su\u00edna, aves, \u00f3leos e gorduras vegetais podem ser os principais ganhadores, enquanto no caf\u00e9 o pa\u00eds espera expandir a venda de gr\u00e3os verdes para o envio de produtos de valor agregado, como o caf\u00e9 instant\u00e2neo.<\/p><p>Embora exista a possibilidade de um acordo para reduzir as tarifas e facilitar o acesso dos produtos brasileiros ao bloco, a na\u00e7\u00e3o sul-americana tamb\u00e9m ter\u00e1 que trabalhar para atender \u00e0s crescentes exig\u00eancias ambientais da Europa. Novas regras antidesmatamento na Europa t\u00eam o potencial de afetar cerca de dois ter\u00e7os das exporta\u00e7\u00f5es agr\u00edcolas do Brasil para a Europa, disse Sueme Mori Andrade, diretora de Rela\u00e7\u00f5es Internacionais da Confedera\u00e7\u00e3o da Agricultura e Pecu\u00e1ria do Brasil.<\/p>\n","protected":false},"excerpt":{"rendered":"<p>Depois de mais de duas d\u00e9cadas de negocia\u00e7\u00f5es, o acordo \u00e9 uma chance para a UE e a uni\u00e3o alfandeg\u00e1ria sul-americana<\/p>\n","protected":false},"author":76,"featured_media":636591,"comment_status":"closed","ping_status":"closed","sticky":false,"template":"","format":"standard","meta":{"_acf_changed":false,"inline_featured_image":false,"footnotes":""},"categories":[5],"tags":[2249,504],"autor-wsj":[],"coauthors":[101325],"class_list":["post-636547","post","type-post","status-publish","format-standard","has-post-thumbnail","hentry","category-economia","tag-mercosul","tag-uniao-europeia"],"acf":[],"amp_enabled":true,"_links":{"self":[{"href":"https:\/\/investnews.com.br\/inv-api\/wp\/v2\/posts\/636547","targetHints":{"allow":["GET"]}}],"collection":[{"href":"https:\/\/investnews.com.br\/inv-api\/wp\/v2\/posts"}],"about":[{"href":"https:\/\/investnews.com.br\/inv-api\/wp\/v2\/types\/post"}],"author":[{"embeddable":true,"href":"https:\/\/investnews.com.br\/inv-api\/wp\/v2\/users\/76"}],"replies":[{"embeddable":true,"href":"https:\/\/investnews.com.br\/inv-api\/wp\/v2\/comments?post=636547"}],"version-history":[{"count":16,"href":"https:\/\/investnews.com.br\/inv-api\/wp\/v2\/posts\/636547\/revisions"}],"predecessor-version":[{"id":702191,"href":"https:\/\/investnews.com.br\/inv-api\/wp\/v2\/posts\/636547\/revisions\/702191"}],"wp:featuredmedia":[{"embeddable":true,"href":"https:\/\/investnews.com.br\/inv-api\/wp\/v2\/media\/636591"}],"wp:attachment":[{"href":"https:\/\/investnews.com.br\/inv-api\/wp\/v2\/media?parent=636547"}],"wp:term":[{"taxonomy":"category","embeddable":true,"href":"https:\/\/investnews.com.br\/inv-api\/wp\/v2\/categories?post=636547"},{"taxonomy":"post_tag","embeddable":true,"href":"https:\/\/investnews.com.br\/inv-api\/wp\/v2\/tags?post=636547"},{"taxonomy":"autor-wsj","embeddable":true,"href":"https:\/\/investnews.com.br\/inv-api\/wp\/v2\/autor-wsj?post=636547"},{"taxonomy":"author","embeddable":true,"href":"https:\/\/investnews.com.br\/inv-api\/wp\/v2\/coauthors?post=636547"}],"curies":[{"name":"wp","href":"https:\/\/api.w.org\/{rel}","templated":true}]}}