{"id":637508,"date":"2024-12-10T09:44:52","date_gmt":"2024-12-10T12:44:52","guid":{"rendered":"https:\/\/investnews.com.br\/?p=637508"},"modified":"2025-01-09T12:09:28","modified_gmt":"2025-01-09T15:09:28","slug":"cafe-atinge-recorde-com-problemas-na-safra-do-brasil-aumentando-a-crise","status":"publish","type":"post","link":"https:\/\/investnews.com.br\/negocios\/cafe-atinge-recorde-com-problemas-na-safra-do-brasil-aumentando-a-crise\/","title":{"rendered":"Caf\u00e9 atinge recorde, com problemas na safra do Brasil aumentando a crise"},"content":{"rendered":"\n<p>O caf\u00e9 atingiu um recorde de alta em Nova York, com as crescentes preocupa\u00e7\u00f5es sobre a escassez de oferta global que o tornaram uma das <a href=\"https:\/\/investnews.com.br\/guias\/commodities-o-que-sao\/\">commodities<\/a> mais quentes do ano.<\/p>\n\n\n\n<p>Os contratos futuros da variedade ar\u00e1bica, favorecida em cervejas especiais, subiram mais de 80% este ano em meio a reveses nas safras dos principais produtores, amea\u00e7ando apertar ainda mais o bolso dos consumidores. Eles subiram at\u00e9 4,9% na ter\u00e7a-feira (10), atingindo o maior valor desde 1972 e eclipsando um pico estabelecido naquela d\u00e9cada, quando uma desastrosa &#8220;geada negra&#8221; dizimou as \u00e1rvores brasileiras.<\/p>\n\n\n\n<p>Os temores agora aumentaram em rela\u00e7\u00e3o aos suprimentos futuros no Brasil, o maior produtor, ap\u00f3s um longo per\u00edodo de seca no in\u00edcio deste ano. Isso se soma \u00e0s preocupa\u00e7\u00f5es com a produ\u00e7\u00e3o no Vietn\u00e3 &#8211; o maior produtor do gr\u00e3o robusta, mais barato &#8211; depois que seu principal cintur\u00e3o cafeeiro sofreu com a seca durante o per\u00edodo de crescimento e chuvas fortes chegaram no in\u00edcio da colheita.<\/p>\n\n\n\n<p>A grande trader Volcafe Ltd. reduziu sua perspectiva para a produ\u00e7\u00e3o de ar\u00e1bica do Brasil depois que uma visita \u00e0 lavoura revelou a gravidade de uma seca prolongada. O Brasil deve produzir apenas 34,4 milh\u00f5es de sacas de ar\u00e1bica na pr\u00f3xima temporada, uma queda de cerca de 11 milh\u00f5es de sacas em rela\u00e7\u00e3o \u00e0 estimativa de setembro, de acordo com uma apresenta\u00e7\u00e3o vista pela Bloomberg News.<\/p>\n\n\n\n<p>Isso coloca a produ\u00e7\u00e3o global de caf\u00e9 no caminho certo para ficar aqu\u00e9m da demanda em 8,5 milh\u00f5es de sacas na temporada 2025-26, marcando um quinto ano de d\u00e9ficits sem precedentes, segundo a apresenta\u00e7\u00e3o.<\/p>\n\n\n\n<p>\u201cAs preocupa\u00e7\u00f5es com a safra brasileira de ar\u00e1bica de 2025-26 aumentaram esta semana\u201d, disse Steve Pollard, analista do Marex Group. \u201cAs recentes safras apontam para uma produ\u00e7\u00e3o em torno de 30 milh\u00f5es de sacas\u201d, o que resultaria em outro d\u00e9ficit de oferta, acrescentou.<\/p>\n\n\n\n<p><strong>LEIA MAIS<\/strong>: <a href=\"https:\/\/investnews.com.br\/negocios\/por-que-a-alta-do-preco-do-cafe-virou-um-problema-para-os-produtores\/\">Por que a alta do caf\u00e9 virou um problema para os produtores brasileiros<\/a><\/p>\n\n\n\n<p>A alta corre o risco de aumentar ainda mais os custos para as torrefadoras e cafeterias, que podem ter que repass\u00e1-los aos consumidores. Diante do aperto, os vendedores j\u00e1 aumentaram os pre\u00e7os e eliminaram os descontos para proteger suas margens. A gigante do caf\u00e9 Nestl\u00e9 SA disse em novembro que aumentar\u00e1 os pre\u00e7os e reduzir\u00e1 as embalagens para atenuar o impacto dos gr\u00e3os mais caros.<\/p>\n\n\n\n<p>Os contratos futuros do caf\u00e9 ar\u00e1bica subiram 4,4%, a US$ 3,446 por libra-peso em Nova York. Os pre\u00e7os superaram o recorde hist\u00f3rico anterior, estabelecido em 1977, quando o mercado foi abalado pela geada devastadora de 1975 no Brasil, que afetou as safras futuras.<\/p>\n\n\n\n<p>\u201cNo momento, estamos passando por uma forte fase fundamental no mercado de caf\u00e9, que esperamos que sustente os n\u00edveis elevados de pre\u00e7os\u201d, disse Viktoria Kuszak, pesquisadora associada da Sucden Financial.<\/p>\n\n\n\n<p>Outras partes da cadeia do caf\u00e9 tamb\u00e9m est\u00e3o sentindo a press\u00e3o da alta dos pre\u00e7os. Quando os pre\u00e7os sobem, os corretores exigem que os produtores e exportadores coloquem mais dinheiro na forma de dep\u00f3sitos de margem para cobrir poss\u00edveis perdas &#8211; tornando mais caro fazer hedge usando o mercado de futuros.<\/p>\n\n\n\n<p>E alguns traders que venderam futuros s\u00e3o for\u00e7ados a compr\u00e1-los de volta para se afastar do mercado, elevando ainda mais os pre\u00e7os em um ciclo vicioso.<\/p>\n\n\n\n<p>A alta do caf\u00e9 elevou o \u00edndice de for\u00e7a relativa de 14 dias do caf\u00e9 ar\u00e1bica acima de 70, o que pode sugerir que o mercado est\u00e1 sobrecomprado. O movimento de alta tamb\u00e9m foi acompanhado por maiores oscila\u00e7\u00f5es de pre\u00e7os, com uma medida de <a href=\"https:\/\/investnews.com.br\/guias\/volatilidade-o-que-e\/\">volatilidade<\/a> de 60 dias atingindo o maior valor desde julho.<\/p>\n\n\n\n<p><strong>LEIA MAIS<\/strong>: <a href=\"https:\/\/investnews.com.br\/negocios\/justica-decide-contra-exportadores-de-cafe-em-crise-por-conta-da-valorizacao\/\">Justi\u00e7a decide contra exportadores de caf\u00e9, em crise por conta da valoriza\u00e7\u00e3o da commodity<\/a><\/p>\n\n\n\n<p>Os pre\u00e7os recordes do caf\u00e9 contrastam com os custos mais amplos de alimentos no atacado, que est\u00e3o bem abaixo de um recorde hist\u00f3rico estabelecido no in\u00edcio de 2022, ap\u00f3s a invas\u00e3o da Ucr\u00e2nia pela R\u00fassia. Ainda assim, as chamadas soft commodities s\u00e3o respons\u00e1veis por algumas das mat\u00e9rias-primas com melhor desempenho do ano.<\/p>\n\n\n\n<p>O cacau disparou &#8211; atingindo um recorde em abril em Nova York &#8211; depois que as colheitas ruins na \u00c1frica Ocidental alimentaram uma enorme escassez global e abalaram o mercado. Os futuros do suco de laranja tamb\u00e9m est\u00e3o pr\u00f3ximos do maior valor de todos os tempos, depois que secas e doen\u00e7as atingiram as \u00e1rvores do Brasil, o maior produtor. A produ\u00e7\u00e3o na Fl\u00f3rida, o principal estado produtor de suco dos EUA, tamb\u00e9m despencou, e os pre\u00e7os tamb\u00e9m foram sustentados pelos danos causados pelos furac\u00f5es.<\/p>\n","protected":false},"excerpt":{"rendered":"<p>Valor \u00e9 o maior desde 1972 quando uma &#8216;geada negra&#8217; dizimou \u00e1rvores de caf\u00e9 brasileiras<\/p>\n","protected":false},"author":76,"featured_media":611627,"comment_status":"closed","ping_status":"closed","sticky":false,"template":"","format":"standard","meta":{"_acf_changed":false,"inline_featured_image":false,"footnotes":""},"categories":[6],"tags":[],"autor-wsj":[],"coauthors":[101325],"class_list":["post-637508","post","type-post","status-publish","format-standard","has-post-thumbnail","hentry","category-negocios"],"acf":[],"amp_enabled":true,"_links":{"self":[{"href":"https:\/\/investnews.com.br\/inv-api\/wp\/v2\/posts\/637508","targetHints":{"allow":["GET"]}}],"collection":[{"href":"https:\/\/investnews.com.br\/inv-api\/wp\/v2\/posts"}],"about":[{"href":"https:\/\/investnews.com.br\/inv-api\/wp\/v2\/types\/post"}],"author":[{"embeddable":true,"href":"https:\/\/investnews.com.br\/inv-api\/wp\/v2\/users\/76"}],"replies":[{"embeddable":true,"href":"https:\/\/investnews.com.br\/inv-api\/wp\/v2\/comments?post=637508"}],"version-history":[{"count":6,"href":"https:\/\/investnews.com.br\/inv-api\/wp\/v2\/posts\/637508\/revisions"}],"predecessor-version":[{"id":645498,"href":"https:\/\/investnews.com.br\/inv-api\/wp\/v2\/posts\/637508\/revisions\/645498"}],"wp:featuredmedia":[{"embeddable":true,"href":"https:\/\/investnews.com.br\/inv-api\/wp\/v2\/media\/611627"}],"wp:attachment":[{"href":"https:\/\/investnews.com.br\/inv-api\/wp\/v2\/media?parent=637508"}],"wp:term":[{"taxonomy":"category","embeddable":true,"href":"https:\/\/investnews.com.br\/inv-api\/wp\/v2\/categories?post=637508"},{"taxonomy":"post_tag","embeddable":true,"href":"https:\/\/investnews.com.br\/inv-api\/wp\/v2\/tags?post=637508"},{"taxonomy":"autor-wsj","embeddable":true,"href":"https:\/\/investnews.com.br\/inv-api\/wp\/v2\/autor-wsj?post=637508"},{"taxonomy":"author","embeddable":true,"href":"https:\/\/investnews.com.br\/inv-api\/wp\/v2\/coauthors?post=637508"}],"curies":[{"name":"wp","href":"https:\/\/api.w.org\/{rel}","templated":true}]}}