{"id":637757,"date":"2024-12-11T09:32:46","date_gmt":"2024-12-11T12:32:46","guid":{"rendered":"https:\/\/investnews.com.br\/?p=637757"},"modified":"2025-09-05T14:14:56","modified_gmt":"2025-09-05T17:14:56","slug":"contra-crise-das-montadoras-europeias-bmw-e-mercedes-substituem-executivos","status":"publish","type":"post","link":"https:\/\/investnews.com.br\/negocios\/contra-crise-das-montadoras-europeias-bmw-e-mercedes-substituem-executivos\/","title":{"rendered":"Contra crise das montadoras europeias, BMW e Mercedes substituem executivos"},"content":{"rendered":"<figure class=\"wp-block-image size-large\"><img loading=\"lazy\" decoding=\"async\" width=\"1024\" height=\"683\" src=\"https:\/\/media.investnews.com.br\/uploads\/2024\/12\/364662428-1024x683.jpg\" alt=\"Fileiras de carros novos em p\u00e1tio de porto, prontos para embarque em grande navio cargueiro.\" class=\"wp-image-637760\" srcset=\"https:\/\/media.investnews.com.br\/uploads\/2024\/12\/364662428-1024x683.jpg 1024w, https:\/\/media.investnews.com.br\/uploads\/2024\/12\/364662428-300x200.jpg 300w, https:\/\/media.investnews.com.br\/uploads\/2024\/12\/364662428-768x512.jpg 768w, https:\/\/media.investnews.com.br\/uploads\/2024\/12\/364662428-1536x1024.jpg 1536w, https:\/\/media.investnews.com.br\/uploads\/2024\/12\/364662428-2048x1366.jpg 2048w, https:\/\/media.investnews.com.br\/uploads\/2024\/12\/364662428-1256x837.jpg 1256w, https:\/\/media.investnews.com.br\/uploads\/2024\/12\/364662428-172x115.jpg 172w, https:\/\/media.investnews.com.br\/uploads\/2024\/12\/364662428-150x100.jpg 150w\" sizes=\"auto, (max-width: 1024px) 100vw, 1024px\" \/><figcaption class=\"wp-element-caption\">Os novos autom\u00f3veis da BMW e da Mercedes-Benz AG no cais do terminal BLG Logistics Group AG no Porto de Bremerhaven, em Bremerhaven, Alemanha. Foto: Alex Kraus\/Bloomberg<\/figcaption><\/figure><p>A BMW e a Mercedes-Benz est\u00e3o realizando trocas em suas equipes de lideran\u00e7a \u00e0 medida que enfrentam a intensifica\u00e7\u00e3o da concorr\u00eancia na China e a fraca demanda por ve\u00edculos el\u00e9tricos na Europa.<\/p><p>A Mercedes informou na quarta-feira (11) que seu chefe na China, Hubertus Troska, se aposentar\u00e1 em julho e ser\u00e1 substitu\u00eddo pelo chefe de estrat\u00e9gia de produtos, Oliver Th\u00f6ne. O fabricante do sed\u00e3 Classe S tem enfrentado dificuldades no mercado asi\u00e1tico devido a uma economia mais fraca e \u00e0 mudan\u00e7a de clientes para marcas locais lideradas pela BYD.<\/p><p>O ex-diretor financeiro da BMW, Nicolas Peter, deve substituir Norbert Reithofer como presidente do conselho de supervis\u00e3o no pr\u00f3ximo ano, informou a empresa na ter\u00e7a-feira (10), em um movimento destinado a garantir a continuidade da fabricante sediada em Munique, que enfrenta ventos contr\u00e1rios semelhantes.<\/p><p>As mudan\u00e7as na administra\u00e7\u00e3o refletem os grandes desafios que o setor automotivo alem\u00e3o enfrenta. As vendas no importante mercado chin\u00eas diminu\u00edram e a recupera\u00e7\u00e3o do mercado automotivo europeu tem sido lenta. Al\u00e9m disso, o setor mais importante da Alemanha enfrenta o risco de tarifas elevadas ap\u00f3s o retorno de Donald Trump \u00e0 Casa Branca.<\/p><p>A baixa demanda pelos modelos el\u00e9tricos da Mercedes est\u00e1 pesando sobre o avan\u00e7o da empresa no mercado, uma estrat\u00e9gia elaborada pelo CEO Ola K\u00e4llenius. Embora a BMW tenha tido mais sucesso na venda de ve\u00edculos el\u00e9tricos, ela foi atingida por um grande recall e, assim como sua concorrente, est\u00e1 sob press\u00e3o para reduzir as despesas devido aos altos custos de m\u00e3o de obra e energia da Alemanha. As a\u00e7\u00f5es da BMW e da Mercedes acumulam queda de 21% e 10% este ano, respectivamente.<\/p><p><strong>LEIA MAIS<\/strong>: <a href=\"https:\/\/investnews.com.br\/negocios\/chanceler-alemao-pede-a-volkswagen-que-nao-feche-fabricas\/\">Chanceler alem\u00e3o pede \u00e0 Volkswagen que n\u00e3o feche f\u00e1bricas<\/a><\/p><p>Os fabricantes de autom\u00f3veis na Europa come\u00e7aram a fazer cortes para se tornarem mais competitivos, com a Ford Motor disse que busca eliminar mais 4 mil posi\u00e7\u00f5es na regi\u00e3o e a Volkswagen considerando o fechamento de f\u00e1bricas sem precedentes na Alemanha.<\/p><p>Algumas das mudan\u00e7as executivas sugerem que o corte est\u00e1 em andamento. A chefe de pessoal da Mercedes, Sabine Kohleisen, deixar\u00e1 o cargo no final de abril, cerca de sete meses antes do planejado. Ela ser\u00e1 substitu\u00edda pela atual chefe de vendas e marketing, Britta Seeger, que tem experi\u00eancia em vendas on-line de autom\u00f3veis.<\/p><p>A montadora sediada em Stuttgart tamb\u00e9m contratar\u00e1 Olaf Schick, 52 anos, atualmente diretor financeiro da Continental. Schick continuar\u00e1 preparando a planejada cis\u00e3o da unidade automotiva da fabricante de pe\u00e7as alem\u00e3 at\u00e9 sua sa\u00edda em 30 de setembro. A Continental decidir\u00e1 sobre seu sucessor no devido tempo, disse na quarta-feira.<\/p><p>Schick, que trabalhou para a Mercedes no passado, se juntar\u00e1 ao conselho de administra\u00e7\u00e3o da montadora em outubro, respons\u00e1vel pela integridade, governan\u00e7a e sustentabilidade. Ele substituir\u00e1 Renata Jungo Br\u00fcngger, que est\u00e1 deixando a empresa a seu pr\u00f3prio pedido.<\/p>\n","protected":false},"excerpt":{"rendered":"<p>Outras montadoras europeias, como a Volkswagen e a opera\u00e7\u00e3o local da Ford, planejam mais cortes de funcion\u00e1rios<\/p>\n","protected":false},"author":76,"featured_media":637760,"comment_status":"closed","ping_status":"closed","sticky":false,"template":"","format":"standard","meta":{"_acf_changed":false,"inline_featured_image":false,"footnotes":""},"categories":[6],"tags":[802,110576,297,864,1032],"autor-wsj":[],"coauthors":[101325],"class_list":["post-637757","post","type-post","status-publish","format-standard","has-post-thumbnail","hentry","category-negocios","tag-automoveis","tag-bmw","tag-carros","tag-montadoras","tag-veiculos"],"acf":[],"amp_enabled":true,"_links":{"self":[{"href":"https:\/\/investnews.com.br\/inv-api\/wp\/v2\/posts\/637757","targetHints":{"allow":["GET"]}}],"collection":[{"href":"https:\/\/investnews.com.br\/inv-api\/wp\/v2\/posts"}],"about":[{"href":"https:\/\/investnews.com.br\/inv-api\/wp\/v2\/types\/post"}],"author":[{"embeddable":true,"href":"https:\/\/investnews.com.br\/inv-api\/wp\/v2\/users\/76"}],"replies":[{"embeddable":true,"href":"https:\/\/investnews.com.br\/inv-api\/wp\/v2\/comments?post=637757"}],"version-history":[{"count":3,"href":"https:\/\/investnews.com.br\/inv-api\/wp\/v2\/posts\/637757\/revisions"}],"predecessor-version":[{"id":702167,"href":"https:\/\/investnews.com.br\/inv-api\/wp\/v2\/posts\/637757\/revisions\/702167"}],"wp:featuredmedia":[{"embeddable":true,"href":"https:\/\/investnews.com.br\/inv-api\/wp\/v2\/media\/637760"}],"wp:attachment":[{"href":"https:\/\/investnews.com.br\/inv-api\/wp\/v2\/media?parent=637757"}],"wp:term":[{"taxonomy":"category","embeddable":true,"href":"https:\/\/investnews.com.br\/inv-api\/wp\/v2\/categories?post=637757"},{"taxonomy":"post_tag","embeddable":true,"href":"https:\/\/investnews.com.br\/inv-api\/wp\/v2\/tags?post=637757"},{"taxonomy":"autor-wsj","embeddable":true,"href":"https:\/\/investnews.com.br\/inv-api\/wp\/v2\/autor-wsj?post=637757"},{"taxonomy":"author","embeddable":true,"href":"https:\/\/investnews.com.br\/inv-api\/wp\/v2\/coauthors?post=637757"}],"curies":[{"name":"wp","href":"https:\/\/api.w.org\/{rel}","templated":true}]}}