{"id":639629,"date":"2024-12-18T09:35:18","date_gmt":"2024-12-18T12:35:18","guid":{"rendered":"https:\/\/investnews.com.br\/?p=639629"},"modified":"2025-08-08T15:59:29","modified_gmt":"2025-08-08T18:59:29","slug":"plano-de-reestruturacao-financeira-da-azul-traz-proposta-para-troca-de-dividas","status":"publish","type":"post","link":"https:\/\/investnews.com.br\/negocios\/plano-de-reestruturacao-financeira-da-azul-traz-proposta-para-troca-de-dividas\/","title":{"rendered":"Plano de reestrutura\u00e7\u00e3o financeira da Azul traz proposta para troca de d\u00edvidas"},"content":{"rendered":"<figure class=\"wp-block-image size-large\"><img decoding=\"async\" src=\"https:\/\/media.investnews.com.br\/uploads\/2023\/08\/2023-08-10T115005Z_1_LYNXMPEJ790HS_RTROPTP_4_AEREAS-AZUL-RESULTS-1024x708.jpg\" alt=\"Lateral de avi\u00e3o da AZUL Linhas A\u00e9reas em solo noturno. Um funcion\u00e1rio inspeciona a fuselagem com luz.\" class=\"wp-image-516863\"><figcaption class=\"wp-element-caption\">REUTERS\/Leonardo Benassatto<\/figcaption><\/figure><p>A Azul anunciou nesta quarta-feira (18) o lan\u00e7amento de ofertas de troca de d\u00edvida que fazem parte de um amplo plano de reestrutura\u00e7\u00e3o financeira da companhia a\u00e9rea cujos termos a empresa vem trabalhando nos \u00faltimos meses.<\/p><p>A companhia afirmou que, al\u00e9m das ofertas de troca de d\u00edvida com vencimentos em 2028, 2029 e 2030, segue pedindo aos credores a elimina\u00e7\u00e3o de termos &#8220;restritivos&#8221;, libera\u00e7\u00e3o de garantias e elimina\u00e7\u00e3o de eventos de inadimpl\u00eancia.<\/p><p>A empresa afirmou que a consuma\u00e7\u00e3o das trocas de d\u00edvida est\u00e1 condicionada ao envolvimento de pelo menos 66,67% do valor principal em aberto de cada s\u00e9rie dos t\u00edtulos existentes e pelo menos 95% do valor principal do que chamou de &#8220;notas 2L&#8221;, al\u00e9m da emiss\u00e3o das chamadas &#8220;notas superpriorit\u00e1rias&#8221;.<\/p><p><strong>LEIA MAIS<\/strong>: <a href=\"https:\/\/investnews.com.br\/negocios\/mesmo-endividada-azul-garante-espaco-na-carteira-dos-investidores-americanos\/\">Mesmo endividada, Azul garante espa\u00e7o na carteira dos investidores americanos<\/a><\/p><p>O prazo para participa\u00e7\u00e3o antecipada para as ofertas de troca \u00e9 7 de janeiro, afirmou a Azul, e o prazo final \u00e9 15 de janeiro.<\/p><p>As opera\u00e7\u00f5es preveem uma emiss\u00e3o de novas a\u00e7\u00f5es da Azul em tr\u00eas fases, com a companhia estimando que as primeiras ocorram at\u00e9 abril.<\/p>\n","protected":false},"excerpt":{"rendered":"<p>O prazo para participa\u00e7\u00e3o antecipada para as ofertas de troca \u00e9 7 de janeiro, afirmou a Azul, e o prazo final \u00e9 15 de janeiro<\/p>\n","protected":false},"author":61,"featured_media":516863,"comment_status":"closed","ping_status":"closed","sticky":false,"template":"","format":"standard","meta":{"_acf_changed":false,"inline_featured_image":false,"footnotes":""},"categories":[6],"tags":[792,154,1155],"autor-wsj":[],"coauthors":[2494],"class_list":["post-639629","post","type-post","status-publish","format-standard","has-post-thumbnail","hentry","category-negocios","tag-aviacao","tag-azul","tag-setor-aereo"],"acf":[],"amp_enabled":true,"_links":{"self":[{"href":"https:\/\/investnews.com.br\/inv-api\/wp\/v2\/posts\/639629","targetHints":{"allow":["GET"]}}],"collection":[{"href":"https:\/\/investnews.com.br\/inv-api\/wp\/v2\/posts"}],"about":[{"href":"https:\/\/investnews.com.br\/inv-api\/wp\/v2\/types\/post"}],"author":[{"embeddable":true,"href":"https:\/\/investnews.com.br\/inv-api\/wp\/v2\/users\/61"}],"replies":[{"embeddable":true,"href":"https:\/\/investnews.com.br\/inv-api\/wp\/v2\/comments?post=639629"}],"version-history":[{"count":3,"href":"https:\/\/investnews.com.br\/inv-api\/wp\/v2\/posts\/639629\/revisions"}],"predecessor-version":[{"id":702126,"href":"https:\/\/investnews.com.br\/inv-api\/wp\/v2\/posts\/639629\/revisions\/702126"}],"wp:featuredmedia":[{"embeddable":true,"href":"https:\/\/investnews.com.br\/inv-api\/wp\/v2\/media\/516863"}],"wp:attachment":[{"href":"https:\/\/investnews.com.br\/inv-api\/wp\/v2\/media?parent=639629"}],"wp:term":[{"taxonomy":"category","embeddable":true,"href":"https:\/\/investnews.com.br\/inv-api\/wp\/v2\/categories?post=639629"},{"taxonomy":"post_tag","embeddable":true,"href":"https:\/\/investnews.com.br\/inv-api\/wp\/v2\/tags?post=639629"},{"taxonomy":"autor-wsj","embeddable":true,"href":"https:\/\/investnews.com.br\/inv-api\/wp\/v2\/autor-wsj?post=639629"},{"taxonomy":"author","embeddable":true,"href":"https:\/\/investnews.com.br\/inv-api\/wp\/v2\/coauthors?post=639629"}],"curies":[{"name":"wp","href":"https:\/\/api.w.org\/{rel}","templated":true}]}}