{"id":640106,"date":"2024-12-19T13:55:53","date_gmt":"2024-12-19T16:55:53","guid":{"rendered":"https:\/\/investnews.com.br\/?p=640106"},"modified":"2025-10-23T09:32:23","modified_gmt":"2025-10-23T12:32:23","slug":"barra-e-alta-para-bc-mudar-orientacao-para-juros-diz-galipolo","status":"publish","type":"post","link":"https:\/\/investnews.com.br\/economia\/barra-e-alta-para-bc-mudar-orientacao-para-juros-diz-galipolo\/","title":{"rendered":"&#8216;Barra \u00e9 alta&#8217; para BC mudar orienta\u00e7\u00e3o para juros, diz Gal\u00edpolo"},"content":{"rendered":"\n<p>A opini\u00e3o dos diretores indicados pelo presidente Luiz In\u00e1cio Lula da Silva teve peso maior na decis\u00e3o do Banco Central deste m\u00eas para os juros b\u00e1sicos, disseram o presidente da autarquia, Roberto Campos Neto, e o diretor de Pol\u00edtica Monet\u00e1ria, Gabriel Gal\u00edpolo.<\/p>\n\n\n\n<p>Em entrevista coletiva nesta quinta-feira, Gal\u00edpolo ainda apontou que a &#8220;barra \u00e9 alta&#8221; para que o BC mude a orienta\u00e7\u00e3o futura para a pol\u00edtica monet\u00e1ria, que aponta para mais duas altas de 1 ponto percentual na Selic no in\u00edcio de 2025.<\/p>\n\n\n\n<p>&#8220;O Roberto foi muito claro em dizer que entendia que nessa reuni\u00e3o (do <a href=\"https:\/\/investnews.com.br\/guias\/copom-taxa-selic\/\">Copom<\/a>) era para se deixar a responsabilidade comigo&#8230; Essa foi uma decis\u00e3o tomada j\u00e1 no processo de transi\u00e7\u00e3o, com o Roberto permitindo que a gente estivesse \u00e0 frente dessa reuni\u00e3o&#8221;, disse.<\/p>\n\n\n\n<p><strong>LEIA MAIS: <\/strong><a href=\"https:\/\/investnews.com.br\/economia\/panico-cambial-corre-solto-no-brasil-diante-da-impotencia-de-auxiliares-de-lula\/\">P\u00e2nico cambial corre solto no Brasil diante da impot\u00eancia de auxiliares de Lula<\/a><\/p>\n\n\n\n<p>O Copom surpreendeu na semana passada ao acelerar o ritmo de aperto nos juros, elevando a Selic em 1 ponto, a 12,25% ao ano, prevendo mais duas altas da mesma magnitude, ap\u00f3s citar risco de piora da din\u00e2mica inflacion\u00e1ria a partir do an\u00fancio de medidas fiscais do governo.<\/p>\n\n\n\n<p>&#8220;Voc\u00eas sabem que eu sou bem apegado a \u2018guidance\u2019, ent\u00e3o, eu acho que a barra \u00e9 alta para a gente fazer qualquer tipo de mudan\u00e7a no \u2018guidance\u2019&#8221;, afirmou Gal\u00edpolo, que assume o comando do BC interinamente a partir desta semana, durante as f\u00e9rias de Campos Neto, antes de tomar posse definitivamente em janeiro.<\/p>\n\n\n\n<p>A declara\u00e7\u00e3o de que a decis\u00e3o dura foi tomada com peso maior dos quatro diretores indicados por Lula ocorre em meio a d\u00favidas no mercado sobre a postura do BC quando a diretoria passar a ter maioria de apontados pelo governo, a partir de janeiro.<\/p>\n\n\n\n<p>Para Gal\u00edpolo, o BC foi &#8220;bastante corajoso&#8221; ao tomar a decis\u00e3o e deu passo claro em dire\u00e7\u00e3o de colocar juros em patamar restritivo com alguma seguran\u00e7a, mostrando comprometimento com a <a href=\"https:\/\/investnews.com.br\/guias\/meta-de-inflacao\/\">meta de infla\u00e7\u00e3o<\/a>.<\/p>\n\n\n\n<p>Perguntado sobre uma eventual perda de pot\u00eancia da pol\u00edtica monet\u00e1ria em meio a uma eleva\u00e7\u00e3o de juros futuros e disparada do c\u00e2mbio mesmo ap\u00f3s decis\u00e3o dura do BC, ele afirmou que a autoridade monet\u00e1ria tem todas as ferramentas para atingir o alvo para a infla\u00e7\u00e3o.<\/p>\n\n\n\n<p>Na entrevista, Gal\u00edpolo disse que conversou com Lula ap\u00f3s a decis\u00e3o do Copom, de quem afirmou receber total autonomia, relatando ter visto nele uma clareza sobre como a infla\u00e7\u00e3o \u00e9 ruim para a popula\u00e7\u00e3o e sobre confian\u00e7a de que o BC far\u00e1 o trabalho necess\u00e1rio para atingir a meta.<\/p>\n\n\n\n<p>Ele ponderou que n\u00e3o informa ao presidente o que o Banco Central far\u00e1 \u00e0 frente.<\/p>\n","protected":false},"excerpt":{"rendered":"<p>BC indicou, na \u00faltima reuni\u00e3o do Copom, que deve fazer mais duas altas da Selic<\/p>\n","protected":false},"author":61,"featured_media":620842,"comment_status":"closed","ping_status":"closed","sticky":false,"template":"","format":"standard","meta":{"_acf_changed":false,"inline_featured_image":false,"footnotes":""},"categories":[5],"tags":[56,112843,354,51],"autor-wsj":[],"coauthors":[2494],"class_list":["post-640106","post","type-post","status-publish","format-standard","has-post-thumbnail","hentry","category-economia","tag-banco-central","tag-gabriel-galipolo","tag-juros","tag-selic"],"acf":[],"amp_enabled":true,"_links":{"self":[{"href":"https:\/\/investnews.com.br\/inv-api\/wp\/v2\/posts\/640106","targetHints":{"allow":["GET"]}}],"collection":[{"href":"https:\/\/investnews.com.br\/inv-api\/wp\/v2\/posts"}],"about":[{"href":"https:\/\/investnews.com.br\/inv-api\/wp\/v2\/types\/post"}],"author":[{"embeddable":true,"href":"https:\/\/investnews.com.br\/inv-api\/wp\/v2\/users\/61"}],"replies":[{"embeddable":true,"href":"https:\/\/investnews.com.br\/inv-api\/wp\/v2\/comments?post=640106"}],"version-history":[{"count":5,"href":"https:\/\/investnews.com.br\/inv-api\/wp\/v2\/posts\/640106\/revisions"}],"predecessor-version":[{"id":640158,"href":"https:\/\/investnews.com.br\/inv-api\/wp\/v2\/posts\/640106\/revisions\/640158"}],"wp:featuredmedia":[{"embeddable":true,"href":"https:\/\/investnews.com.br\/inv-api\/wp\/v2\/media\/620842"}],"wp:attachment":[{"href":"https:\/\/investnews.com.br\/inv-api\/wp\/v2\/media?parent=640106"}],"wp:term":[{"taxonomy":"category","embeddable":true,"href":"https:\/\/investnews.com.br\/inv-api\/wp\/v2\/categories?post=640106"},{"taxonomy":"post_tag","embeddable":true,"href":"https:\/\/investnews.com.br\/inv-api\/wp\/v2\/tags?post=640106"},{"taxonomy":"autor-wsj","embeddable":true,"href":"https:\/\/investnews.com.br\/inv-api\/wp\/v2\/autor-wsj?post=640106"},{"taxonomy":"author","embeddable":true,"href":"https:\/\/investnews.com.br\/inv-api\/wp\/v2\/coauthors?post=640106"}],"curies":[{"name":"wp","href":"https:\/\/api.w.org\/{rel}","templated":true}]}}