{"id":640230,"date":"2024-12-19T17:47:05","date_gmt":"2024-12-19T20:47:05","guid":{"rendered":"https:\/\/investnews.com.br\/?p=640230"},"modified":"2024-12-19T17:59:29","modified_gmt":"2024-12-19T20:59:29","slug":"dolar-reage-a-intervencao-bc-e-avanco-do-pacote-fiscal-no-congresso-queda-de-229","status":"publish","type":"post","link":"https:\/\/investnews.com.br\/economia\/dolar-reage-a-intervencao-bc-e-avanco-do-pacote-fiscal-no-congresso-queda-de-229\/","title":{"rendered":"D\u00f3lar reage \u00e0 interven\u00e7\u00e3o do BC e avan\u00e7o do pacote fiscal no Congresso: queda de 2,29%"},"content":{"rendered":"\n<figure class=\"wp-block-image size-large\"><img loading=\"lazy\" decoding=\"async\" width=\"1024\" height=\"575\" src=\"https:\/\/media.investnews.com.br\/uploads\/2024\/08\/IN_Ilustra_Queda_Dolar-1024x575.webp\" alt=\"Ilustra\u00e7\u00e3o representando queda no valor do d\u00f3lar\" class=\"wp-image-606647\" srcset=\"https:\/\/media.investnews.com.br\/uploads\/2024\/08\/IN_Ilustra_Queda_Dolar-1024x575.webp 1024w, https:\/\/media.investnews.com.br\/uploads\/2024\/08\/IN_Ilustra_Queda_Dolar-300x168.webp 300w, https:\/\/media.investnews.com.br\/uploads\/2024\/08\/IN_Ilustra_Queda_Dolar-768x431.webp 768w, https:\/\/media.investnews.com.br\/uploads\/2024\/08\/IN_Ilustra_Queda_Dolar-1536x862.webp 1536w, https:\/\/media.investnews.com.br\/uploads\/2024\/08\/IN_Ilustra_Queda_Dolar-2048x1150.webp 2048w, https:\/\/media.investnews.com.br\/uploads\/2024\/08\/IN_Ilustra_Queda_Dolar-1256x705.webp 1256w, https:\/\/media.investnews.com.br\/uploads\/2024\/08\/IN_Ilustra_Queda_Dolar-172x97.webp 172w, https:\/\/media.investnews.com.br\/uploads\/2024\/08\/IN_Ilustra_Queda_Dolar-150x84.webp 150w\" sizes=\"auto, (max-width: 1024px) 100vw, 1024px\" \/><figcaption class=\"wp-element-caption\">Ilustra\u00e7\u00e3o: Jo\u00e3o Brito<\/figcaption><\/figure>\n\n\n\n<p>O d\u00f3lar \u00e0 vista recuou mais de 2% nesta quinta-feira (19), caindo abaixo dos R$ 6,13, com o mercado reagindo positivamente a uma venda recorde da moeda norte-americana pelo Banco Central nesta manh\u00e3, a coment\u00e1rios do futuro presidente da autarquia, Gabriel Gal\u00edpolo, e ao avan\u00e7o do pacote fiscal no Congresso.<\/p>\n\n\n\n<p>Ap\u00f3s cinco preg\u00f5es consecutivos de alta, em que acumulou valoriza\u00e7\u00e3o de 5,2%, o d\u00f3lar \u00e0 vista encerrou o dia em baixa de 2,29%, cotado a R$ 6,1243, ainda o segundo maior valor nominal de fechamento da hist\u00f3ria.<\/p>\n\n\n\n<p>Na B3, \u00e0s 17h23, o contrato de <a href=\"https:\/\/investnews.com.br\/guias\/tipos-de-dolar\/\">d\u00f3lar futuro<\/a> de primeiro vencimento ca\u00eda 2,10%, a R$ 6,124 na venda.<\/p>\n\n\n\n<p>Na quarta-feira (18), o d\u00f3lar \u00e0 vista encerrou o dia em alta de 2,78%, cotado a R$ 6,2679 &#8212; maior valor nominal de fechamento da hist\u00f3ria.<\/p>\n\n\n\n<p>Logo ap\u00f3s a abertura, o BC vendeu US$ 3 bilh\u00f5es \u00e0 vista em um leil\u00e3o anunciado na v\u00e9spera. No entanto, assim como em opera\u00e7\u00f5es recentes, o leil\u00e3o teve efeito quase nulo nas negocia\u00e7\u00f5es, com a moeda norte-americana ainda demonstrando for\u00e7a e se mantendo em patamares hist\u00f3ricos.<\/p>\n\n\n\n<p>Ap\u00f3s o primeiro leil\u00e3o, o d\u00f3lar atingiu a m\u00e1xima da sess\u00e3o, a R$ 6,2995 (+0,50%), \u00e0s 10h11.<\/p>\n\n\n\n<p>Pouco mais de uma hora depois da primeira opera\u00e7\u00e3o, a autarquia vendeu mais US$ 5 bilh\u00f5es \u00e0 vista em um segundo leil\u00e3o anunciado minutos antes da venda. Foi o maior volume para uma \u00fanica opera\u00e7\u00e3o desde o in\u00edcio do regime de c\u00e2mbio flutuante, em 1999, o que finalmente forneceu al\u00edvio \u00e0 moeda brasileira.<\/p>\n\n\n\n<p>Com as opera\u00e7\u00f5es de hoje, o BC totaliza mais de US$ 20,75 bilh\u00f5es vendidos desde a quinta-feira (12) da semana passada, em uma s\u00e9rie de interven\u00e7\u00f5es no c\u00e2mbio que inclu\u00edram leil\u00f5es \u00e0 vista (US$ 13,75 bilh\u00f5es) e leil\u00f5es de linha (US$ 7 bilh\u00f5es, em opera\u00e7\u00f5es com compromisso de recompra).<\/p>\n\n\n\n<h2 class=\"wp-block-heading\">Sinaliza\u00e7\u00f5es positivas<\/h2>\n\n\n\n<p>Ap\u00f3s os leil\u00f5es desta manh\u00e3, o real ainda recebeu um impulso de falas de Gal\u00edpolo consideradas positivas por analistas, com o hoje diretor de Pol\u00edtica Monet\u00e1ria do BC enfatizando que a autoridade monet\u00e1ria tem ferramentas para atingir a <a href=\"https:\/\/investnews.com.br\/guias\/meta-de-inflacao\/\">meta de infla\u00e7\u00e3o<\/a> e rejeitando ideia de que o real esteja sofrendo um ataque especulativo.<\/p>\n\n\n\n<p>Falando na coletiva de imprensa do Relat\u00f3rio Trimestral de Infla\u00e7\u00e3o, Gal\u00edpolo ainda apontou que a mais recente decis\u00e3o do <a href=\"https:\/\/investnews.com.br\/guias\/copom-taxa-selic\/\">Copom<\/a>, que elevou a Selic em 1 ponto percentual e sinalizou mais duas altas da mesma magnitude, teve um peso maior dos indicados pelo presidente Luiz In\u00e1cio Lula da Silva.<\/p>\n\n\n\n<p>&#8220;Eu creditaria hoje essa invers\u00e3o \u00e0 atua\u00e7\u00e3o do BC. Entrou com m\u00e3o pesada hoje e retirou a press\u00e3o, ao menos a mais aguda. Impacto foi imediato, impactou frontalmente a liquidez e o resultado veio&#8221;, disse Fernando Bergallo, diretor de opera\u00e7\u00f5es da FB Capital.<\/p>\n\n\n\n<p>&#8220;E eu interpretei como positiva a fala do Gal\u00edpolo, sobre a preocupa\u00e7\u00e3o com a infla\u00e7\u00e3o principalmente. Este tipo de coisa geralmente passa uma mensagem positiva&#8221;, completou.<\/p>\n\n\n\n<p>Por tr\u00e1s da fraqueza recente do real est\u00e3o as preocupa\u00e7\u00f5es dos investidores com o cen\u00e1rio fiscal brasileiro, \u00e0 medida que o governo tenta avan\u00e7ar com suas medidas de conten\u00e7\u00e3o de gastos no Congresso, sendo essa a \u00faltima semana para aprov\u00e1-las antes do recesso de fim de ano.<\/p>\n\n\n\n<p>Ap\u00f3s um adiamento na v\u00e9spera, a C\u00e2mara dos Deputados aprovou, em primeiro turno, nesta quinta-feira (18) Proposta de Emenda \u00e0 Constitui\u00e7\u00e3o que restringe o acesso ao abono salarial, projeto que faz parte do pacote fiscal. O movimento da Casa reduziu um pouco os temores de agentes financeiros de que os projetos fiscais n\u00e3o sejam votados at\u00e9 o fim deste ano.<\/p>\n\n\n\n<p>&#8220;O que pegou mais cedo foi a lamban\u00e7a, n\u00e9. Era para ter acontecido a aprova\u00e7\u00e3o (da PEC) ontem \u00e0 noite. Mas o que eu acho \u00e9 que o mercado j\u00e1 precificou (anteriormente) o pior cen\u00e1rio. Acho que o d\u00f3lar s\u00f3 volta a decolar por motivos t\u00e9cnicos ou fluxo mesmo&#8221;, disse Bergallo.<\/p>\n\n\n\n<p>Na curva de juros brasileira, as taxas futuras reverteram as altas de mais cedo e recuaram, com quedas de mais de 60 pontos-base em alguns contratos, em preg\u00e3o que contou ainda com atua\u00e7\u00e3o do Tesouro Nacional na recompra de t\u00edtulos p\u00fablicos.<\/p>\n\n\n\n<p>No Relat\u00f3rio Trimestral de Infla\u00e7\u00e3o divulgado mais cedo, o BC piorou significativamente suas proje\u00e7\u00f5es para cumprimento da meta de infla\u00e7\u00e3o, estimando que a probabilidade de a infla\u00e7\u00e3o ultrapassar o limite superior do intervalo de toler\u00e2ncia da meta est\u00e1 perto de 100% neste ano, contra proje\u00e7\u00e3o anterior de 36%.<\/p>\n\n\n\n<p>O d\u00f3lar atingiu a m\u00ednima da sess\u00e3o durante a tarde, na esteira das not\u00edcias positivas sobre o fiscal, a R$ 6,1063 (queda de 2,58%), \u00e0s 15h43.<\/p>\n\n\n\n<p>No exterior, o cen\u00e1rio era favor\u00e1vel ao d\u00f3lar, com os mercados globais ainda reagindo \u00e0 decis\u00e3o do Federal Reserve na v\u00e9spera, em que os membros reduziram a taxa de juros em 0,25 ponto percentual, como previsto, mas sinalizaram um afrouxamento monet\u00e1rio menor do que o esperado anteriormente para o pr\u00f3ximo ano.<\/p>\n\n\n\n<p>A perspectiva de menos cortes pelo banco central dos Estados Unidos implica rendimentos mais altos para os Treasuries, o que torna o d\u00f3lar mais atrativo para investidores estrangeiros e gera fuga de capital em pa\u00edses emergentes.<\/p>\n\n\n\n<p>O \u00edndice do d\u00f3lar &#8212; que mede o desempenho da moeda norte-americana frente a uma cesta de seis divisas &#8212; subia 0,09%, a 108,360.<\/p>\n","protected":false},"excerpt":{"rendered":"<p>Ap\u00f3s o fechamento do preg\u00e3o, o Congresso aprovou, na vota\u00e7\u00e3o em 2\u00ba turno, a PEC do pacote fiscal<\/p>\n","protected":false},"author":61,"featured_media":606647,"comment_status":"closed","ping_status":"closed","sticky":false,"template":"","format":"standard","meta":{"_acf_changed":false,"inline_featured_image":false,"footnotes":""},"categories":[5],"tags":[1019,26],"autor-wsj":[],"coauthors":[2494],"class_list":["post-640230","post","type-post","status-publish","format-standard","has-post-thumbnail","hentry","category-economia","tag-ajuste-fiscal","tag-dolar"],"acf":[],"amp_enabled":true,"_links":{"self":[{"href":"https:\/\/investnews.com.br\/inv-api\/wp\/v2\/posts\/640230","targetHints":{"allow":["GET"]}}],"collection":[{"href":"https:\/\/investnews.com.br\/inv-api\/wp\/v2\/posts"}],"about":[{"href":"https:\/\/investnews.com.br\/inv-api\/wp\/v2\/types\/post"}],"author":[{"embeddable":true,"href":"https:\/\/investnews.com.br\/inv-api\/wp\/v2\/users\/61"}],"replies":[{"embeddable":true,"href":"https:\/\/investnews.com.br\/inv-api\/wp\/v2\/comments?post=640230"}],"version-history":[{"count":9,"href":"https:\/\/investnews.com.br\/inv-api\/wp\/v2\/posts\/640230\/revisions"}],"predecessor-version":[{"id":640246,"href":"https:\/\/investnews.com.br\/inv-api\/wp\/v2\/posts\/640230\/revisions\/640246"}],"wp:featuredmedia":[{"embeddable":true,"href":"https:\/\/investnews.com.br\/inv-api\/wp\/v2\/media\/606647"}],"wp:attachment":[{"href":"https:\/\/investnews.com.br\/inv-api\/wp\/v2\/media?parent=640230"}],"wp:term":[{"taxonomy":"category","embeddable":true,"href":"https:\/\/investnews.com.br\/inv-api\/wp\/v2\/categories?post=640230"},{"taxonomy":"post_tag","embeddable":true,"href":"https:\/\/investnews.com.br\/inv-api\/wp\/v2\/tags?post=640230"},{"taxonomy":"autor-wsj","embeddable":true,"href":"https:\/\/investnews.com.br\/inv-api\/wp\/v2\/autor-wsj?post=640230"},{"taxonomy":"author","embeddable":true,"href":"https:\/\/investnews.com.br\/inv-api\/wp\/v2\/coauthors?post=640230"}],"curies":[{"name":"wp","href":"https:\/\/api.w.org\/{rel}","templated":true}]}}