{"id":640458,"date":"2024-12-20T14:53:16","date_gmt":"2024-12-20T17:53:16","guid":{"rendered":"https:\/\/investnews.com.br\/?p=640458"},"modified":"2024-12-20T14:56:20","modified_gmt":"2024-12-20T17:56:20","slug":"grupo-mateus-faz-acordo-para-associacao-com-rede-de-atacarejo-no-nordeste","status":"publish","type":"post","link":"https:\/\/investnews.com.br\/negocios\/grupo-mateus-faz-acordo-para-associacao-com-rede-de-atacarejo-no-nordeste\/","title":{"rendered":"Grupo Mateus faz acordo para &#8216;associa\u00e7\u00e3o&#8217; com rede de atacarejo no Nordeste"},"content":{"rendered":"\n<figure class=\"wp-block-image size-large\"><img loading=\"lazy\" decoding=\"async\" width=\"1024\" height=\"576\" src=\"https:\/\/media.investnews.com.br\/uploads\/2024\/05\/Grupo_Mateus_2-1024x576.webp\" alt=\"Grupo Mateus\" class=\"wp-image-583002\" srcset=\"https:\/\/media.investnews.com.br\/uploads\/2024\/05\/Grupo_Mateus_2-1024x576.webp 1024w, https:\/\/media.investnews.com.br\/uploads\/2024\/05\/Grupo_Mateus_2-300x169.webp 300w, https:\/\/media.investnews.com.br\/uploads\/2024\/05\/Grupo_Mateus_2-768x432.webp 768w, https:\/\/media.investnews.com.br\/uploads\/2024\/05\/Grupo_Mateus_2-1256x707.webp 1256w, https:\/\/media.investnews.com.br\/uploads\/2024\/05\/Grupo_Mateus_2-172x97.webp 172w, https:\/\/media.investnews.com.br\/uploads\/2024\/05\/Grupo_Mateus_2-150x84.webp 150w, https:\/\/media.investnews.com.br\/uploads\/2024\/05\/Grupo_Mateus_2.webp 1280w\" sizes=\"auto, (max-width: 1024px) 100vw, 1024px\" \/><figcaption class=\"wp-element-caption\">Foto: Divulga\u00e7\u00e3o<\/figcaption><\/figure>\n\n\n\n<p>O grupo varejista Mateus anunciou nesta sexta-feira (20) acordo para uma &#8220;associa\u00e7\u00e3o&#8221; com a Novo Atacarejo, que possui 32 lojas em Pernambuco, em um neg\u00f3cio em que ficar\u00e1 com 51% de participa\u00e7\u00e3o da companhia combinada.<\/p>\n\n\n\n<p>O Mateus vai aportar no neg\u00f3cio seus ativos nos Estados de Pernambuco, Para\u00edba e Alagoas, al\u00e9m de fazer um aporte de R$ 378,5 milh\u00f5es na Novo Atacarejo. O neg\u00f3cio est\u00e1 sendo realizado por meio de subsidi\u00e1rias do grupo.<\/p>\n\n\n\n<p>Segundo a companhia, o aporte se dar\u00e1 em tr\u00eas parcelas iguais e anuais, com a primeira ocorrendo ap\u00f3s aprova\u00e7\u00e3o do neg\u00f3cio pelo Conselho Administrativo de Defesa Econ\u00f4mica (Cade).<\/p>\n\n\n\n<p>O Novo Atacarejo teve receita bruta de R$ 5,6 bilh\u00f5es nos 12 meses encerrados em setembro, afirmou o Grupo Mateus, citando que suas instala\u00e7\u00f5es nos tr\u00eas Estados abrangidos pelo neg\u00f3cio geraram faturamento de R$ 4,9 bilh\u00f5es.<\/p>\n\n\n\n<p><strong>LEIA MAIS<\/strong>: <a href=\"https:\/\/investnews.com.br\/negocios\/savegnago-orgulho-caipira-gestao-conservadora\/\">D\u00edvida \u2018quase zero\u2019 e orgulho caipira: a receita bilion\u00e1ria da Savegnago Supermercados<\/a><\/p>\n\n\n\n<p>&#8220;A companhia (Grupo Mateus) e o Novo Atacarejo possuem modelo de neg\u00f3cios e direcionamento estrat\u00e9gicos similares e contam com a contribui\u00e7\u00e3o de acionistas de refer\u00eancia com forte hist\u00f3rico no setor de varejo de alimentos do Brasil&#8221;, afirmou a companhia no fato relevante sobre o neg\u00f3cio.<\/p>\n\n\n\n<p>O novo acordo de acionistas que ser\u00e1 assinado entre os controladores do Mateus e a fam\u00edlia Assis, do Novo Atacarejo, prev\u00ea que empresa combinada ter\u00e1 um conselho de administra\u00e7\u00e3o com maioria de membros indicada pelas subsidi\u00e1rias do Mateus, incluindo o presidente do conselho de administra\u00e7\u00e3o.<\/p>\n\n\n\n<p>O presidente-executivo da nova empresa ser\u00e1 Daniel Luiz Guerra Costa, que atualmente preside o Novo Atacarejo. J\u00e1 o diretor financeiro ser\u00e1 indicado pelo Mateus.<\/p>\n\n\n\n<p>&#8220;Ap\u00f3s o fechamento da opera\u00e7\u00e3o, a sociedade resultante ser\u00e1 o ve\u00edculo exclusivo das partes para investimentos nos neg\u00f3cios de atacarejo, varejo e atacado de distribui\u00e7\u00e3o nos Estados de Pernambuco, Alagoas e Para\u00edba&#8221;, afirmou o Mateus.<\/p>\n","protected":false},"excerpt":{"rendered":"<p>O Mateus vai aportar no neg\u00f3cio seus ativos nos Estados de Pernambuco, Para\u00edba e Alagoas, al\u00e9m de fazer um aporte de R$ 378,5 milh\u00f5es na Novo Atacarejo<\/p>\n","protected":false},"author":61,"featured_media":583002,"comment_status":"closed","ping_status":"closed","sticky":false,"template":"","format":"standard","meta":{"_acf_changed":false,"inline_featured_image":false,"footnotes":""},"categories":[6],"tags":[897],"autor-wsj":[],"coauthors":[2494],"class_list":["post-640458","post","type-post","status-publish","format-standard","has-post-thumbnail","hentry","category-negocios","tag-supermercados"],"acf":[],"amp_enabled":true,"_links":{"self":[{"href":"https:\/\/investnews.com.br\/inv-api\/wp\/v2\/posts\/640458","targetHints":{"allow":["GET"]}}],"collection":[{"href":"https:\/\/investnews.com.br\/inv-api\/wp\/v2\/posts"}],"about":[{"href":"https:\/\/investnews.com.br\/inv-api\/wp\/v2\/types\/post"}],"author":[{"embeddable":true,"href":"https:\/\/investnews.com.br\/inv-api\/wp\/v2\/users\/61"}],"replies":[{"embeddable":true,"href":"https:\/\/investnews.com.br\/inv-api\/wp\/v2\/comments?post=640458"}],"version-history":[{"count":4,"href":"https:\/\/investnews.com.br\/inv-api\/wp\/v2\/posts\/640458\/revisions"}],"predecessor-version":[{"id":640467,"href":"https:\/\/investnews.com.br\/inv-api\/wp\/v2\/posts\/640458\/revisions\/640467"}],"wp:featuredmedia":[{"embeddable":true,"href":"https:\/\/investnews.com.br\/inv-api\/wp\/v2\/media\/583002"}],"wp:attachment":[{"href":"https:\/\/investnews.com.br\/inv-api\/wp\/v2\/media?parent=640458"}],"wp:term":[{"taxonomy":"category","embeddable":true,"href":"https:\/\/investnews.com.br\/inv-api\/wp\/v2\/categories?post=640458"},{"taxonomy":"post_tag","embeddable":true,"href":"https:\/\/investnews.com.br\/inv-api\/wp\/v2\/tags?post=640458"},{"taxonomy":"autor-wsj","embeddable":true,"href":"https:\/\/investnews.com.br\/inv-api\/wp\/v2\/autor-wsj?post=640458"},{"taxonomy":"author","embeddable":true,"href":"https:\/\/investnews.com.br\/inv-api\/wp\/v2\/coauthors?post=640458"}],"curies":[{"name":"wp","href":"https:\/\/api.w.org\/{rel}","templated":true}]}}