{"id":640516,"date":"2024-12-20T19:11:15","date_gmt":"2024-12-20T22:11:15","guid":{"rendered":"https:\/\/investnews.com.br\/?p=640516"},"modified":"2025-08-08T15:58:57","modified_gmt":"2025-08-08T18:58:57","slug":"volkswagen-fecha-acordo-com-sindicatos-para-cortar-35-mil-empregos-ate-2030","status":"publish","type":"post","link":"https:\/\/investnews.com.br\/negocios\/volkswagen-fecha-acordo-com-sindicatos-para-cortar-35-mil-empregos-ate-2030\/","title":{"rendered":"Volkswagen fecha acordo com sindicatos para cortar 35 mil empregos at\u00e9 2030"},"content":{"rendered":"<figure class=\"wp-block-image size-full\"><img loading=\"lazy\" decoding=\"async\" width=\"2560\" height=\"1707\" src=\"https:\/\/media.investnews.com.br\/uploads\/2024\/12\/greve_volkswagen.jpg\" alt='Multid\u00e3o em greve, com bandeiras vermelhas e arco-\u00edris, e um cartaz \"WARNSTREIK! Volkswagen Immobilien\".' class=\"wp-image-640594\" srcset=\"https:\/\/media.investnews.com.br\/uploads\/2024\/12\/greve_volkswagen.jpg 2560w, https:\/\/media.investnews.com.br\/uploads\/2024\/12\/greve_volkswagen-300x200.jpg 300w, https:\/\/media.investnews.com.br\/uploads\/2024\/12\/greve_volkswagen-1024x683.jpg 1024w, https:\/\/media.investnews.com.br\/uploads\/2024\/12\/greve_volkswagen-768x512.jpg 768w, https:\/\/media.investnews.com.br\/uploads\/2024\/12\/greve_volkswagen-1536x1024.jpg 1536w, https:\/\/media.investnews.com.br\/uploads\/2024\/12\/greve_volkswagen-2048x1365.jpg 2048w, https:\/\/media.investnews.com.br\/uploads\/2024\/12\/greve_volkswagen-1256x837.jpg 1256w, https:\/\/media.investnews.com.br\/uploads\/2024\/12\/greve_volkswagen-172x115.jpg 172w, https:\/\/media.investnews.com.br\/uploads\/2024\/12\/greve_volkswagen-150x100.jpg 150w\" sizes=\"auto, (max-width: 2560px) 100vw, 2560px\" \/><figcaption class=\"wp-element-caption\">Trabalhadores da VW em protesto organizado pelo sindicato IG Metall em Wolfsburg, na Alemanha, em dezembro. Foto: Martin Meissner\/Pool via Reuters<\/figcaption><\/figure><p>A Volkswagen anunciou nesta sexta-feira (20) que chegou a um acordo com sindicatos de trabalhadores na Alemanha para cortar mais de 35 mil postos de trabalho em suas unidades alem\u00e3s at\u00e9 2030. A medida ser\u00e1 tomada, segundo a montadora, de forma socialmente respons\u00e1vel, enquanto a empresa tenta alcan\u00e7ar 15 bilh\u00f5es de euros em ganhos de efici\u00eancia.<\/p><p>O acordo tamb\u00e9m prev\u00ea que a empresa vai cortar sua capacidade de produ\u00e7\u00e3o no pa\u00eds em mais de 700 mil ve\u00edculos, afirmou o presidente-executivo da marca, Thomas Schaefer, a jornalistas.<\/p><p><strong>LEIA MAIS:<\/strong> <a href=\"https:\/\/investnews.com.br\/negocios\/ceo-da-volkswagen-diz-que-custo-de-operar-na-alemanha-e-um-grande-obstaculo-de-competitividade\/\" target=\"_blank\" rel=\"noreferrer noopener\">Custo de operar na Alemanha impede competitividade, diz CEO da Volkswagen<\/a><\/p><figure class=\"wp-block-image size-full\"><img loading=\"lazy\" decoding=\"async\" width=\"2048\" height=\"1365\" src=\"https:\/\/media.investnews.com.br\/uploads\/2023\/05\/2023-05-15T103125Z_1_LYNXMPEJ4E0D0_RTROPTP_4_GERMANY-ECONOMY-INDUSTRIALOUTPUT.jpg\" alt=\"Trabalhador com m\u00e1scara e luvas montando interior de carro branco em linha de produ\u00e7\u00e3o automotiva.\" class=\"wp-image-479462\" srcset=\"https:\/\/media.investnews.com.br\/uploads\/2023\/05\/2023-05-15T103125Z_1_LYNXMPEJ4E0D0_RTROPTP_4_GERMANY-ECONOMY-INDUSTRIALOUTPUT.jpg 2048w, https:\/\/media.investnews.com.br\/uploads\/2023\/05\/2023-05-15T103125Z_1_LYNXMPEJ4E0D0_RTROPTP_4_GERMANY-ECONOMY-INDUSTRIALOUTPUT-300x200.jpg 300w, https:\/\/media.investnews.com.br\/uploads\/2023\/05\/2023-05-15T103125Z_1_LYNXMPEJ4E0D0_RTROPTP_4_GERMANY-ECONOMY-INDUSTRIALOUTPUT-1024x683.jpg 1024w, https:\/\/media.investnews.com.br\/uploads\/2023\/05\/2023-05-15T103125Z_1_LYNXMPEJ4E0D0_RTROPTP_4_GERMANY-ECONOMY-INDUSTRIALOUTPUT-768x512.jpg 768w, https:\/\/media.investnews.com.br\/uploads\/2023\/05\/2023-05-15T103125Z_1_LYNXMPEJ4E0D0_RTROPTP_4_GERMANY-ECONOMY-INDUSTRIALOUTPUT-1536x1024.jpg 1536w, https:\/\/media.investnews.com.br\/uploads\/2023\/05\/2023-05-15T103125Z_1_LYNXMPEJ4E0D0_RTROPTP_4_GERMANY-ECONOMY-INDUSTRIALOUTPUT-1256x837.jpg 1256w, https:\/\/media.investnews.com.br\/uploads\/2023\/05\/2023-05-15T103125Z_1_LYNXMPEJ4E0D0_RTROPTP_4_GERMANY-ECONOMY-INDUSTRIALOUTPUT-172x115.jpg 172w, https:\/\/media.investnews.com.br\/uploads\/2023\/05\/2023-05-15T103125Z_1_LYNXMPEJ4E0D0_RTROPTP_4_GERMANY-ECONOMY-INDUSTRIALOUTPUT-150x100.jpg 150w\" sizes=\"auto, (max-width: 2048px) 100vw, 2048px\" \/><figcaption class=\"wp-element-caption\">F\u00e1brica da Volkswagen em Wolfsburg, na Alemanha, em foto de 2020. Foto: Swen Pfoertner\/Pool via Reuters<\/figcaption><\/figure><h2 class=\"wp-block-heading\">Greve de trabalhadores<\/h2><p>A crise na Volkswagen foi escancarada no in\u00edcio de setembro, quando a empresa anunciou que estava considerando fechar f\u00e1bricas na Alemanha. Seria a <a href=\"https:\/\/investnews.com.br\/negocios\/volkswagen-considera-fechar-fabricas-na-alemanha-pela-1a-vez-na-historia\/\" target=\"_blank\" rel=\"noreferrer noopener\">primeira vez em 87 anos<\/a> de hist\u00f3ria que a montadora encerraria atividades de uma f\u00e1brica dentro do pa\u00eds.<\/p><p>A not\u00edcia trouxe \u00e0 tona um confronto com poderosos sindicatos alem\u00e3es. Entre outras medidas estudadas pela VW ao longo do ano estavam justamente as tentativas de encerrar um pacto de tr\u00eas d\u00e9cadas da empresa com os trabalhadores para manter os empregos.<\/p><p>Com a imin\u00eancia de as promessas se tornarem realidade, os trabalhadores de nove das dez f\u00e1bricas alem\u00e3 <a href=\"https:\/\/investnews.com.br\/negocios\/volkswagen-e-stellantis-sao-lideres-no-brasil-mas-vivem-crise-global-o-que-esta-em-jogo\/\" target=\"_blank\" rel=\"noreferrer noopener\">iniciaram uma greve em 2 de dezembro<\/a>. Desde ent\u00e3o, a Volkswagen tentava negociar um acordo para encerrar os protestos \u2014 e colocar em pr\u00e1tica seus planos de cortes de gastos.<\/p><p><strong>LEIA MAIS:<\/strong> <a href=\"https:\/\/investnews.com.br\/negocios\/volkswagen-e-stellantis-sao-lideres-no-brasil-mas-vivem-crise-global-o-que-esta-em-jogo\/\" target=\"_blank\" rel=\"noreferrer noopener\">Volkswagen e Stellantis, l\u00edderes no Brasil, vivem uma crise global. O que est\u00e1 em jogo?<\/a><\/p><figure class=\"wp-block-embed is-type-video is-provider-youtube wp-block-embed-youtube wp-embed-aspect-16-9 wp-has-aspect-ratio\"><div class=\"wp-block-embed__wrapper\">\n<iframe loading=\"lazy\" title=\"O futuro dos carros est\u00e1 sendo decidido no Brasil\" width=\"500\" height=\"281\" src=\"https:\/\/www.youtube.com\/embed\/Vz9VTx4YMXw?feature=oembed\" frameborder=\"0\" allow=\"accelerometer; autoplay; clipboard-write; encrypted-media; gyroscope; picture-in-picture; web-share\" referrerpolicy=\"strict-origin-when-cross-origin\" allowfullscreen><\/iframe>\n<\/div><\/figure>\n","protected":false},"excerpt":{"rendered":"<p>Medida se restringe aos trabalhadores na Alemanha, que entraram <\/p>\n","protected":false},"author":61,"featured_media":640594,"comment_status":"closed","ping_status":"closed","sticky":false,"template":"","format":"standard","meta":{"_acf_changed":false,"inline_featured_image":false,"footnotes":""},"categories":[6],"tags":[802,297,462,102288,579],"autor-wsj":[],"coauthors":[2494],"class_list":["post-640516","post","type-post","status-publish","format-standard","has-post-thumbnail","hentry","category-negocios","tag-automoveis","tag-carros","tag-industria","tag-reuters","tag-volkswagen"],"acf":[],"amp_enabled":true,"_links":{"self":[{"href":"https:\/\/investnews.com.br\/inv-api\/wp\/v2\/posts\/640516","targetHints":{"allow":["GET"]}}],"collection":[{"href":"https:\/\/investnews.com.br\/inv-api\/wp\/v2\/posts"}],"about":[{"href":"https:\/\/investnews.com.br\/inv-api\/wp\/v2\/types\/post"}],"author":[{"embeddable":true,"href":"https:\/\/investnews.com.br\/inv-api\/wp\/v2\/users\/61"}],"replies":[{"embeddable":true,"href":"https:\/\/investnews.com.br\/inv-api\/wp\/v2\/comments?post=640516"}],"version-history":[{"count":3,"href":"https:\/\/investnews.com.br\/inv-api\/wp\/v2\/posts\/640516\/revisions"}],"predecessor-version":[{"id":702097,"href":"https:\/\/investnews.com.br\/inv-api\/wp\/v2\/posts\/640516\/revisions\/702097"}],"wp:featuredmedia":[{"embeddable":true,"href":"https:\/\/investnews.com.br\/inv-api\/wp\/v2\/media\/640594"}],"wp:attachment":[{"href":"https:\/\/investnews.com.br\/inv-api\/wp\/v2\/media?parent=640516"}],"wp:term":[{"taxonomy":"category","embeddable":true,"href":"https:\/\/investnews.com.br\/inv-api\/wp\/v2\/categories?post=640516"},{"taxonomy":"post_tag","embeddable":true,"href":"https:\/\/investnews.com.br\/inv-api\/wp\/v2\/tags?post=640516"},{"taxonomy":"autor-wsj","embeddable":true,"href":"https:\/\/investnews.com.br\/inv-api\/wp\/v2\/autor-wsj?post=640516"},{"taxonomy":"author","embeddable":true,"href":"https:\/\/investnews.com.br\/inv-api\/wp\/v2\/coauthors?post=640516"}],"curies":[{"name":"wp","href":"https:\/\/api.w.org\/{rel}","templated":true}]}}