{"id":640558,"date":"2024-12-20T17:13:55","date_gmt":"2024-12-20T20:13:55","guid":{"rendered":"https:\/\/investnews.com.br\/?p=640558"},"modified":"2025-10-23T09:32:21","modified_gmt":"2025-10-23T12:32:21","slug":"sob-pressao-do-mercado-executivo-reforca-que-bc-tera-verdadeira-autonomia-sob-galipolo","status":"publish","type":"post","link":"https:\/\/investnews.com.br\/economia\/sob-pressao-do-mercado-executivo-reforca-que-bc-tera-verdadeira-autonomia-sob-galipolo\/","title":{"rendered":"Sob press\u00e3o do mercado, Executivo refor\u00e7a que BC ter\u00e1 &#8216;verdadeira autonomia&#8217; sob Gal\u00edpolo"},"content":{"rendered":"<figure class=\"wp-block-image size-large\"><img loading=\"lazy\" decoding=\"async\" width=\"1024\" height=\"683\" src=\"https:\/\/media.investnews.com.br\/uploads\/2024\/12\/2024-12-20T191126Z_1_LYNXMPEKBJ0QZ_RTROPTP_4_BRAZIL-INDIGENOUS-1024x683.jpg\" alt=\"Presidente Lula, com cabelo e barba brancos, fala ao microfone.\" class=\"wp-image-640560\" srcset=\"https:\/\/media.investnews.com.br\/uploads\/2024\/12\/2024-12-20T191126Z_1_LYNXMPEKBJ0QZ_RTROPTP_4_BRAZIL-INDIGENOUS-1024x683.jpg 1024w, https:\/\/media.investnews.com.br\/uploads\/2024\/12\/2024-12-20T191126Z_1_LYNXMPEKBJ0QZ_RTROPTP_4_BRAZIL-INDIGENOUS-300x200.jpg 300w, https:\/\/media.investnews.com.br\/uploads\/2024\/12\/2024-12-20T191126Z_1_LYNXMPEKBJ0QZ_RTROPTP_4_BRAZIL-INDIGENOUS-768x512.jpg 768w, https:\/\/media.investnews.com.br\/uploads\/2024\/12\/2024-12-20T191126Z_1_LYNXMPEKBJ0QZ_RTROPTP_4_BRAZIL-INDIGENOUS-1536x1024.jpg 1536w, https:\/\/media.investnews.com.br\/uploads\/2024\/12\/2024-12-20T191126Z_1_LYNXMPEKBJ0QZ_RTROPTP_4_BRAZIL-INDIGENOUS-2048x1366.jpg 2048w, https:\/\/media.investnews.com.br\/uploads\/2024\/12\/2024-12-20T191126Z_1_LYNXMPEKBJ0QZ_RTROPTP_4_BRAZIL-INDIGENOUS-1256x837.jpg 1256w, https:\/\/media.investnews.com.br\/uploads\/2024\/12\/2024-12-20T191126Z_1_LYNXMPEKBJ0QZ_RTROPTP_4_BRAZIL-INDIGENOUS-172x115.jpg 172w, https:\/\/media.investnews.com.br\/uploads\/2024\/12\/2024-12-20T191126Z_1_LYNXMPEKBJ0QZ_RTROPTP_4_BRAZIL-INDIGENOUS-150x100.jpg 150w\" sizes=\"auto, (max-width: 1024px) 100vw, 1024px\" \/><figcaption class=\"wp-element-caption\">Presidente Luiz In\u00e1cio Lula da Silva. Foto: Adriano Machado\/Reuters<\/figcaption><\/figure><p>O presidente Luiz In\u00e1cio Lula da Silva garantiu nesta sexta-feira (20) que n\u00e3o vai interferir no trabalho que Gabriel Gal\u00edpolo far\u00e1 na presid\u00eancia do Banco Central, e afirmou que seu governo segue atento para a eventual necessidade de novas medidas na \u00e1rea fiscal ap\u00f3s ter tomado medidas para proteger o arcabou\u00e7o.<\/p><p>Em v\u00eddeo publicado em sua conta no Instagram, ao lado de Gal\u00edpolo, do ministro da Fazenda, Fernando Haddad, e da ministra do Planejamento, Simone Tebet, Lula tamb\u00e9m afirmou estar &#8220;mais convicto do que nunca&#8221; da import\u00e2ncia da estabilidade econ\u00f4mica e do controle da infla\u00e7\u00e3o.<\/p><p>&#8220;Quero que voc\u00ea saiba, Gal\u00edpolo, que jamais haver\u00e1 qualquer interfer\u00eancia da Presid\u00eancia no trabalho do BC&#8221;, disse Lula no v\u00eddeo.<\/p><p><strong>LEIA MAIS<\/strong>: <a href=\"https:\/\/investnews.com.br\/economia\/bc-faz-oitava-intervencao-no-cambio-e-injeta-us-28-bilhoes-em-10-dias-no-mercado\/\">BC faz oitava interven\u00e7\u00e3o no c\u00e2mbio e injeta US$ 28 bilh\u00f5es em 10 dias no mercado<\/a><\/p><p>&#8220;Tenho certeza que pela tua qualidade profissional, pela tua experi\u00eancia de vida e pelo teu compromisso com povo brasileiro, voc\u00ea certamente vai dar uma li\u00e7\u00e3o de como se governa o BC com a verdadeira autonomia&#8221;, acrescentou Lula dirigindo-se a Gal\u00edpolo, que assume a presid\u00eancia do BC em 1\u00ba de janeiro, com o t\u00e9rmino do mandato de Roberto Campos Neto.<\/p><p>Gal\u00edpolo foi indicado por Lula para presidir o BC ap\u00f3s o termino de Campos Neto, que fora indicado ao cargo pelo ex-presidente Jair Bolsonaro e que foi alvo constante de cr\u00edticas e ataques de Lula.<\/p>\n","protected":false},"excerpt":{"rendered":"<p>Gal\u00edpolo foi indicado por Lula para presidir o BC ap\u00f3s o termino de Campos Neto, que fora indicado ao cargo pelo ex-presidente Jair Bolsonaro<\/p>\n","protected":false},"author":61,"featured_media":640560,"comment_status":"closed","ping_status":"closed","sticky":false,"template":"","format":"standard","meta":{"_acf_changed":false,"inline_featured_image":false,"footnotes":""},"categories":[5],"tags":[56,112843,2370,102468],"autor-wsj":[],"coauthors":[2494],"class_list":["post-640558","post","type-post","status-publish","format-standard","has-post-thumbnail","hentry","category-economia","tag-banco-central","tag-gabriel-galipolo","tag-luiz-inacio-lula-da-silva","tag-lula"],"acf":[],"amp_enabled":true,"_links":{"self":[{"href":"https:\/\/investnews.com.br\/inv-api\/wp\/v2\/posts\/640558","targetHints":{"allow":["GET"]}}],"collection":[{"href":"https:\/\/investnews.com.br\/inv-api\/wp\/v2\/posts"}],"about":[{"href":"https:\/\/investnews.com.br\/inv-api\/wp\/v2\/types\/post"}],"author":[{"embeddable":true,"href":"https:\/\/investnews.com.br\/inv-api\/wp\/v2\/users\/61"}],"replies":[{"embeddable":true,"href":"https:\/\/investnews.com.br\/inv-api\/wp\/v2\/comments?post=640558"}],"version-history":[{"count":8,"href":"https:\/\/investnews.com.br\/inv-api\/wp\/v2\/posts\/640558\/revisions"}],"predecessor-version":[{"id":702098,"href":"https:\/\/investnews.com.br\/inv-api\/wp\/v2\/posts\/640558\/revisions\/702098"}],"wp:featuredmedia":[{"embeddable":true,"href":"https:\/\/investnews.com.br\/inv-api\/wp\/v2\/media\/640560"}],"wp:attachment":[{"href":"https:\/\/investnews.com.br\/inv-api\/wp\/v2\/media?parent=640558"}],"wp:term":[{"taxonomy":"category","embeddable":true,"href":"https:\/\/investnews.com.br\/inv-api\/wp\/v2\/categories?post=640558"},{"taxonomy":"post_tag","embeddable":true,"href":"https:\/\/investnews.com.br\/inv-api\/wp\/v2\/tags?post=640558"},{"taxonomy":"autor-wsj","embeddable":true,"href":"https:\/\/investnews.com.br\/inv-api\/wp\/v2\/autor-wsj?post=640558"},{"taxonomy":"author","embeddable":true,"href":"https:\/\/investnews.com.br\/inv-api\/wp\/v2\/coauthors?post=640558"}],"curies":[{"name":"wp","href":"https:\/\/api.w.org\/{rel}","templated":true}]}}