{"id":640829,"date":"2024-12-23T16:40:00","date_gmt":"2024-12-23T19:40:00","guid":{"rendered":"https:\/\/investnews.com.br\/?p=640829"},"modified":"2024-12-24T10:12:46","modified_gmt":"2024-12-24T13:12:46","slug":"mpt-localiza-trabalhadores-em-condicoes-analogas-a-escravidao-em-obras-da-byd-na-ba","status":"publish","type":"post","link":"https:\/\/investnews.com.br\/economia\/mpt-localiza-trabalhadores-em-condicoes-analogas-a-escravidao-em-obras-da-byd-na-ba\/","title":{"rendered":"MPT alega irregularidades nas condi\u00e7\u00f5es de trabalho da BYD na Bahia"},"content":{"rendered":"\n<p>Cerca de 163 trabalhadores foram encontrados em condi\u00e7\u00f5es an\u00e1logas \u00e0 escravid\u00e3o em um canteiro de obras da montadora chinesa <a href=\"https:\/\/investnews.com.br\/wsj\/como-o-brasil-se-tornou-prioridade-para-a-byd-e-gwm-na-america-latina-e-no-mundo\/\">BYD em Cama\u00e7ari<\/a>, na Bahia, anunciou o Minist\u00e9rio P\u00fablico do Trabalho (MPT-BA) nesta segunda-feira (23).<\/p>\n\n\n\n<p>De acordo com o MPT, os trabalhadores eram submetidos a jornadas de longas horas, al\u00e9m do permitido pela legisla\u00e7\u00e3o brasileira, e estavam sendo mantidos em condi\u00e7\u00f5es degradantes em seus alojamentos.<\/p>\n\n\n\n<p>\u00c1reas de alimenta\u00e7\u00e3o, segundo a fiscaliza\u00e7\u00e3o do MPT, eram prec\u00e1rias. Em um caso grave, foram encontrados materiais de constru\u00e7\u00e3o civil pr\u00f3ximos aos alimentos, e alimentos armazenados pr\u00f3ximos a banheiros em condi\u00e7\u00f5es insalubres.<\/p>\n\n\n\n<p>Os trabalhadores consumiam \u00e1gua diretamente da torneira, sem tratamento, inclusive levando-a em garrafas para o local de trabalho.<\/p>\n\n\n\n<p>Uma audi\u00eancia virtual conjunta do MPT e do MTE (Minist\u00e9rio do Trabalho e Emprego) foi marcada para a pr\u00f3xima quinta-feira (26) para que a BYD e a Jinjang Group, uma das empreiteiras contratadas para realizar a obra, apresentarem as provid\u00eancias necess\u00e1rias para regularizar o que j\u00e1 foi detectado.<\/p>\n\n\n\n<p>Em nota, a BYD informou que decidiu encerrar o contrato com a empreiteira respons\u00e1vel pela obra e pelos trabalhadores. A montadora disse ainda que &#8220;estuda outras medidas cab\u00edveis&#8221; e que determinou a transfer\u00eancia dos 163 trabalhadores para hot\u00e9is da regi\u00e3o de Cama\u00e7ari.<\/p>\n","protected":false},"excerpt":{"rendered":"<p>Trabalhadores tinham longas jornadas e eram mantidos em alojamentos insalubres<\/p>\n","protected":false},"author":61,"featured_media":635412,"comment_status":"closed","ping_status":"closed","sticky":false,"template":"","format":"standard","meta":{"_acf_changed":false,"inline_featured_image":false,"footnotes":""},"categories":[5],"tags":[102288],"autor-wsj":[],"coauthors":[2494],"class_list":["post-640829","post","type-post","status-publish","format-standard","has-post-thumbnail","hentry","category-economia","tag-reuters"],"acf":[],"amp_enabled":true,"_links":{"self":[{"href":"https:\/\/investnews.com.br\/inv-api\/wp\/v2\/posts\/640829","targetHints":{"allow":["GET"]}}],"collection":[{"href":"https:\/\/investnews.com.br\/inv-api\/wp\/v2\/posts"}],"about":[{"href":"https:\/\/investnews.com.br\/inv-api\/wp\/v2\/types\/post"}],"author":[{"embeddable":true,"href":"https:\/\/investnews.com.br\/inv-api\/wp\/v2\/users\/61"}],"replies":[{"embeddable":true,"href":"https:\/\/investnews.com.br\/inv-api\/wp\/v2\/comments?post=640829"}],"version-history":[{"count":12,"href":"https:\/\/investnews.com.br\/inv-api\/wp\/v2\/posts\/640829\/revisions"}],"predecessor-version":[{"id":640945,"href":"https:\/\/investnews.com.br\/inv-api\/wp\/v2\/posts\/640829\/revisions\/640945"}],"wp:featuredmedia":[{"embeddable":true,"href":"https:\/\/investnews.com.br\/inv-api\/wp\/v2\/media\/635412"}],"wp:attachment":[{"href":"https:\/\/investnews.com.br\/inv-api\/wp\/v2\/media?parent=640829"}],"wp:term":[{"taxonomy":"category","embeddable":true,"href":"https:\/\/investnews.com.br\/inv-api\/wp\/v2\/categories?post=640829"},{"taxonomy":"post_tag","embeddable":true,"href":"https:\/\/investnews.com.br\/inv-api\/wp\/v2\/tags?post=640829"},{"taxonomy":"autor-wsj","embeddable":true,"href":"https:\/\/investnews.com.br\/inv-api\/wp\/v2\/autor-wsj?post=640829"},{"taxonomy":"author","embeddable":true,"href":"https:\/\/investnews.com.br\/inv-api\/wp\/v2\/coauthors?post=640829"}],"curies":[{"name":"wp","href":"https:\/\/api.w.org\/{rel}","templated":true}]}}