{"id":6417,"date":"2020-03-17T08:49:25","date_gmt":"2020-03-17T11:49:25","guid":{"rendered":"https:\/\/investnews.com.br\/?p=6417"},"modified":"2024-06-26T12:29:51","modified_gmt":"2024-06-26T15:29:51","slug":"medidas-do-governo-contra-o-coronavirus","status":"publish","type":"post","link":"https:\/\/investnews.com.br\/economia\/medidas-do-governo-contra-o-coronavirus\/","title":{"rendered":"Governo cria comit\u00ea de crise contra o novo coronav\u00edrus"},"content":{"rendered":"\n<p>O presidente <a href=\"https:\/\/investnews.com.br\/tag\/jair-bolsonaro\/\" class=\"rank-math-link\">Jair Bolsonaro<\/a> criou um comit\u00ea para supervis\u00e3o e monitoramento da crise provocada pela pandemia de <a href=\"https:\/\/investnews.com.br\/tag\/coronavirus\/\" class=\"rank-math-link\">coronav\u00edrus<\/a>, segundo decreto publicado em edi\u00e7\u00e3o extra do\u00a0<em>Di\u00e1rio Oficial da Uni\u00e3o\u00a0<\/em>nesta segunda-feira (16). <\/p>\n\n\n\n<p>S\u00e3o 234 pacientes confirmados para o novo coronav\u00edrus no Brasil, segundo atualiza\u00e7\u00e3o do <a href=\"https:\/\/investnews.com.br\/tag\/ministerio-da-saude\/\" class=\"rank-math-link\">Minist\u00e9rio da Sa\u00fade<\/a> feita nesta segunda-feira em sua plataforma de notifica\u00e7\u00e3o. No domingo (15), o governo contabilizava 200 casos confirmados. N\u00e3o h\u00e1 \u00f3bito no Brasil.<\/p>\n\n\n\n<p> A coordena\u00e7\u00e3o do grupo criado pelo presidente ficar\u00e1 a cargo do ministro-chefe da Casa Civil, general Walter Braga Netto, empossado em fevereiro. Caber\u00e1 ao comit\u00ea a articula\u00e7\u00e3o da a\u00e7\u00e3o governamental e o assessoramento ao presidente Bolsonaro sobre os desdobramentos da pandemia.  <\/p>\n\n\n\n<h2 class=\"wp-block-heading\">Minist\u00e9rio de Sa\u00fade<\/h2>\n\n\n\n<p>O ministro da Sa\u00fade, Luiz Henrique Mandetta, falou com jornalistas ap\u00f3s uma reuni\u00e3o no Supremo Tribunal Federal (<a href=\"https:\/\/investnews.com.br\/tag\/stf\/\" class=\"rank-math-link\">STF<\/a>) com os chefes do Legislativo e do Judici\u00e1rio para falar sobre as medidas de conten\u00e7\u00e3o do novo coronav\u00edrus no Brasil. <\/p>\n\n\n\n<p>Apesar da recomenda\u00e7\u00e3o da Orienta\u00e7\u00e3o Mundial da Sa\u00fade (<a href=\"https:\/\/investnews.com.br\/tag\/oms\/\" class=\"rank-math-link\">OMS<\/a>) para que os pa\u00edses ampliem os testes em pacientes com sintoma de coronav\u00edrus, o ministro avalia que \u00e9 mais assertivo investir em medidas de conten\u00e7\u00e3o da doen\u00e7a.<\/p>\n\n\n\n<p>&#8220;Estamos discutindo isso ainda. N\u00e3o estamos convencidos de que fazer a testagem de 100%&#8230; Mesmo porque voc\u00ea teria um gasto enorme e, talvez, o gasto n\u00e3o mais inteligente. Talvez o gasto mais inteligente seja de conten\u00e7\u00e3o e por nexo cl\u00ednico&#8221;, defendeu Mandetta.<\/p>\n\n\n\n<p>Segundo ele, ao identificar o quadro cl\u00ednico t\u00edpico da covid-19 n\u00e3o \u00e9 mais preciso fazer o exame em todos para constatar quem est\u00e1 com a doen\u00e7a.<\/p>\n\n\n\n<p>&#8220;\u00c9 igual falar assim, no come\u00e7o passa um bicho e eu n\u00e3o sei o que \u00e9, vou l\u00e1 e colho, fa\u00e7o um DNA e falo que \u00e9 um gato. Depois que passarem mil gatos, eu falo &#8216;ele tem corpo de gato, rabo de gato, faz miau e tem bigode&#8217;, eu presumo que \u00e9 um gato, posso dizer que passou um gato e n\u00e3o preciso de teste de DNA&#8221;, disse.<\/p>\n\n\n\n<h2 class=\"wp-block-heading\">Mais M\u00e9dicos<\/h2>\n\n\n\n<p>O governo avalia convocar estudantes da \u00e1rea de sa\u00fade e aposentados para atuar no surto de novo coronav\u00edrus. Segundo o secret\u00e1rio-executivo do Minist\u00e9rio da Sa\u00fade, Jo\u00e3o Gabbardo, a ideia \u00e9 que estudantes do \u00faltimo ano da gradua\u00e7\u00e3o possam atuar em atividades de apoio na assist\u00eancia \u00e0 sa\u00fade.<\/p>\n\n\n\n<p>&#8220;O que estamos fazendo \u00e9 tentando ter maior n\u00famero de profissionais, porque n\u00f3s vamos precisar. Vamos chamar tamb\u00e9m os j\u00e1 aposentados&#8221;, disse Gabbardo. Segundo o secret\u00e1rio, a partir de pandemias anteriores, o governo trabalha com porcentual de que at\u00e9 40% dos profissionais de sa\u00fade podem se afastar do servi\u00e7o durante o surto por infec\u00e7\u00e3o. &#8220;Mesmo com sintomas leves, esse profissionais t\u00eam de ser retirados da linha de frente&#8221;, disse.<\/p>\n\n\n\n<p>O governo tamb\u00e9m deve chamar m\u00e9dicos cubanos para enfrentar a doen\u00e7a apenas ap\u00f3s a sele\u00e7\u00e3o de brasileiros. A sele\u00e7\u00e3o depender\u00e1 da aprova\u00e7\u00e3o de documentos por uma an\u00e1lise que ser\u00e1 feita pelo Conselho Federal de Medicina (CFM).<br><\/p>\n\n\n\n<h2 class=\"wp-block-heading\">Minist\u00e9rio do Turismo<\/h2>\n\n\n\n<p>Diante da pandemia do novo coronav\u00edrus, o ministro do <a href=\"https:\/\/investnews.com.br\/tag\/turismo\/\" class=\"rank-math-link\">Turismo<\/a>, Marcelo \u00c1lvaro Ant\u00f4nio, pediu para as pessoas n\u00e3o cancelarem as viagens, apenas adiarem. Em v\u00eddeo publicado em seu perfil no Twitter nesta segunda-feira, o ministro afirmou que essa seria a contribui\u00e7\u00e3o da popula\u00e7\u00e3o para a redu\u00e7\u00e3o dos impactos da crise causada pela doen\u00e7a nas empresas do setor de turismo.<\/p>\n\n\n\n<p>&#8220;Vamos precisar da uni\u00e3o de todos. Da popula\u00e7\u00e3o brasileira, do setor privado e do governo federal para que possamos superar essa crise instaurada&#8221;, disse.<\/p>\n\n\n\n<p>O ministro afirmou que, desde que foram identificados os primeiros casos da doen\u00e7a no Pa\u00eds, o Conselho Nacional de Turismo (CNT) debate a\u00e7\u00f5es para mitigar os impactos no setor, e ainda que est\u00e1 em contato com os demais ministros para elabora\u00e7\u00e3o de um plano de a\u00e7\u00e3o em socorro ao setor de turismo.<\/p>\n\n\n\n<p><em>*Com Estad\u00e3o Conte\u00fado<\/em><\/p>\n","protected":false},"excerpt":{"rendered":"<p>O comit\u00ea de crise vai assessorar o presidente e auxiliar na coordena\u00e7\u00e3o dos minist\u00e9rios. <\/p>\n","protected":false},"author":17,"featured_media":2245,"comment_status":"open","ping_status":"open","sticky":false,"template":"","format":"standard","meta":{"_acf_changed":false,"inline_featured_image":false,"footnotes":""},"categories":[5],"tags":[404,234,418,83],"autor-wsj":[],"coauthors":[],"class_list":["post-6417","post","type-post","status-publish","format-standard","has-post-thumbnail","hentry","category-economia","tag-coronavirus","tag-jair-bolsonaro","tag-oms","tag-stf"],"acf":[],"amp_enabled":true,"_links":{"self":[{"href":"https:\/\/investnews.com.br\/inv-api\/wp\/v2\/posts\/6417","targetHints":{"allow":["GET"]}}],"collection":[{"href":"https:\/\/investnews.com.br\/inv-api\/wp\/v2\/posts"}],"about":[{"href":"https:\/\/investnews.com.br\/inv-api\/wp\/v2\/types\/post"}],"author":[{"embeddable":true,"href":"https:\/\/investnews.com.br\/inv-api\/wp\/v2\/users\/17"}],"replies":[{"embeddable":true,"href":"https:\/\/investnews.com.br\/inv-api\/wp\/v2\/comments?post=6417"}],"version-history":[{"count":3,"href":"https:\/\/investnews.com.br\/inv-api\/wp\/v2\/posts\/6417\/revisions"}],"predecessor-version":[{"id":6420,"href":"https:\/\/investnews.com.br\/inv-api\/wp\/v2\/posts\/6417\/revisions\/6420"}],"wp:featuredmedia":[{"embeddable":true,"href":"https:\/\/investnews.com.br\/inv-api\/wp\/v2\/media\/2245"}],"wp:attachment":[{"href":"https:\/\/investnews.com.br\/inv-api\/wp\/v2\/media?parent=6417"}],"wp:term":[{"taxonomy":"category","embeddable":true,"href":"https:\/\/investnews.com.br\/inv-api\/wp\/v2\/categories?post=6417"},{"taxonomy":"post_tag","embeddable":true,"href":"https:\/\/investnews.com.br\/inv-api\/wp\/v2\/tags?post=6417"},{"taxonomy":"autor-wsj","embeddable":true,"href":"https:\/\/investnews.com.br\/inv-api\/wp\/v2\/autor-wsj?post=6417"},{"taxonomy":"author","embeddable":true,"href":"https:\/\/investnews.com.br\/inv-api\/wp\/v2\/coauthors?post=6417"}],"curies":[{"name":"wp","href":"https:\/\/api.w.org\/{rel}","templated":true}]}}