{"id":641798,"date":"2024-12-30T10:38:53","date_gmt":"2024-12-30T13:38:53","guid":{"rendered":"https:\/\/investnews.com.br\/?p=641798"},"modified":"2024-12-30T10:38:55","modified_gmt":"2024-12-30T13:38:55","slug":"jimmy-carter-enfrentou-inflacao-recessao-e-crise-do-petroleo-como-presidente-dos-eua","status":"publish","type":"post","link":"https:\/\/investnews.com.br\/economia\/jimmy-carter-enfrentou-inflacao-recessao-e-crise-do-petroleo-como-presidente-dos-eua\/","title":{"rendered":"Jimmy Carter enfrentou infla\u00e7\u00e3o, recess\u00e3o e crise do petr\u00f3leo como presidente dos EUA"},"content":{"rendered":"\n<figure class=\"wp-block-image size-large\"><img loading=\"lazy\" decoding=\"async\" width=\"1024\" height=\"694\" src=\"https:\/\/media.investnews.com.br\/uploads\/2024\/12\/jimmy_carter_reuters-1024x694.webp\" alt=\"\" class=\"wp-image-641800\" srcset=\"https:\/\/media.investnews.com.br\/uploads\/2024\/12\/jimmy_carter_reuters-1024x694.webp 1024w, https:\/\/media.investnews.com.br\/uploads\/2024\/12\/jimmy_carter_reuters-300x203.webp 300w, https:\/\/media.investnews.com.br\/uploads\/2024\/12\/jimmy_carter_reuters-768x520.webp 768w, https:\/\/media.investnews.com.br\/uploads\/2024\/12\/jimmy_carter_reuters-1536x1041.webp 1536w, https:\/\/media.investnews.com.br\/uploads\/2024\/12\/jimmy_carter_reuters-2048x1387.webp 2048w, https:\/\/media.investnews.com.br\/uploads\/2024\/12\/jimmy_carter_reuters-1256x851.webp 1256w, https:\/\/media.investnews.com.br\/uploads\/2024\/12\/jimmy_carter_reuters-172x117.webp 172w, https:\/\/media.investnews.com.br\/uploads\/2024\/12\/jimmy_carter_reuters-150x102.webp 150w\" sizes=\"auto, (max-width: 1024px) 100vw, 1024px\" \/><figcaption class=\"wp-element-caption\">O ex-presidente dos Estados Unidos, Jimmy Carter, em foto de 2012. Foto: Amr Abdallah Dalsh\/Reuters<\/figcaption><\/figure>\n\n\n\n<p><strong>Jimmy Carter<\/strong>, um fazendeiro que como presidente dos <a href=\"https:\/\/investnews.com.br\/tag\/estados-unidos\/\" target=\"_blank\" data-type=\"URL\" data-id=\"https:\/\/investnews.com.br\/tag\/estados-unidos\/\" rel=\"noreferrer noopener\">Estados Unidos<\/a> enfrentou uma economia desfavor\u00e1vel e a crise dos ref\u00e9ns no Ir\u00e3.<\/p>\n\n\n\n<p>Carter intermediou a paz entre Israel e o Egito e recebeu o Pr\u00eamio Nobel da Paz por seu trabalho humanit\u00e1rio. Ele tamb\u00e9m projetou uma imagem de fraqueza quando determinou um boicote dos Estados Unidos \u00e0s Olimp\u00edadas de 1980 em Moscou para protestar contra a invas\u00e3o do Afeganist\u00e3o pela Uni\u00e3o Sovi\u00e9tica em 1979.<\/p>\n\n\n\n<p>Carter ainda lutou de maneira ineficaz com uma economia marcada por recess\u00e3o, infla\u00e7\u00e3o de dois d\u00edgitos e alta nos pre\u00e7os do petr\u00f3leo.<\/p>\n\n\n\n<p>O ex-presidente norte-americano  morreu em sua casa na Ge\u00f3rgia neste domingo (29), informou o Carter Center. Ele tinha 100 anos.<\/p>\n\n\n\n<p>\u201cMeu pai foi um her\u00f3i, n\u00e3o s\u00f3 para mim, mas para todos que acreditam na paz, nos direitos humanos e no amor altru\u00edsta\u201d, disse Chip Carter, filho do ex-presidente, em um comunicado. \u201cMeus irm\u00e3os, minha irm\u00e3 e eu o compartilhamos com o mundo por meio dessas cren\u00e7as comuns. O mundo \u00e9 nossa fam\u00edlia pela maneira como ele uniu as pessoas, e agradecemos por honrar sua mem\u00f3ria continuando a viver essas cren\u00e7as compartilhadas.\u201d<\/p>\n\n\n\n<p>Carter foi um democrata que serviu na Casa Branca de janeiro de 1977 a janeiro de 1981. Tendo vivido mais do que qualquer outro ex-presidente na hist\u00f3ria dos Estados Unidos, ele viu sua reputa\u00e7\u00e3o aumentar mais depois que deixou o cargo do que como presidente &#8212; uma situa\u00e7\u00e3o que ele mesmo reconheceu.<\/p>\n\n\n\n<p>Ele derrotou o ent\u00e3o presidente republicano Gerald Ford na elei\u00e7\u00e3o de 1976 para se tornar o 39\u00ba presidente dos Estados Unidos, mas perdeu de forma categ\u00f3rica para o republicano Ronald Reagan em 1980, ap\u00f3s um \u00fanico mandato considerado um fracasso.<\/p>\n\n\n\n<p>Carter deixou o cargo profundamente impopular, mas trabalhou vigorosamente por d\u00e9cadas em causas humanit\u00e1rias depois disso.<\/p>\n\n\n\n<h2 class=\"wp-block-heading\">Nobel da Paz<\/h2>\n\n\n\n<p>Ele recebeu o Pr\u00eamio Nobel da Paz em 2002 em reconhecimento ao seu &#8220;esfor\u00e7o incans\u00e1vel para encontrar solu\u00e7\u00f5es pac\u00edficas para conflitos internacionais, impulsionar a democracia e os direitos humanos e promover o desenvolvimento econ\u00f4mico e social&#8221;.<\/p>\n\n\n\n<p>Nos \u00faltimos anos, Carter teve v\u00e1rios problemas de sa\u00fade, incluindo melanoma que se espalhou para seu f\u00edgado e c\u00e9rebro. Carter decidiu receber cuidados paliativos em fevereiro de 2023 em vez de passar por interven\u00e7\u00e3o m\u00e9dica adicional. Sua esposa, Rosalynn Carter, morreu em 19 de novembro de 2023, aos 96 anos. Carter pareceu fr\u00e1gil quando compareceu ao funeral dela em uma cadeira de rodas.<\/p>\n\n\n\n<p>Carter, um ex-governador da Ge\u00f3rgia, chegou \u00e0 Casa Branca como um azar\u00e3o em Washington prometendo honestidade ap\u00f3s o esc\u00e2ndalo de corrup\u00e7\u00e3o pol\u00edtica de Watergate que for\u00e7ou o republicano Richard Nixon a renunciar em 1974, elevando seu vice-presidente, Gerald Ford, \u00e0 Presid\u00eancia.<\/p>\n\n\n\n<p>Em janeiro de 2022, Carter expressou preocupa\u00e7\u00e3o de que a &#8220;polariza\u00e7\u00e3o t\u00f3xica&#8221; amea\u00e7asse a democracia norte-americana ap\u00f3s a tumultuada Presid\u00eancia de Donald Trump, falsas alega\u00e7\u00f5es de que a elei\u00e7\u00e3o presidencial de 2020 foi &#8220;roubada&#8221; e o ataque ao Capit\u00f3lio dos EUA pelos apoiadores do republicano em janeiro de 2021. Carter morreu pouco antes de Trump retornar \u00e0 Presid\u00eancia dos EUA no m\u00eas que v\u00eam.<\/p>\n\n\n\n<p>&#8220;Nossa grande na\u00e7\u00e3o agora oscila \u00e0 beira de um abismo. Sem a\u00e7\u00e3o imediata, corremos o risco genu\u00edno de um conflito civil e de perder nossa preciosa democracia. Os americanos precisam deixar de lado as diferen\u00e7as e trabalhar juntos antes que seja tarde demais&#8221;, escreveu Carter em uma coluna de opini\u00e3o no New York Times naquele ano.<\/p>\n\n\n\n<h2 class=\"wp-block-heading\">Acordos de Camp David<\/h2>\n\n\n\n<p>Carter intermediou os Acordos de Camp David de 1978 que introduziram a paz entre os inimigos Israel e Egito, reunindo o ent\u00e3o primeiro-ministro israelense, Menachem Begin, e o ent\u00e3o presidente eg\u00edpcio, Anwar Sadat, por quase duas semanas de diplomacia pessoal.<\/p>\n\n\n\n<p>A crise dos ref\u00e9ns no Ir\u00e3 marcou sua Presid\u00eancia. Os revolucion\u00e1rios iranianos capturaram diplomatas norte-americanos na embaixada dos EUA em Teer\u00e3 em 1979 e mantiveram 52 ref\u00e9ns por 444 dias antes de finalmente libert\u00e1-los no dia em que Carter deixou o cargo. Carter saiu parecendo fraco depois que uma miss\u00e3o de resgate militar que ele ordenou em 1980 terminou em fracasso, com oito soldados norte-americanos mortos em um acidente de aeronave.<\/p>\n\n\n\n<p>Ap\u00f3s a Presid\u00eancia, Carter voltou para sua fazenda de amendoim em Plains, na Ge\u00f3rgia, e conseguiu refazer sua imagem. Ele criou o Carter Center para liderar seus esfor\u00e7os humanit\u00e1rios.<\/p>\n\n\n\n<p>James Earl Carter Jr. nasceu em 1\u00ba de outubro de 1924, em Plains, na Ge\u00f3rgia. Ele se formou na Academia Naval dos EUA em 1946, serviu no programa submarino nuclear e saiu para administrar o neg\u00f3cio familiar de cultivo de amendoim. Ele e a esposa Rosalynn tiveram tr\u00eas filhos e uma filha.<\/p>\n\n\n\n<p>Carter se tornou um milion\u00e1rio, parlamentar do Estado da Ge\u00f3rgia e governador da Ge\u00f3rgia de 1971 a 1975.<\/p>\n\n\n\n<p>&#8220;Tive uma vida maravilhosa&#8221;, disse Carter a rep\u00f3rteres em Atlanta em 2015. &#8220;Tive milhares de amigos. E tive uma exist\u00eancia emocionante, aventureira e gratificante.&#8221;<\/p>\n\n\n\n<p>Carter escreveu mais de duas dezenas de livros, desde um livro de mem\u00f3rias presidenciais a um livro infantil e poesia, al\u00e9m de obras sobre f\u00e9 religiosa e diplomacia. Seu livro &#8220;Faith: A Journey for All&#8221; foi publicado em 2018.<\/p>\n","protected":false},"excerpt":{"rendered":"<p>Ex-presidente ganhou o Nobel da Paz e morreu neste domingo (29), aos 100 anos<\/p>\n","protected":false},"author":61,"featured_media":641800,"comment_status":"closed","ping_status":"closed","sticky":false,"template":"","format":"standard","meta":{"_acf_changed":false,"inline_featured_image":false,"footnotes":""},"categories":[5],"tags":[499,842,78,236,102288],"autor-wsj":[],"coauthors":[2494],"class_list":["post-641798","post","type-post","status-publish","format-standard","has-post-thumbnail","hentry","category-economia","tag-economia","tag-economia-mundial","tag-estados-unidos","tag-eua","tag-reuters"],"acf":[],"amp_enabled":true,"_links":{"self":[{"href":"https:\/\/investnews.com.br\/inv-api\/wp\/v2\/posts\/641798","targetHints":{"allow":["GET"]}}],"collection":[{"href":"https:\/\/investnews.com.br\/inv-api\/wp\/v2\/posts"}],"about":[{"href":"https:\/\/investnews.com.br\/inv-api\/wp\/v2\/types\/post"}],"author":[{"embeddable":true,"href":"https:\/\/investnews.com.br\/inv-api\/wp\/v2\/users\/61"}],"replies":[{"embeddable":true,"href":"https:\/\/investnews.com.br\/inv-api\/wp\/v2\/comments?post=641798"}],"version-history":[{"count":7,"href":"https:\/\/investnews.com.br\/inv-api\/wp\/v2\/posts\/641798\/revisions"}],"predecessor-version":[{"id":641810,"href":"https:\/\/investnews.com.br\/inv-api\/wp\/v2\/posts\/641798\/revisions\/641810"}],"wp:featuredmedia":[{"embeddable":true,"href":"https:\/\/investnews.com.br\/inv-api\/wp\/v2\/media\/641800"}],"wp:attachment":[{"href":"https:\/\/investnews.com.br\/inv-api\/wp\/v2\/media?parent=641798"}],"wp:term":[{"taxonomy":"category","embeddable":true,"href":"https:\/\/investnews.com.br\/inv-api\/wp\/v2\/categories?post=641798"},{"taxonomy":"post_tag","embeddable":true,"href":"https:\/\/investnews.com.br\/inv-api\/wp\/v2\/tags?post=641798"},{"taxonomy":"autor-wsj","embeddable":true,"href":"https:\/\/investnews.com.br\/inv-api\/wp\/v2\/autor-wsj?post=641798"},{"taxonomy":"author","embeddable":true,"href":"https:\/\/investnews.com.br\/inv-api\/wp\/v2\/coauthors?post=641798"}],"curies":[{"name":"wp","href":"https:\/\/api.w.org\/{rel}","templated":true}]}}