{"id":642438,"date":"2025-01-02T10:10:13","date_gmt":"2025-01-02T13:10:13","guid":{"rendered":"https:\/\/investnews.com.br\/?p=642438"},"modified":"2025-08-08T15:58:18","modified_gmt":"2025-08-08T18:58:18","slug":"governo-fara-leilao-para-contratar-potencia-de-termicas-e-hidreletricas-em-27-de-junho","status":"publish","type":"post","link":"https:\/\/investnews.com.br\/economia\/governo-fara-leilao-para-contratar-potencia-de-termicas-e-hidreletricas-em-27-de-junho\/","title":{"rendered":"Governo far\u00e1 leil\u00e3o para contratar pot\u00eancia de t\u00e9rmicas e hidrel\u00e9tricas em 27 de junho"},"content":{"rendered":"<figure class=\"wp-block-image size-full\"><img loading=\"lazy\" decoding=\"async\" width=\"2048\" height=\"1365\" src=\"https:\/\/media.investnews.com.br\/uploads\/2022\/10\/2022-10-21T145510Z_1_LYNXMPEI9K0L8_RTROPTP_4_BRAZIL-DROUGHT.jpg\" alt=\"Vista a\u00e9rea de usina hidrel\u00e9trica FURNAS. Represa, barragem e tubula\u00e7\u00f5es, com \u00e1gua liberada gerando energia.\" class=\"wp-image-375681\" srcset=\"https:\/\/media.investnews.com.br\/uploads\/2022\/10\/2022-10-21T145510Z_1_LYNXMPEI9K0L8_RTROPTP_4_BRAZIL-DROUGHT.jpg 2048w, https:\/\/media.investnews.com.br\/uploads\/2022\/10\/2022-10-21T145510Z_1_LYNXMPEI9K0L8_RTROPTP_4_BRAZIL-DROUGHT-300x200.jpg 300w, https:\/\/media.investnews.com.br\/uploads\/2022\/10\/2022-10-21T145510Z_1_LYNXMPEI9K0L8_RTROPTP_4_BRAZIL-DROUGHT-1024x683.jpg 1024w, https:\/\/media.investnews.com.br\/uploads\/2022\/10\/2022-10-21T145510Z_1_LYNXMPEI9K0L8_RTROPTP_4_BRAZIL-DROUGHT-768x512.jpg 768w, https:\/\/media.investnews.com.br\/uploads\/2022\/10\/2022-10-21T145510Z_1_LYNXMPEI9K0L8_RTROPTP_4_BRAZIL-DROUGHT-1536x1024.jpg 1536w, https:\/\/media.investnews.com.br\/uploads\/2022\/10\/2022-10-21T145510Z_1_LYNXMPEI9K0L8_RTROPTP_4_BRAZIL-DROUGHT-1256x837.jpg 1256w, https:\/\/media.investnews.com.br\/uploads\/2022\/10\/2022-10-21T145510Z_1_LYNXMPEI9K0L8_RTROPTP_4_BRAZIL-DROUGHT-172x115.jpg 172w, https:\/\/media.investnews.com.br\/uploads\/2022\/10\/2022-10-21T145510Z_1_LYNXMPEI9K0L8_RTROPTP_4_BRAZIL-DROUGHT-150x100.jpg 150w\" sizes=\"auto, (max-width: 2048px) 100vw, 2048px\" \/><figcaption class=\"wp-element-caption\">Hidrel\u00e9trica de Furnas, em Minas Gerais. REUTERS\/Washington Alves<\/figcaption><\/figure><p>O <strong>Minist\u00e9rio de Minas e Energia<\/strong> divulgou as regras finais para a realiza\u00e7\u00e3o de um leil\u00e3o para contratar mais pot\u00eancia para o sistema el\u00e9trico brasileiro, um certame amplamente aguardado por <strong>grandes geradores termel\u00e9tricos e hidrel\u00e9tricos<\/strong> e que vem se tornando cada vez mais urgente para garantir o conforto e seguran\u00e7a do suprimento de energia aos consumidores.<\/p><p>Marcado para <strong>27 de junho<\/strong>, o certame negociar\u00e1 contratos de pot\u00eancia el\u00e9trica com prazos de sete a 15 anos, com in\u00edcios de suprimento em 2025, 2026, 2027, 2028, 2029 e 2030, conforme portaria publicada nesta quinta-feira no Di\u00e1rio Oficial da Uni\u00e3o (DOU).<\/p><p>Apenas usinas termel\u00e9tricas movidas a g\u00e1s natural j\u00e1 existentes poder\u00e3o disputar os contratos com in\u00edcio mais pr\u00f3ximo, at\u00e9 2027.<\/p><p>J\u00e1 os contratos com prazos mais distante de entrega de pot\u00eancia est\u00e3o destinados aos novos projetos termel\u00e9tricos a g\u00e1s e biocombust\u00edveis (2028, 2029 e 2030) e \u00e0s usinas hidrel\u00e9tricas existentes (2030), que poder\u00e3o ser ampliadas com a inclus\u00e3o de novas m\u00e1quinas.<\/p><p>O certame vem para atender \u00e0 maior necessidade de pot\u00eancia do setor el\u00e9trico brasileiro, principalmente em fun\u00e7\u00e3o do r\u00e1pido crescimento da energia solar na matriz nos \u00faltimos anos.<\/p><p>LEIA MAIS: <a href=\"https:\/\/investnews.com.br\/economia\/com-seca-persistente-brasil-avalia-mais-importacoes-de-gas-natural-para-termeletricas-no-inicio-de-2025\/\" target=\"_blank\" data-type=\"URL\" data-id=\"https:\/\/investnews.com.br\/economia\/com-seca-persistente-brasil-avalia-mais-importacoes-de-gas-natural-para-termeletricas-no-inicio-de-2025\/\" rel=\"noreferrer noopener\">Com seca persistente, Brasil avalia mais importa\u00e7\u00f5es de g\u00e1s natural para termel\u00e9tricas no in\u00edcio de 2025<\/a><\/p><p>A energia solar garante importante volumes de gera\u00e7\u00e3o ao longo do dia mas, quando deixa de produzir no final da tarde, exige que outras usinas entrem rapidamente em opera\u00e7\u00e3o para assegurar a estabilidade do fornecimento de energia aos consumidores.<\/p><p>Isso se tornou um desafio cada vez maior para o Operador Nacional do Sistema El\u00e9trico (ONS) nos \u00faltimos anos. No fim do ano passado, o ONS disse identificar &#8220;d\u00e9ficit relevante&#8221; de pot\u00eancia para o futuro, sendo necess\u00e1rias contrata\u00e7\u00f5es na casa dos 3 gigawatts (GW) por ano para garantir mais conforto e tranquilidade na opera\u00e7\u00e3o do setor el\u00e9trico.<\/p><p><strong>LEIA MAIS: <\/strong><a href=\"https:\/\/investnews.com.br\/negocios\/brava-energia-inicia-producao-do-fpso-atlanta-na-bacia-de-santos\/\" target=\"_blank\" data-type=\"URL\" data-id=\"https:\/\/investnews.com.br\/negocios\/brava-energia-inicia-producao-do-fpso-atlanta-na-bacia-de-santos\/\" rel=\"noreferrer noopener\">Brava Energia inicia produ\u00e7\u00e3o do FPSO Atlanta, na Bacia de Santos<\/a><\/p><p>O leil\u00e3o de reserva deve contar com a participa\u00e7\u00e3o de grandes empresas de energia, como a <strong>Petrobras<\/strong>, maior geradora termel\u00e9trica do pa\u00eds. As usinas da estatal est\u00e3o entre as mais acionadas pelo ONS para fazer atendimentos de pot\u00eancia, sendo que v\u00e1rias delas, como <strong>Termomaca\u00e9<\/strong>, <strong>Termocear\u00e1<\/strong>, <strong>Cubat\u00e3o <\/strong>e <strong>Serop\u00e9dica<\/strong>, tinham contratos expirando no fim do ano.<\/p><p>A <strong>Eneva <\/strong>tamb\u00e9m j\u00e1 disse anteriormente que buscaria recontrata\u00e7\u00e3o de parte de suas usinas no certame, e que tentaria viabilizar novos projetos termel\u00e9tricos para o futuro.<\/p><p>A licita\u00e7\u00e3o tamb\u00e9m \u00e9 uma oportunidade importante para a fonte hidrel\u00e9trica, que h\u00e1 v\u00e1rios anos parou de crescer no Brasil devido \u00e0 falta de oferta de contratos regulados. Entre os geradores que j\u00e1 demonstraram interesse em ampliar suas usinas, est\u00e3o Copel, Eletrobras, Engie e Auren.<\/p><figure class=\"wp-block-embed is-type-video is-provider-youtube wp-block-embed-youtube wp-embed-aspect-16-9 wp-has-aspect-ratio\"><div class=\"wp-block-embed__wrapper\">\n<iframe loading=\"lazy\" title=\"O hor\u00e1rio de ver\u00e3o faz sentido na era da energia solar\" width=\"500\" height=\"281\" src=\"https:\/\/www.youtube.com\/embed\/cp-f9BqmB8E?start=25&#038;feature=oembed\" frameborder=\"0\" allow=\"accelerometer; autoplay; clipboard-write; encrypted-media; gyroscope; picture-in-picture; web-share\" referrerpolicy=\"strict-origin-when-cross-origin\" allowfullscreen><\/iframe>\n<\/div><\/figure>\n","protected":false},"excerpt":{"rendered":"<p>Leil\u00e3o ser\u00e1 dia 27 de junho e negociar\u00e1 contratos com prazos de sete a 15 anos<\/p>\n","protected":false},"author":61,"featured_media":375681,"comment_status":"closed","ping_status":"closed","sticky":false,"template":"","format":"standard","meta":{"_acf_changed":false,"inline_featured_image":false,"footnotes":""},"categories":[5],"tags":[824,21,102288],"autor-wsj":[],"coauthors":[2494],"class_list":["post-642438","post","type-post","status-publish","format-standard","has-post-thumbnail","hentry","category-economia","tag-energia","tag-petrobras","tag-reuters"],"acf":[],"amp_enabled":true,"_links":{"self":[{"href":"https:\/\/investnews.com.br\/inv-api\/wp\/v2\/posts\/642438","targetHints":{"allow":["GET"]}}],"collection":[{"href":"https:\/\/investnews.com.br\/inv-api\/wp\/v2\/posts"}],"about":[{"href":"https:\/\/investnews.com.br\/inv-api\/wp\/v2\/types\/post"}],"author":[{"embeddable":true,"href":"https:\/\/investnews.com.br\/inv-api\/wp\/v2\/users\/61"}],"replies":[{"embeddable":true,"href":"https:\/\/investnews.com.br\/inv-api\/wp\/v2\/comments?post=642438"}],"version-history":[{"count":12,"href":"https:\/\/investnews.com.br\/inv-api\/wp\/v2\/posts\/642438\/revisions"}],"predecessor-version":[{"id":702060,"href":"https:\/\/investnews.com.br\/inv-api\/wp\/v2\/posts\/642438\/revisions\/702060"}],"wp:featuredmedia":[{"embeddable":true,"href":"https:\/\/investnews.com.br\/inv-api\/wp\/v2\/media\/375681"}],"wp:attachment":[{"href":"https:\/\/investnews.com.br\/inv-api\/wp\/v2\/media?parent=642438"}],"wp:term":[{"taxonomy":"category","embeddable":true,"href":"https:\/\/investnews.com.br\/inv-api\/wp\/v2\/categories?post=642438"},{"taxonomy":"post_tag","embeddable":true,"href":"https:\/\/investnews.com.br\/inv-api\/wp\/v2\/tags?post=642438"},{"taxonomy":"autor-wsj","embeddable":true,"href":"https:\/\/investnews.com.br\/inv-api\/wp\/v2\/autor-wsj?post=642438"},{"taxonomy":"author","embeddable":true,"href":"https:\/\/investnews.com.br\/inv-api\/wp\/v2\/coauthors?post=642438"}],"curies":[{"name":"wp","href":"https:\/\/api.w.org\/{rel}","templated":true}]}}