{"id":643307,"date":"2024-12-26T07:10:00","date_gmt":"2024-12-26T10:10:00","guid":{"rendered":"https:\/\/investnews.veezor.com\/geral\/por-que-voce-ainda-vai-querer-que-os-ray-ban-meta-sejam-seus-oculos-inteligentes\/"},"modified":"2025-01-04T10:52:25","modified_gmt":"2025-01-04T13:52:25","slug":"por-que-voce-ainda-vai-querer-que-os-ray-ban-meta-sejam-seus-oculos-inteligentes","status":"publish","type":"post","link":"https:\/\/investnews.com.br\/the-wall-street-journal\/por-que-voce-ainda-vai-querer-que-os-ray-ban-meta-sejam-seus-oculos-inteligentes\/","title":{"rendered":"Por que voc\u00ea ainda vai querer que os Ray-Ban Meta sejam seus \u00f3culos inteligentes"},"content":{"rendered":"\n<p>Era um dia perfeito de agosto para um jogo de minigolfe com as crian\u00e7as. O sol brilhava, os moinhos de vento giravam. Ent\u00e3o, de repente, veio o desespero: eu n\u00e3o estava com meus \u00f3culos de sol com c\u00e2mera Ray-Ban Meta.<\/p>\n\n\n\n<p>Fui for\u00e7ada a usar meu celular para tirar fotos, como se estivesse na era vitoriana, debru\u00e7ada sobre uma caixa gigante de madeira.<\/p>\n\n\n\n<p>Este foi o ano em que os \u00f3culos inteligentes me conquistaram. Esses computadores faciais mais leves s\u00e3o o pr\u00f3ximo passo no modo em que interagimos uns com os outros e com o ambiente. N\u00e3o se trata de realidade virtual ou de uma guinada para o <a href=\"https:\/\/investnews.com.br\/guias\/metaverso\/\">metaverso<\/a> \u2014 voc\u00ea v\u00ea o mundo real, mas com coisas digitais inclu\u00eddas. E voc\u00ea olha muito menos para o seu telefone.<\/p>\n\n\n\n<p><strong>LEIA TAMB\u00c9M:<\/strong> <a href=\"https:\/\/investnews.com.br\/tecnologia\/mark-zuckerberg-acredita-que-esses-oculos-vao-fazer-voce-aposentar-o-seu-celular\/\" target=\"_blank\" rel=\"noreferrer noopener\">Se o Mark Zuckerberg estiver certo, voc\u00ea vai trocar seu celular por estes \u00f3culos<\/a><\/p>\n\n\n\n<p>Voc\u00ea pensaria que foi o <a href=\"https:\/\/investnews.com.br\/negocios\/historia-da-apple\/\">Apple<\/a> Vision Pro de US$ 3.500 que me conquistou. Mas n\u00e3o. Ap\u00f3s o lan\u00e7amento em janeiro, esse headset passou meses inativo no meu s\u00f3t\u00e3o. Adoro como ele apresenta informa\u00e7\u00f5es digitais no mundo real, mas n\u00e3o o suficiente para tolerar o peso de uma melancia na minha cabe\u00e7a.&nbsp;<\/p>\n\n\n\n<p>O que fez isso por mim foram os Ray-Bans de US$ 299 ou mais, da empresa do Facebook e do Instagram.<\/p>\n\n\n\n<p>\u201cEu n\u00e3o os chamaria de computador facial\u201d, disse-me Alex Himel, vice-presidente de dispositivos de vestir da Meta. \u201cH\u00e1 uma analogia \u2014 a escada rolante nunca quebra. Ela se transforma em uma escada. Quando os \u00f3culos ficam sem bateria, ainda s\u00e3o um belo acess\u00f3rio.\u201d<\/p>\n\n\n\n<p>Ele est\u00e1 certo. \u00c9 por isso que os uso quando estou ao ar livre, quase diariamente. Os \u00f3culos que pensei que seriam uma promessa fracassada se tornaram um dos produtos de tecnologia de maior sucesso em anos \u2014 simples, acess\u00edveis e tecnicamente bem projetados.<\/p>\n\n\n\n<p>Mas como passamos de Ray-Bans para uma experi\u00eancia de n\u00edvel Vision Pro sem sacrificar o que faz com que sejam \u00f3timos? Para descobrir isso, fiz um teste com um prot\u00f3tipo futurista no qual a Meta est\u00e1 trabalhando, e trago dicas sobre os pr\u00f3ximos \u00f3culos da empresa, esperados para 2025.<\/p>\n\n\n\n<figure class=\"wp-block-embed is-type-video is-provider-youtube wp-block-embed-youtube wp-embed-aspect-16-9 wp-has-aspect-ratio\"><div class=\"wp-block-embed__wrapper\">\n<iframe loading=\"lazy\" title=\"Apple vs. Meta: How We\u2019re Going to Get Dream Smart Glasses | WSJ\" width=\"500\" height=\"281\" src=\"https:\/\/www.youtube.com\/embed\/aVxhZ29f8dA?feature=oembed\" frameborder=\"0\" allow=\"accelerometer; autoplay; clipboard-write; encrypted-media; gyroscope; picture-in-picture; web-share\" referrerpolicy=\"strict-origin-when-cross-origin\" allowfullscreen><\/iframe>\n<\/div><\/figure>\n\n\n\n<h2 class=\"wp-block-heading\"><strong>O que oferece<\/strong><\/h2>\n\n\n\n<p>Os dispositivos de hoje ficam em extremos opostos de um espectro \u2014 o que chamo de Matriz da Computa\u00e7\u00e3o Facial no v\u00eddeo acima.<\/p>\n\n\n\n<p><strong>\u00d3culos inteligentes burros: <\/strong>No lado dos dispositivos menores e de baixo consumo de energia est\u00e3o os \u00f3culos de apar\u00eancia normal com processamento e recursos limitados, principalmente os Ray-Bans da Meta. Eles t\u00eam uma c\u00e2mera, microfones e alto-falantes para tirar fotos e fazer v\u00eddeos, ouvir m\u00fasica ou podcasts e conversar com o a IA da Meta. Voc\u00ea pode us\u00e1-los como \u00f3culos escuros ou com lentes corretivas \u2014 sim, mesmo com lentes de transi\u00e7\u00e3o.<\/p>\n\n\n\n<p>N\u00e3o h\u00e1 tela nem computador acoplados; h\u00e1 uma conex\u00e3o Bluetooth com seu smartphone. Uma das minhas maiores queixas \u00e9 que eles geralmente desconectam do celular e do aplicativo Meta View. A dura\u00e7\u00e3o da bateria tamb\u00e9m poderia ser melhor.&nbsp;<\/p>\n\n\n\n<p>Para mim, a c\u00e2mera \u00e9 o recurso vencedor. Posso tirar fotos dos meus filhos sem me distrair com as notifica\u00e7\u00f5es. Al\u00e9m disso, \u00e9 \u00f3timo para capturar uma vis\u00e3o em primeira pessoa de atividades que necessitam de duas m\u00e3os, como esqui, ciclismo, dire\u00e7\u00e3o, golfe. (Tenho certeza de que a vis\u00e3o do jogador de golfe \u00e9 como Mark Zuckerberg a apresentou a Donald Trump ao lhe dar um par recentemente em Mar-a-Lago.)<\/p>\n\n\n\n<figure class=\"wp-block-image size-large\"><img loading=\"lazy\" decoding=\"async\" width=\"1024\" height=\"683\" src=\"https:\/\/media.investnews.com.br\/uploads\/2024\/09\/417327634_65-1024x683.webp\" alt=\"\" class=\"wp-image-617972\" srcset=\"https:\/\/media.investnews.com.br\/uploads\/2024\/09\/417327634_65-1024x683.webp 1024w, https:\/\/media.investnews.com.br\/uploads\/2024\/09\/417327634_65-300x200.webp 300w, https:\/\/media.investnews.com.br\/uploads\/2024\/09\/417327634_65-768x512.webp 768w, https:\/\/media.investnews.com.br\/uploads\/2024\/09\/417327634_65-1536x1024.webp 1536w, https:\/\/media.investnews.com.br\/uploads\/2024\/09\/417327634_65-2048x1365.webp 2048w, https:\/\/media.investnews.com.br\/uploads\/2024\/09\/417327634_65-1256x837.webp 1256w, https:\/\/media.investnews.com.br\/uploads\/2024\/09\/417327634_65-172x115.webp 172w, https:\/\/media.investnews.com.br\/uploads\/2024\/09\/417327634_65-150x100.webp 150w\" sizes=\"auto, (max-width: 1024px) 100vw, 1024px\" \/><figcaption class=\"wp-element-caption\">O CEO da Meta, Mark Zuckerberg. \n\nCr\u00e9ditos: David Paul Morris\/Bloomberg<\/figcaption><\/figure>\n\n\n\n<p><strong>Headsets de realidade mista: <\/strong>Na extremidade poderosa, mas grandalhona, est\u00e3o os headsets de realidade mista, por exemplo, o Apple Vision Pro ou o Meta Quest 3. Esses dispositivos s\u00e3o computadores completos com telas, permitindo que voc\u00ea veja o mundo \u00e0 sua frente com uma interface digital sobreposta. Voc\u00ea pode jogar, trabalhar, enviar mensagens, assistir a algo e navegar na web. As c\u00e2meras frontais rastreiam os movimentos das m\u00e3os, para que voc\u00ea possa navegar na interface com apenas movimentos e gestos no ar.<\/p>\n\n\n\n<p>Toda essa tecnologia transforma esses headsets em algo grande e volumoso. Mesmo que a Apple tenha tirado a bateria do Vision Pro e a colocado em um cabo, depois de uma ou duas horas, ainda parece que seu pesco\u00e7o est\u00e1 fazendo teste para um papel de cabide. E como precisam de c\u00e2meras para mostrar o mundo, s\u00e3o basicamente m\u00e1scaras de dormir ultrapesadas quando desligados.<\/p>\n\n\n\n<h2 class=\"wp-block-heading\"><strong>O que est\u00e1 por vir<\/strong><\/h2>\n\n\n\n<p>N\u00f3s realmente queremos um meio termo \u2014 algo semelhante ao Meta Orion, um prot\u00f3tipo de \u00f3culos de realidade aumentada que a empresa come\u00e7ou a exibir em demonstra\u00e7\u00f5es privadas.<\/p>\n\n\n\n<p>Eu pude experimentar os robustos aros Orion no estilo Buddy Holly em uma sala secreta na sede da Meta na Calif\u00f3rnia. Us\u00e1-los \u00e9 como olhar atrav\u00e9s de \u00f3culos comuns, at\u00e9 que os projetores hologr\u00e1ficos na lente se acendam. Ent\u00e3o \u00e9 como usar um headset de realidade mista.<\/p>\n\n\n\n<p>Um menu aparece \u00e0 sua frente, os aplicativos surgem no espa\u00e7o e seus olhos se tornam o cursor. Basta olhar para algo e pressionar o polegar contra o indicador para selecion\u00e1-lo. Em vez de usar c\u00e2meras para navega\u00e7\u00e3o com os dedos e as m\u00e3os, uma pulseira com sensor detecta sinais el\u00e9tricos gerados pelas contra\u00e7\u00f5es musculares. O c\u00e9rebro da opera\u00e7\u00e3o \u2014 processador, RAM, etc. \u2014 ficam em um \u201cdisco de computa\u00e7\u00e3o\u201d sem fio que se conecta aos \u00f3culos.<\/p>\n\n\n\n<p><strong>LEIA TAMB\u00c9M:<\/strong> <a href=\"https:\/\/investnews.com.br\/wsj\/por-que-musk-nao-tem-acesso-aos-maiores-segredos-governamentais-da-spacex\/\" target=\"_blank\" rel=\"noreferrer noopener\">Uso de drogas e rela\u00e7\u00f5es com Putin impedem Elon Musk de acessar os maiores segredos da SpaceX<\/a><\/p>\n\n\n\n<p>Durante a demonstra\u00e7\u00e3o, joguei um jogo, naveguei por sites, conversei por v\u00eddeo com algu\u00e9m e usei a IA para escanear os ingredientes de uma receita. Lembra como usei o Vision Pro para colocar temporizadores de cozimento virtuais sobre meu fog\u00e3o? O aplicativo matador da realidade aumentada \u00e9 o de culin\u00e1ria. Eu vou morrer nesse mundo delicioso.<\/p>\n\n\n\n<p>Toda a demo foi como ver o futuro, mas com muitos asteriscos. A qualidade da imagem era granulada, parecia lenta em compara\u00e7\u00e3o com os headsets mais volumosos e o software simplesmente n\u00e3o funcionava \u00e0s vezes. Outro pequeno detalhe: fazer cada prot\u00f3tipo custa US$ 10 mil.<\/p>\n\n\n\n<p>\u201cQueremos ajustar a fabrica\u00e7\u00e3o e reduzir o custo para que sejam mais f\u00e1ceis de produzir e mais acess\u00edveis\u201d, disse Himel.<\/p>\n\n\n\n<h2 class=\"wp-block-heading\"><strong>A seguir<\/strong><\/h2>\n\n\n\n<p>O que a Meta est\u00e1 fazendo com o Orion \u00e9 o que todas as outras grandes empresas de tecnologia est\u00e3o fazendo em seus pr\u00f3prios laborat\u00f3rios. Tim Cook, da Apple, disse que o Vision Pro \u00e9 apenas o primeiro passo \u2014 mas os prot\u00f3tipos n\u00e3o s\u00e3o divulgados. Na semana passada, o Google come\u00e7ou a testar \u00f3culos com Android XR, uma interface de headset. A Snap tem o Spectacles, que lan\u00e7ou para desenvolvedores de software.<\/p>\n\n\n\n<p>A Meta diz que um dispositivo como o Orion ser\u00e1 lan\u00e7ado nos pr\u00f3ximos anos. Antes de chegarmos nesse ponto ideal, vamos nos aproximando aos poucos.<\/p>\n\n\n\n<p>A empresa est\u00e1 trabalhando em um par de \u00f3culos semelhantes aos Ray-Bans com uma \u00fanica tela pequena na lente, prevista para 2025, de acordo com uma pessoa familiarizada com o projeto. A Meta tamb\u00e9m planeja lan\u00e7ar uma vers\u00e3o da pulseira do sensor.<\/p>\n\n\n\n<p>Embora a empresa n\u00e3o tenha confirmado os \u00f3culos com display, Himel disse que os recursos mais solicitados do Ray-Ban s\u00e3o um visor e as notifica\u00e7\u00f5es pop-up do smartphone. A empresa est\u00e1 trabalhando em diferentes tecnologias de exibi\u00e7\u00e3o e v\u00e1rios \u201ctamanhos e formas\u201d, acrescentou.&nbsp;<\/p>\n\n\n\n<p>Sim, o computador facial est\u00e1 chegando. Mas ser\u00e1 que queremos toda a desordem do smartphone em nossa linha de vis\u00e3o? Parte do motivo pelo qual adoro os Ray-Bans \u00e9 que eles me d\u00e3o uma pausa das intermin\u00e1veis distra\u00e7\u00f5es do meu telefone. E ser\u00e1 que realmente queremos que a Meta, conhecida por um neg\u00f3cio de an\u00fancios baseado em dados pessoais, seja nossos olhos e ouvidos virtuais? (A empresa diz que as fotos e os v\u00eddeos feitos pelos \u00f3culos Ray-Ban s\u00e3o seus e n\u00e3o ser\u00e3o usados sem sua permiss\u00e3o.)<\/p>\n\n\n\n<p>Pelo lado positivo, minha opini\u00e3o pode melhorar quando meus \u00f3culos me ajudarem na tacada perfeita \u2014 meus filhos v\u00e3o pensar que sou uma lenda do minigolfe.<\/p>\n\n\n\n<p><em>Escreva para Joanna Stern em joanna.stern@wsj.com<\/em><\/p>\n","protected":false},"excerpt":{"rendered":"<p>Era um dia perfeito de agosto para um jogo de minigolfe com as crian\u00e7as. O sol brilhava, os moinhos de vento giravam. Ent\u00e3o, de repente, veio o desespero: eu n\u00e3o estava com meus \u00f3culos de sol com c\u00e2mera Ray-Ban Meta. Fui for\u00e7ada a usar meu celular para tirar fotos, como se estivesse na era vitoriana, [&hellip;]<\/p>\n","protected":false},"author":139,"featured_media":530269,"comment_status":"closed","ping_status":"closed","sticky":false,"template":"","format":"standard","meta":{"_acf_changed":false,"inline_featured_image":false,"footnotes":""},"categories":[103073],"tags":[],"autor-wsj":[103045],"coauthors":[],"class_list":["post-643307","post","type-post","status-publish","format-standard","has-post-thumbnail","hentry","category-the-wall-street-journal","autor-wsj-joanna-stern"],"acf":[],"amp_enabled":true,"_links":{"self":[{"href":"https:\/\/investnews.com.br\/inv-api\/wp\/v2\/posts\/643307","targetHints":{"allow":["GET"]}}],"collection":[{"href":"https:\/\/investnews.com.br\/inv-api\/wp\/v2\/posts"}],"about":[{"href":"https:\/\/investnews.com.br\/inv-api\/wp\/v2\/types\/post"}],"author":[{"embeddable":true,"href":"https:\/\/investnews.com.br\/inv-api\/wp\/v2\/users\/139"}],"replies":[{"embeddable":true,"href":"https:\/\/investnews.com.br\/inv-api\/wp\/v2\/comments?post=643307"}],"version-history":[{"count":1,"href":"https:\/\/investnews.com.br\/inv-api\/wp\/v2\/posts\/643307\/revisions"}],"predecessor-version":[{"id":643764,"href":"https:\/\/investnews.com.br\/inv-api\/wp\/v2\/posts\/643307\/revisions\/643764"}],"wp:featuredmedia":[{"embeddable":true,"href":"https:\/\/investnews.com.br\/inv-api\/wp\/v2\/media\/530269"}],"wp:attachment":[{"href":"https:\/\/investnews.com.br\/inv-api\/wp\/v2\/media?parent=643307"}],"wp:term":[{"taxonomy":"category","embeddable":true,"href":"https:\/\/investnews.com.br\/inv-api\/wp\/v2\/categories?post=643307"},{"taxonomy":"post_tag","embeddable":true,"href":"https:\/\/investnews.com.br\/inv-api\/wp\/v2\/tags?post=643307"},{"taxonomy":"autor-wsj","embeddable":true,"href":"https:\/\/investnews.com.br\/inv-api\/wp\/v2\/autor-wsj?post=643307"},{"taxonomy":"author","embeddable":true,"href":"https:\/\/investnews.com.br\/inv-api\/wp\/v2\/coauthors?post=643307"}],"curies":[{"name":"wp","href":"https:\/\/api.w.org\/{rel}","templated":true}]}}