{"id":6449,"date":"2020-03-17T11:29:17","date_gmt":"2020-03-17T14:29:17","guid":{"rendered":"https:\/\/investnews.com.br\/?p=6449"},"modified":"2025-11-13T10:00:00","modified_gmt":"2025-11-13T13:00:00","slug":"brasil-tem-primeira-morte-por-covid-19-segundo-secretaria-de-saude-de-sao-paulo","status":"publish","type":"post","link":"https:\/\/investnews.com.br\/economia\/brasil-tem-primeira-morte-por-covid-19-segundo-secretaria-de-saude-de-sao-paulo\/","title":{"rendered":"Homem de 62 anos \u00e9 primeira v\u00edtima fatal do coronav\u00edrus no pa\u00eds"},"content":{"rendered":"\n<p> A primeira v\u00edtima fatal de <strong>coronav\u00edrus<\/strong> no Brasil \u00e9 um homem, de 62 anos, morador de S\u00e3o Paulo, que tamb\u00e9m tinha comorbidades como diabetes e hipertens\u00e3o. Ele deu entrada em um hospital privado, n\u00e3o identificado, no&nbsp;s\u00e1bado&nbsp;(14), e faleceu&nbsp;ontem&nbsp;(16). Os primeiros sintomas se manifestaram no dia&nbsp;10 de mar\u00e7o. O paciente n\u00e3o tinha hist\u00f3rico de viagem. <\/p>\n\n\n\n<p>De acordo com a Secret\u00e1ria Estadual de Sa\u00fade, at\u00e9&nbsp;ontem&nbsp;(16) o estado de S\u00e3o Paulo tinha 152 casos confirmados de <strong>Covid-19<\/strong>. Os casos suspeitos somam 1.777.&nbsp;Em todo o Brasil s\u00e3o 234 casos confirmados, de acordo com o boletim mais recente do Minist\u00e9rio da Sa\u00fade, desta&nbsp;segunda-feira.<\/p>\n\n\n\n<p><strong>LEIA MAIS: <a class=\"rank-math-link rank-math-link\" href=\"https:\/\/investnews.com.br\/geral\/medidas-do-governo-contra-o-coronavirus\/\">Governo cria comit\u00ea de crise contra o novo coronav\u00edrus<\/a><\/strong><\/p>\n\n\n\n<p><strong>VEJA TAMB\u00c9M: <a href=\"https:\/\/investnews.com.br\/economia\/guedes-anuncia-r-1473-bi-contra-o-coronavirus-veja-6-medidas\/\" class=\"rank-math-link\">Guedes anuncia R$ 147,3 bi contra o coronav\u00edrus; veja 6 medidas<\/a><\/strong><\/p>\n\n\n\n<h2 class=\"wp-block-heading\">Situa\u00e7\u00e3o no estado e no munic\u00edpio<\/h2>\n\n\n\n<p>A prefeitura do munic\u00edpio de S\u00e3o Paulo decretou, na manh\u00e3 desta ter\u00e7a-feira,\u00a0situa\u00e7\u00e3o de emerg\u00eancia\u00a0na cidade em fun\u00e7\u00e3o da pandemia.<\/p>\n\n\n\n<p>J\u00e1 o governo do estado&nbsp;<a href=\"https:\/\/agenciabrasil.ebc.com.br\/saude\/noticia\/2020-03\/sp-vai-regular-fluxo-de-pessoas-em-postos-do-poupatempo-e-bom-prato\" target=\"_blank\" rel=\"noreferrer noopener\">cancelou eventos<\/a>&nbsp;p\u00fablicos culturais e esportivos em locais abertos e fechados e est\u00e1 recomendando que eventos privados tamb\u00e9m sejam cancelados. Entre as medidas para intensificar o enfrentamento ao Covid-19, anunciadas pelo governo, a partir de&nbsp;hoje, todos os funcion\u00e1rios p\u00fablicos estaduais de S\u00e3o Paulo com mais de 60 anos, excetuando os que trabalham nas \u00e1reas de seguran\u00e7a p\u00fablica e sa\u00fade, dever\u00e3o trabalhar de casa. J\u00e1 os 153 Centros de Conviv\u00eancia do Idoso ficar\u00e3o todos fechados por 60 dias.<\/p>\n","protected":false},"excerpt":{"rendered":"<p>Primeiros sintomas se manifestaram no dia 10 de mar\u00e7o.<\/p>\n","protected":false},"author":17,"featured_media":4196,"comment_status":"open","ping_status":"open","sticky":false,"template":"","format":"standard","meta":{"_acf_changed":false,"inline_featured_image":false,"footnotes":""},"categories":[5],"tags":[404,394],"autor-wsj":[],"coauthors":[1498],"class_list":["post-6449","post","type-post","status-publish","format-standard","has-post-thumbnail","hentry","category-economia","tag-coronavirus","tag-joao-doria"],"acf":[],"amp_enabled":true,"_links":{"self":[{"href":"https:\/\/investnews.com.br\/inv-api\/wp\/v2\/posts\/6449","targetHints":{"allow":["GET"]}}],"collection":[{"href":"https:\/\/investnews.com.br\/inv-api\/wp\/v2\/posts"}],"about":[{"href":"https:\/\/investnews.com.br\/inv-api\/wp\/v2\/types\/post"}],"author":[{"embeddable":true,"href":"https:\/\/investnews.com.br\/inv-api\/wp\/v2\/users\/17"}],"replies":[{"embeddable":true,"href":"https:\/\/investnews.com.br\/inv-api\/wp\/v2\/comments?post=6449"}],"version-history":[{"count":6,"href":"https:\/\/investnews.com.br\/inv-api\/wp\/v2\/posts\/6449\/revisions"}],"predecessor-version":[{"id":734295,"href":"https:\/\/investnews.com.br\/inv-api\/wp\/v2\/posts\/6449\/revisions\/734295"}],"wp:featuredmedia":[{"embeddable":true,"href":"https:\/\/investnews.com.br\/inv-api\/wp\/v2\/media\/4196"}],"wp:attachment":[{"href":"https:\/\/investnews.com.br\/inv-api\/wp\/v2\/media?parent=6449"}],"wp:term":[{"taxonomy":"category","embeddable":true,"href":"https:\/\/investnews.com.br\/inv-api\/wp\/v2\/categories?post=6449"},{"taxonomy":"post_tag","embeddable":true,"href":"https:\/\/investnews.com.br\/inv-api\/wp\/v2\/tags?post=6449"},{"taxonomy":"autor-wsj","embeddable":true,"href":"https:\/\/investnews.com.br\/inv-api\/wp\/v2\/autor-wsj?post=6449"},{"taxonomy":"author","embeddable":true,"href":"https:\/\/investnews.com.br\/inv-api\/wp\/v2\/coauthors?post=6449"}],"curies":[{"name":"wp","href":"https:\/\/api.w.org\/{rel}","templated":true}]}}