{"id":645140,"date":"2025-01-08T09:35:31","date_gmt":"2025-01-08T12:35:31","guid":{"rendered":"https:\/\/investnews.com.br\/?p=645140"},"modified":"2025-01-08T09:35:33","modified_gmt":"2025-01-08T12:35:33","slug":"frio-sem-vento-significa-que-reino-unido-pode-nao-atender-demanda-eletrica-neste-inverno","status":"publish","type":"post","link":"https:\/\/investnews.com.br\/economia\/frio-sem-vento-significa-que-reino-unido-pode-nao-atender-demanda-eletrica-neste-inverno\/","title":{"rendered":"Frio sem vento significa que Reino Unido pode n\u00e3o atender demanda el\u00e9trica neste inverno"},"content":{"rendered":"\n<p>A operadora da rede el\u00e9trica do Reino Unido emitiu um alerta para o mercado de energia para a tarde desta quarta-feira (8), dizendo que h\u00e1 uma margem insuficiente entre a oferta e a demanda previstas, j\u00e1 que o decl\u00ednio da produ\u00e7\u00e3o e\u00f3lica coincide com a queda das temperaturas.<\/p>\n\n\n\n<p>O alerta \u00e9 um dos v\u00e1rios emitidos neste inverno e destaca o risco de constru\u00e7\u00e3o de turbinas e\u00f3licas sem apoio suficiente para os dias em que estiver escuro, frio e sem vento. Per\u00edodos de vento relativamente fraco podem elevar os pre\u00e7os, especialmente quando a demanda por aquecimento est\u00e1 aumentando. O governo est\u00e1 planejando construir mais energias renov\u00e1veis em sua tentativa de descarbonizar a produ\u00e7\u00e3o de eletricidade at\u00e9 2030.<\/p>\n\n\n\n<p>O per\u00edodo de aviso pr\u00e9vio de tr\u00eas horas est\u00e1 programado para come\u00e7ar \u00e0s 16h, hor\u00e1rio de Londres, de acordo com o Operador Nacional do Sistema de Energia. O d\u00e9ficit \u00e9 de 1,7 gigawatts, informou em um aviso publicado na ter\u00e7a-feira e reeditado nesta manh\u00e3.<\/p>\n\n\n<section class=\"recirculation-area\">\n    <div class=\"container\">\n                <p class=\"title\">Leia mais<\/p>\n     \n            <ul class=\"recirculation-list\" data-tracking-position=\"Leia mais\">\n                            <li class=\"list-item\">\n                    <a \n                        href=\"https:\/\/investnews.com.br\/economia\/o-vento-e-a-principal-fonte-de-energia-do-reino-unido-com-o-gas-no-nivel-mais-baixo-da-decada\/\" \n                        title=\"O vento \u00e9 a principal fonte de energia do Reino Unido, com o g\u00e1s no n\u00edvel mais baixo da d\u00e9cada\" \n                        class=\"item-title recirculation-link\"\n                        data-btn-name=\"O vento \u00e9 a principal fonte de energia do Reino Unido, com o g\u00e1s no n\u00edvel mais baixo da d\u00e9cada\"\n                        data-posicao=\"Leia mais\"\n                        data-click-url=\"https:\/\/investnews.com.br\/economia\/o-vento-e-a-principal-fonte-de-energia-do-reino-unido-com-o-gas-no-nivel-mais-baixo-da-decada\/\"\n                    >\n                        O vento \u00e9 a principal fonte de energia do Reino Unido, com o g\u00e1s no n\u00edvel mais baixo da d\u00e9cada                    <\/a>\n                <\/li>\n                            <li class=\"list-item\">\n                    <a \n                        href=\"https:\/\/investnews.com.br\/negocios\/preco-do-gas-na-europa-atinge-maxima-do-ano-as-vesperas-de-interrupcao-do-fornecimento-russo\/\" \n                        title=\"Pre\u00e7o do g\u00e1s na Europa atinge m\u00e1xima do ano, \u00e0s v\u00e9speras de interrup\u00e7\u00e3o do fornecimento russo\" \n                        class=\"item-title recirculation-link\"\n                        data-btn-name=\"Pre\u00e7o do g\u00e1s na Europa atinge m\u00e1xima do ano, \u00e0s v\u00e9speras de interrup\u00e7\u00e3o do fornecimento russo\"\n                        data-posicao=\"Leia mais\"\n                        data-click-url=\"https:\/\/investnews.com.br\/negocios\/preco-do-gas-na-europa-atinge-maxima-do-ano-as-vesperas-de-interrupcao-do-fornecimento-russo\/\"\n                    >\n                        Pre\u00e7o do g\u00e1s na Europa atinge m\u00e1xima do ano, \u00e0s v\u00e9speras de interrup\u00e7\u00e3o do fornecimento russo                    <\/a>\n                <\/li>\n                    <\/ul>\n    <\/div><\/section>\n\n\n\n<p>Prev\u00ea-se que a gera\u00e7\u00e3o e\u00f3lica caia mais do que o esperado anteriormente, caindo para cerca de 3 gigawatts em meio a uma onda de frio. A previs\u00e3o \u00e9 de que as temperaturas m\u00e9dias fiquem um pouco acima de zero na quarta-feira, bem abaixo do normal de 30 anos para essa \u00e9poca do ano.<\/p>\n\n\n\n<p>Os pre\u00e7os di\u00e1rios da energia el\u00e9trica no Reino Unido est\u00e3o entre \u00a3241 e \u00a3300 (entre R$ 1.829 e R$ 2.276) por megawatt-hora para esta tarde, de acordo com dados spot da Epex. Isso se compara a \u00a399 por megawatt-hora \u00e0s 16 horas de ter\u00e7a-feira.<\/p>\n\n\n\n<p>Os fluxos programados de interconex\u00e3o da Fran\u00e7a para o Reino Unido aumentaram, de acordo com a Elexon. As importa\u00e7\u00f5es de eletricidade por meio de enormes cabos que correm sob o mar para mercados na Europa, como a Fran\u00e7a e a Noruega, s\u00e3o uma parte fundamental do mix de energia da Gr\u00e3-Bretanha, apesar de o governo esperar tornar o Reino Unido um exportador l\u00edquido at\u00e9 2030.<\/p>\n\n\n\n<p>\u201cEssa \u00e9 uma ferramenta de rotina que usamos na maioria dos invernos e significa que estamos pedindo aos participantes do mercado que disponibilizem qualquer capacidade de gera\u00e7\u00e3o adicional que possam ter\u201d, disse um porta-voz da NESO em um comunicado. Isso \u201cn\u00e3o significa que o fornecimento de eletricidade esteja em risco\u201d.<\/p>\n\n\n\n<p>O vento \u00e9 agora a principal fonte de energia do Reino Unido, j\u00e1 que a produ\u00e7\u00e3o por g\u00e1s caiu para o n\u00edvel mais baixo da d\u00e9cada.<\/p>\n\n\n\n<p>As temperaturas podem cair para o n\u00edvel mais baixo deste inverno, chegando a -15\u00ba C em locais com neve na Esc\u00f3cia ou no norte da Inglaterra na noite de quinta-feira, de acordo com Chris Almond, vice-chefe de previs\u00e3o do Met Office.<\/p>\n","protected":false},"excerpt":{"rendered":"<p>Apesar do d\u00e9ficit causado pelo alto consumo dos aquecedores e baixa produ\u00e7\u00e3o e\u00f3lica, a importa\u00e7\u00e3o de energia da Europa continental afasta o risco de apag\u00f5es<\/p>\n","protected":false},"author":76,"featured_media":645146,"comment_status":"closed","ping_status":"closed","sticky":false,"template":"","format":"standard","meta":{"_acf_changed":false,"inline_featured_image":false,"footnotes":""},"categories":[5],"tags":[824,103110,1450,350],"autor-wsj":[],"coauthors":[101325],"class_list":["post-645140","post","type-post","status-publish","format-standard","has-post-thumbnail","hentry","category-economia","tag-energia","tag-energia-eolica","tag-gas-natural","tag-reino-unido"],"acf":[],"amp_enabled":true,"_links":{"self":[{"href":"https:\/\/investnews.com.br\/inv-api\/wp\/v2\/posts\/645140","targetHints":{"allow":["GET"]}}],"collection":[{"href":"https:\/\/investnews.com.br\/inv-api\/wp\/v2\/posts"}],"about":[{"href":"https:\/\/investnews.com.br\/inv-api\/wp\/v2\/types\/post"}],"author":[{"embeddable":true,"href":"https:\/\/investnews.com.br\/inv-api\/wp\/v2\/users\/76"}],"replies":[{"embeddable":true,"href":"https:\/\/investnews.com.br\/inv-api\/wp\/v2\/comments?post=645140"}],"version-history":[{"count":1,"href":"https:\/\/investnews.com.br\/inv-api\/wp\/v2\/posts\/645140\/revisions"}],"predecessor-version":[{"id":645148,"href":"https:\/\/investnews.com.br\/inv-api\/wp\/v2\/posts\/645140\/revisions\/645148"}],"wp:featuredmedia":[{"embeddable":true,"href":"https:\/\/investnews.com.br\/inv-api\/wp\/v2\/media\/645146"}],"wp:attachment":[{"href":"https:\/\/investnews.com.br\/inv-api\/wp\/v2\/media?parent=645140"}],"wp:term":[{"taxonomy":"category","embeddable":true,"href":"https:\/\/investnews.com.br\/inv-api\/wp\/v2\/categories?post=645140"},{"taxonomy":"post_tag","embeddable":true,"href":"https:\/\/investnews.com.br\/inv-api\/wp\/v2\/tags?post=645140"},{"taxonomy":"autor-wsj","embeddable":true,"href":"https:\/\/investnews.com.br\/inv-api\/wp\/v2\/autor-wsj?post=645140"},{"taxonomy":"author","embeddable":true,"href":"https:\/\/investnews.com.br\/inv-api\/wp\/v2\/coauthors?post=645140"}],"curies":[{"name":"wp","href":"https:\/\/api.w.org\/{rel}","templated":true}]}}