{"id":645742,"date":"2025-01-10T11:16:33","date_gmt":"2025-01-10T14:16:33","guid":{"rendered":"https:\/\/investnews.com.br\/?p=645742"},"modified":"2025-07-29T16:34:34","modified_gmt":"2025-07-29T19:34:34","slug":"otimismo-com-a-economia-da-argentina-pelos-proximos-meses-contamina-metade-da-populacao","status":"publish","type":"post","link":"https:\/\/investnews.com.br\/economia\/otimismo-com-a-economia-da-argentina-pelos-proximos-meses-contamina-metade-da-populacao\/","title":{"rendered":"Otimismo com a economia da Argentina pelos pr\u00f3ximos meses contamina metade da popula\u00e7\u00e3o"},"content":{"rendered":"\n<p>Os argentinos est\u00e3o se tornando mais otimistas em rela\u00e7\u00e3o ao futuro da economia de seu pa\u00eds, uma mudan\u00e7a que pode encorajar o presidente Javier Milei, que tem uma mentalidade austera, antes das elei\u00e7\u00f5es de meio de mandato no final deste ano.<\/p>\n\n\n\n<p>Quase metade dos argentinos &#8211; 49% &#8211; disse em dezembro que espera que a economia melhore nos pr\u00f3ximos seis meses, um aumento de oito pontos percentuais em rela\u00e7\u00e3o a outubro, de acordo com a LatAm Pulse, uma pesquisa realizada pela AtlasIntel para a Bloomberg News. A parcela que espera que a economia piore caiu para 39%, de 53% dois meses antes.<\/p>\n\n\n\n<p>Embora apenas 19% atualmente classifiquem a economia como boa, essa \u00e9 a primeira pesquisa da LatAm Pulse em que o n\u00famero de argentinos que expressam uma perspectiva positiva sobre os pr\u00f3ximos seis meses excedeu o n\u00famero dos que esperam tempos piores.<\/p>\n\n\n<section class=\"recirculation-area\">\n    <div class=\"container\">\n                <p class=\"title\">Leia mais<\/p>\n     \n            <ul class=\"recirculation-list\" data-tracking-position=\"Leia mais\">\n                            <li class=\"list-item\">\n                    <a \n                        href=\"https:\/\/investnews.com.br\/economia\/governo-milei-reforca-reservas-internacionais-da-argentina-com-acordo-de-us-1-bilhao\/\" \n                        title=\"Governo Milei refor\u00e7a reservas internacionais da Argentina com acordo de US$ 1 bilh\u00e3o\" \n                        class=\"item-title recirculation-link\"\n                        data-btn-name=\"Governo Milei refor\u00e7a reservas internacionais da Argentina com acordo de US$ 1 bilh\u00e3o\"\n                        data-posicao=\"Leia mais\"\n                        data-click-url=\"https:\/\/investnews.com.br\/economia\/governo-milei-reforca-reservas-internacionais-da-argentina-com-acordo-de-us-1-bilhao\/\"\n                    >\n                        Governo Milei refor\u00e7a reservas internacionais da Argentina com acordo de US$ 1 bilh\u00e3o                    <\/a>\n                <\/li>\n                            <li class=\"list-item\">\n                    <a \n                        href=\"https:\/\/investnews.com.br\/economia\/argentinos-ainda-buscam-nikes-e-big-macs-mais-baratos-no-exterior-por-causa-de-dolar-forte\/\" \n                        title=\"Argentinos ainda buscam Nikes e Big Macs mais baratos no exterior por causa de d\u00f3lar forte\" \n                        class=\"item-title recirculation-link\"\n                        data-btn-name=\"Argentinos ainda buscam Nikes e Big Macs mais baratos no exterior por causa de d\u00f3lar forte\"\n                        data-posicao=\"Leia mais\"\n                        data-click-url=\"https:\/\/investnews.com.br\/economia\/argentinos-ainda-buscam-nikes-e-big-macs-mais-baratos-no-exterior-por-causa-de-dolar-forte\/\"\n                    >\n                        Argentinos ainda buscam Nikes e Big Macs mais baratos no exterior por causa de d\u00f3lar forte                    <\/a>\n                <\/li>\n                            <li class=\"list-item\">\n                    <a \n                        href=\"https:\/\/investnews.com.br\/economia\/entre-milei-e-lula-paraguai-percorre-o-caminho-da-austeridade\/\" \n                        title=\"Entre Milei e Lula, Paraguai percorre o caminho da austeridade\" \n                        class=\"item-title recirculation-link\"\n                        data-btn-name=\"Entre Milei e Lula, Paraguai percorre o caminho da austeridade\"\n                        data-posicao=\"Leia mais\"\n                        data-click-url=\"https:\/\/investnews.com.br\/economia\/entre-milei-e-lula-paraguai-percorre-o-caminho-da-austeridade\/\"\n                    >\n                        Entre Milei e Lula, Paraguai percorre o caminho da austeridade                    <\/a>\n                <\/li>\n                    <\/ul>\n    <\/div><\/section>\n\n\n\n<p>Um sentimento crescente entre os consumidores de que os pr\u00f3ximos meses n\u00e3o ser\u00e3o t\u00e3o ruins quanto se pensava est\u00e1 entre os fatores que alimentam o otimismo. O n\u00famero de argentinos que disseram que esperam fazer menos compras nos pr\u00f3ximos seis meses caiu de 57% em outubro para 43% em dezembro.<\/p>\n\n\n\n<p>Milei est\u00e1 entrando em 2025 com um impulso a seu favor, que a perspectiva mais positiva deve fortalecer, potencialmente refor\u00e7ando sua for\u00e7a pol\u00edtica antes das elei\u00e7\u00f5es legislativas no final deste ano.<\/p>\n\n\n\n<p>A Argentina saiu de uma recess\u00e3o brutal no terceiro trimestre de 2024, e a atividade econ\u00f4mica est\u00e1 se recuperando, enquanto a infla\u00e7\u00e3o continua a arrefecer. O banco central divulgou na semana passada um acordo de recompra de US$ 1 bilh\u00e3o com cinco credores internacionais, incluindo alguns bancos de Wall Street, um voto de confian\u00e7a dos mercados. Milei tamb\u00e9m est\u00e1 prevendo apoio adicional dos EUA quando o presidente eleito Donald Trump assumir o cargo no final de janeiro.<\/p>\n\n\n\n<p>O \u00edndice de aprova\u00e7\u00e3o do presidente libert\u00e1rio permaneceu est\u00e1vel em 47% em dezembro, segundo a pesquisa.<\/p>\n\n\n\n<p>A AtlasIntel entrevistou 1.842 pessoas na Argentina entre 27 e 31 de dezembro. A pesquisa tem um n\u00edvel de confian\u00e7a de 95% e uma margem de erro de mais ou menos dois pontos percentuais.<\/p>\n","protected":false},"excerpt":{"rendered":"<p>Os argentinos est\u00e3o se tornando mais otimistas em rela\u00e7\u00e3o ao futuro da economia de seu pa\u00eds, uma mudan\u00e7a que pode encorajar o presidente Javier Milei, que tem uma mentalidade austera, antes das elei\u00e7\u00f5es de meio de mandato no final deste ano. Quase metade dos argentinos &#8211; 49% &#8211; disse em dezembro que espera que a [&hellip;]<\/p>\n","protected":false},"author":76,"featured_media":645750,"comment_status":"closed","ping_status":"closed","sticky":false,"template":"","format":"standard","meta":{"_acf_changed":false,"inline_featured_image":false,"footnotes":""},"categories":[5],"tags":[109771,499,103092],"autor-wsj":[],"coauthors":[101325],"class_list":["post-645742","post","type-post","status-publish","format-standard","has-post-thumbnail","hentry","category-economia","tag-argentina","tag-economia","tag-javier-milei"],"acf":[],"amp_enabled":true,"_links":{"self":[{"href":"https:\/\/investnews.com.br\/inv-api\/wp\/v2\/posts\/645742","targetHints":{"allow":["GET"]}}],"collection":[{"href":"https:\/\/investnews.com.br\/inv-api\/wp\/v2\/posts"}],"about":[{"href":"https:\/\/investnews.com.br\/inv-api\/wp\/v2\/types\/post"}],"author":[{"embeddable":true,"href":"https:\/\/investnews.com.br\/inv-api\/wp\/v2\/users\/76"}],"replies":[{"embeddable":true,"href":"https:\/\/investnews.com.br\/inv-api\/wp\/v2\/comments?post=645742"}],"version-history":[{"count":2,"href":"https:\/\/investnews.com.br\/inv-api\/wp\/v2\/posts\/645742\/revisions"}],"predecessor-version":[{"id":645751,"href":"https:\/\/investnews.com.br\/inv-api\/wp\/v2\/posts\/645742\/revisions\/645751"}],"wp:featuredmedia":[{"embeddable":true,"href":"https:\/\/investnews.com.br\/inv-api\/wp\/v2\/media\/645750"}],"wp:attachment":[{"href":"https:\/\/investnews.com.br\/inv-api\/wp\/v2\/media?parent=645742"}],"wp:term":[{"taxonomy":"category","embeddable":true,"href":"https:\/\/investnews.com.br\/inv-api\/wp\/v2\/categories?post=645742"},{"taxonomy":"post_tag","embeddable":true,"href":"https:\/\/investnews.com.br\/inv-api\/wp\/v2\/tags?post=645742"},{"taxonomy":"autor-wsj","embeddable":true,"href":"https:\/\/investnews.com.br\/inv-api\/wp\/v2\/autor-wsj?post=645742"},{"taxonomy":"author","embeddable":true,"href":"https:\/\/investnews.com.br\/inv-api\/wp\/v2\/coauthors?post=645742"}],"curies":[{"name":"wp","href":"https:\/\/api.w.org\/{rel}","templated":true}]}}