{"id":646544,"date":"2025-01-15T10:14:57","date_gmt":"2025-01-15T13:14:57","guid":{"rendered":"https:\/\/investnews.com.br\/?p=646544"},"modified":"2025-01-15T11:08:47","modified_gmt":"2025-01-15T14:08:47","slug":"preocupacao-geopolitica-tira-financas-do-foco-do-forum-economico-mundial-em-davos","status":"publish","type":"post","link":"https:\/\/investnews.com.br\/economia\/preocupacao-geopolitica-tira-financas-do-foco-do-forum-economico-mundial-em-davos\/","title":{"rendered":"Preocupa\u00e7\u00e3o com a geopol\u00edtica deixa economia escanteada no F\u00f3rum de Davos"},"content":{"rendered":"\n<p>A guerra \u00e9 a principal preocupa\u00e7\u00e3o dos especialistas em risco entrevistados pelo F\u00f3rum Econ\u00f4mico Mundial, apesar da promessa do novo presidente dos EUA, Donald Trump, de acabar com as hostilidades na Ucr\u00e2nia.<\/p>\n\n\n\n<p>O \u201cconflito armado entre Estados\u201d \u00e9 a preocupa\u00e7\u00e3o imediata mais urgente para 2025, citada por cerca de um quarto dos 900 entrevistados em uma pesquisa anual divulgada poucos dias antes da reuni\u00e3o de elite da organiza\u00e7\u00e3o no resort montanhoso su\u00ed\u00e7o de Davos.<\/p>\n\n\n\n<p>O Relat\u00f3rio de Riscos Globais do f\u00f3rum, agora em sua 20\u00aa edi\u00e7\u00e3o, fornece a m\u00fasica ambiente para um evento em que uma multid\u00e3o de l\u00edderes mundiais se misturar\u00e1 com executivos de neg\u00f3cios, totalizando mais de 3.000 participantes.<\/p>\n\n\n\n<p>A avalia\u00e7\u00e3o sugere que qualquer sensa\u00e7\u00e3o de seguran\u00e7a proporcionada pelos milhares de policiais e militares su\u00ed\u00e7os que fazem patrulhas em temperaturas congelantes do lado de fora n\u00e3o pode ser considerada garantida em outros lugares.<\/p>\n\n\n<section class=\"recirculation-area\">\n    <div class=\"container\">\n                <p class=\"title\">Leia mais<\/p>\n     \n            <ul class=\"recirculation-list\" data-tracking-position=\"Leia mais\">\n                            <li class=\"list-item\">\n                    <a \n                        href=\"https:\/\/investnews.com.br\/negocios\/proibicao-do-tiktok-coloca-apple-e-google-na-disputa-geopolitica-entre-eua-e-china\/\" \n                        title=\"Proibi\u00e7\u00e3o do TikTok coloca Apple e Google na disputa geopol\u00edtica entre EUA e China\" \n                        class=\"item-title recirculation-link\"\n                        data-btn-name=\"Proibi\u00e7\u00e3o do TikTok coloca Apple e Google na disputa geopol\u00edtica entre EUA e China\"\n                        data-posicao=\"Leia mais\"\n                        data-click-url=\"https:\/\/investnews.com.br\/negocios\/proibicao-do-tiktok-coloca-apple-e-google-na-disputa-geopolitica-entre-eua-e-china\/\"\n                    >\n                        Proibi\u00e7\u00e3o do TikTok coloca Apple e Google na disputa geopol\u00edtica entre EUA e China                    <\/a>\n                <\/li>\n                            <li class=\"list-item\">\n                    <a \n                        href=\"https:\/\/investnews.com.br\/negocios\/a-guerra-dos-chips-esquentou-mubadala-quer-samsung-nos-emirados-arabes-e-intel-vira-alvo-da-qualcomm\/\" \n                        title=\"A &#8216;guerra dos chips&#8217; esquentou: Mubadala quer Samsung nos Emirados \u00c1rabes e Intel vira alvo da Qualcomm\" \n                        class=\"item-title recirculation-link\"\n                        data-btn-name=\"A &#8216;guerra dos chips&#8217; esquentou: Mubadala quer Samsung nos Emirados \u00c1rabes e Intel vira alvo da Qualcomm\"\n                        data-posicao=\"Leia mais\"\n                        data-click-url=\"https:\/\/investnews.com.br\/negocios\/a-guerra-dos-chips-esquentou-mubadala-quer-samsung-nos-emirados-arabes-e-intel-vira-alvo-da-qualcomm\/\"\n                    >\n                        A &#8216;guerra dos chips&#8217; esquentou: Mubadala quer Samsung nos Emirados \u00c1rabes e Intel vira alvo da Qualcomm                    <\/a>\n                <\/li>\n                            <li class=\"list-item\">\n                    <a \n                        href=\"https:\/\/investnews.com.br\/economia\/no-ultimo-dia-do-g20-no-rio-lideres-focam-medidas-para-mudanca-climatica\/\" \n                        title=\"No \u00faltimo dia do G20 no Rio, l\u00edderes focam medidas para mudan\u00e7a clim\u00e1tica\" \n                        class=\"item-title recirculation-link\"\n                        data-btn-name=\"No \u00faltimo dia do G20 no Rio, l\u00edderes focam medidas para mudan\u00e7a clim\u00e1tica\"\n                        data-posicao=\"Leia mais\"\n                        data-click-url=\"https:\/\/investnews.com.br\/economia\/no-ultimo-dia-do-g20-no-rio-lideres-focam-medidas-para-mudanca-climatica\/\"\n                    >\n                        No \u00faltimo dia do G20 no Rio, l\u00edderes focam medidas para mudan\u00e7a clim\u00e1tica                    <\/a>\n                <\/li>\n                    <\/ul>\n    <\/div><\/section>\n\n\n\n<p>\u201cO aumento das tens\u00f5es geopol\u00edticas, o rompimento da confian\u00e7a global e a crise clim\u00e1tica est\u00e3o pressionando o sistema global como nunca antes\u201d, disse Mirek Du\u0161ek, Diretor Geral do WEF. \u201cEm um mundo marcado por divis\u00f5es cada vez mais profundas e riscos em cascata, os l\u00edderes globais t\u00eam uma escolha: promover a colabora\u00e7\u00e3o e a resili\u00eancia ou enfrentar a instabilidade agravada.\u201d<\/p>\n\n\n\n<p>A preocupa\u00e7\u00e3o com a guerra como um risco imediato \u00e9 ainda mais not\u00e1vel, considerando que Trump fez do fim do conflito na Ucr\u00e2nia uma prioridade p\u00fablica. Seu indicado para enviado especial ao pa\u00eds, Keith Kellogg, disse \u00e0 Fox News na semana passada que quer uma solu\u00e7\u00e3o para o pa\u00eds nos primeiros 100 dias do governo.<\/p>\n\n\n\n<p>Enquanto isso, no Oriente M\u00e9dio, o Hamas e Israel est\u00e3o \u201cprestes\u201d a chegar a um acordo, de acordo com o presidente cessante dos EUA, Joe Biden.<\/p>\n\n\n\n<p>No entanto, Trump n\u00e3o ter\u00e1 ajudado a dissipar qualquer impress\u00e3o geral de um apetite por conflitos, tendo come\u00e7ado o ano recusando-se a descartar o uso de for\u00e7a militar para tomar o Canal do Panam\u00e1 ou a Groenl\u00e2ndia.<\/p>\n\n\n\n<p>Sua participa\u00e7\u00e3o virtual no f\u00f3rum, programada para 23 de janeiro, tr\u00eas dias ap\u00f3s sua posse, ser\u00e1 analisada para se obter mais pistas sobre suas inten\u00e7\u00f5es. De modo mais geral, a geopol\u00edtica pode ser um tema recorrente em Davos, com a presen\u00e7a de v\u00e1rios protagonistas importantes, incluindo o presidente ucraniano Volodymyr Zelenskiy e o chefe da OTAN, Mark Rutte.<\/p>\n\n\n\n<p>Em segundo lugar entre os principais riscos citados na pesquisa para este ano est\u00e1 o perigo de eventos clim\u00e1ticos extremos &#8211; uma inclus\u00e3o oportuna, considerando a luta da Calif\u00f3rnia para reprimir inc\u00eandios florestais devastadores alimentados por ventos fortes e um inverno excepcionalmente seco.<\/p>\n\n\n\n<p>A gravidade de todos os fatores listados na classifica\u00e7\u00e3o, inclusive a desigualdade, a polariza\u00e7\u00e3o social e a espionagem cibern\u00e9tica, aumentar\u00e1 a longo prazo, de acordo com uma pontua\u00e7\u00e3o citada pelo f\u00f3rum.<\/p>\n\n\n\n<p>Isso reflete \u201cas preocupa\u00e7\u00f5es dos entrevistados sobre o aumento da frequ\u00eancia ou da intensidade desses riscos \u00e0 medida que a pr\u00f3xima d\u00e9cada se desenrola\u201d, disse o relat\u00f3rio.<\/p>\n","protected":false},"excerpt":{"rendered":"<p>O conflito armado entre Estados \u00e9 a<br \/>\nmaior preocupa\u00e7\u00e3o para um quarto dos 900 entrevistados pelo WEF<\/p>\n","protected":false},"author":76,"featured_media":646548,"comment_status":"closed","ping_status":"closed","sticky":false,"template":"","format":"standard","meta":{"_acf_changed":false,"inline_featured_image":false,"footnotes":""},"categories":[5],"tags":[499],"autor-wsj":[],"coauthors":[101325],"class_list":["post-646544","post","type-post","status-publish","format-standard","has-post-thumbnail","hentry","category-economia","tag-economia"],"acf":[],"amp_enabled":true,"_links":{"self":[{"href":"https:\/\/investnews.com.br\/inv-api\/wp\/v2\/posts\/646544","targetHints":{"allow":["GET"]}}],"collection":[{"href":"https:\/\/investnews.com.br\/inv-api\/wp\/v2\/posts"}],"about":[{"href":"https:\/\/investnews.com.br\/inv-api\/wp\/v2\/types\/post"}],"author":[{"embeddable":true,"href":"https:\/\/investnews.com.br\/inv-api\/wp\/v2\/users\/76"}],"replies":[{"embeddable":true,"href":"https:\/\/investnews.com.br\/inv-api\/wp\/v2\/comments?post=646544"}],"version-history":[{"count":3,"href":"https:\/\/investnews.com.br\/inv-api\/wp\/v2\/posts\/646544\/revisions"}],"predecessor-version":[{"id":646572,"href":"https:\/\/investnews.com.br\/inv-api\/wp\/v2\/posts\/646544\/revisions\/646572"}],"wp:featuredmedia":[{"embeddable":true,"href":"https:\/\/investnews.com.br\/inv-api\/wp\/v2\/media\/646548"}],"wp:attachment":[{"href":"https:\/\/investnews.com.br\/inv-api\/wp\/v2\/media?parent=646544"}],"wp:term":[{"taxonomy":"category","embeddable":true,"href":"https:\/\/investnews.com.br\/inv-api\/wp\/v2\/categories?post=646544"},{"taxonomy":"post_tag","embeddable":true,"href":"https:\/\/investnews.com.br\/inv-api\/wp\/v2\/tags?post=646544"},{"taxonomy":"autor-wsj","embeddable":true,"href":"https:\/\/investnews.com.br\/inv-api\/wp\/v2\/autor-wsj?post=646544"},{"taxonomy":"author","embeddable":true,"href":"https:\/\/investnews.com.br\/inv-api\/wp\/v2\/coauthors?post=646544"}],"curies":[{"name":"wp","href":"https:\/\/api.w.org\/{rel}","templated":true}]}}