{"id":647309,"date":"2025-01-18T12:32:37","date_gmt":"2025-01-18T15:32:37","guid":{"rendered":"https:\/\/investnews.com.br\/?p=647309"},"modified":"2025-08-08T15:57:29","modified_gmt":"2025-08-08T18:57:29","slug":"trump-inicia-deportacoes-em-massa-na-proxima-terca-feira-21","status":"publish","type":"post","link":"https:\/\/investnews.com.br\/the-wall-street-journal\/trump-inicia-deportacoes-em-massa-na-proxima-terca-feira-21\/","title":{"rendered":"Trump prepara deporta\u00e7\u00f5es em massa a partir de ter\u00e7a-feira (21)"},"content":{"rendered":"<p>O novo governo de Donald Trump est\u00e1 planejando uma grande opera\u00e7\u00e3o de imigra\u00e7\u00e3o em Chicago na pr\u00f3xima semana, segundo quatro pessoas com conhecimento do assunto. Esta ser\u00e1 a primeira a\u00e7\u00e3o da campanha de deporta\u00e7\u00e3o em massa prometida pelo presidente eleito.<\/p><p>A opera\u00e7\u00e3o deve come\u00e7ar na manh\u00e3 de ter\u00e7a-feira (21), um dia ap\u00f3s a posse de Trump, e se estender\u00e1 por toda a semana. O Servi\u00e7o de Imigra\u00e7\u00e3o e Controle de Alf\u00e2ndega dos EUA (ICE) enviar\u00e1 entre 100 e 200 agentes para executar a opera\u00e7\u00e3o.<\/p><p>Trump concorreu \u00e0 presid\u00eancia com a ousada promessa de realizar a maior deporta\u00e7\u00e3o em massa da hist\u00f3ria dos EUA.<\/p><p>A equipe de Trump pretende focar em imigrantes ilegais com antecedentes criminais \u2014 muitos com infra\u00e7\u00f5es consideradas menores pelo governo Biden, como viola\u00e7\u00f5es de tr\u00e2nsito. No entanto, as fontes alertaram que qualquer outra pessoa em situa\u00e7\u00e3o irregular presente durante uma pris\u00e3o tamb\u00e9m ser\u00e1 detida.<\/p><p>A equipe de transi\u00e7\u00e3o considerou diversas cidades para essa opera\u00e7\u00e3o inicial, com o objetivo de enviar um recado \u00e0s chamadas &#8220;cidades santu\u00e1rio&#8221;, que adotam pol\u00edticas de restri\u00e7\u00e3o \u00e0 coopera\u00e7\u00e3o com autoridades federais de imigra\u00e7\u00e3o. Chicago foi escolhida tanto pelo grande n\u00famero de imigrantes potenciais alvos quanto pela rivalidade p\u00fablica entre a equipe de Trump e o prefeito democrata da cidade, Brandon Johnson.<\/p><p>Embora ainda n\u00e3o esteja claro quantas pessoas ser\u00e3o alvo da opera\u00e7\u00e3o, a equipe de Trump planeja trabalhar com ve\u00edculos de m\u00eddia conservadores para amplificar a repercuss\u00e3o da a\u00e7\u00e3o.<\/p><section class=\"recirculation-area\">\n    <div class=\"container\">\n                <p class=\"title\">Leia tamb\u00e9m:<\/p>\n     \n            <ul class=\"recirculation-list\" data-tracking-position=\"outros\">\n                            <li class=\"list-item\">\n                    <a \n                        href=\"https:\/\/investnews.com.br\/economia\/como-os-2-milhoes-de-imigrantes-brasileiros-podem-ser-afetados-se-trump-voltar-a-casa-branca\/\" \n                        title=\"Como os 2 milh\u00f5es de imigrantes brasileiros podem ser afetados se Trump voltar \u00e0 Casa Branca\" \n                        class=\"item-title recirculation-link\"\n                        data-btn-name=\"Como os 2 milh\u00f5es de imigrantes brasileiros podem ser afetados se Trump voltar \u00e0 Casa Branca\"\n                        data-posicao=\"outros\"\n                        data-click-url=\"https:\/\/investnews.com.br\/economia\/como-os-2-milhoes-de-imigrantes-brasileiros-podem-ser-afetados-se-trump-voltar-a-casa-branca\/\"\n                    >\n                        Como os 2 milh\u00f5es de imigrantes brasileiros podem ser afetados se Trump voltar \u00e0 Casa Branca                    <\/a>\n                <\/li>\n                            <li class=\"list-item\">\n                    <a \n                        href=\"https:\/\/investnews.com.br\/economia\/deportacoes-nos-eua-atingiram-nivel-mais-alto-da-decada-no-ano-fiscal-de-2024-superando-os-anos-trump\/\" \n                        title=\"Deporta\u00e7\u00f5es nos EUA atingiram n\u00edvel mais alto da d\u00e9cada no ano fiscal de 2024, superando os anos Trump\" \n                        class=\"item-title recirculation-link\"\n                        data-btn-name=\"Deporta\u00e7\u00f5es nos EUA atingiram n\u00edvel mais alto da d\u00e9cada no ano fiscal de 2024, superando os anos Trump\"\n                        data-posicao=\"outros\"\n                        data-click-url=\"https:\/\/investnews.com.br\/economia\/deportacoes-nos-eua-atingiram-nivel-mais-alto-da-decada-no-ano-fiscal-de-2024-superando-os-anos-trump\/\"\n                    >\n                        Deporta\u00e7\u00f5es nos EUA atingiram n\u00edvel mais alto da d\u00e9cada no ano fiscal de 2024, superando os anos Trump                    <\/a>\n                <\/li>\n                            <li class=\"list-item\">\n                    <a \n                        href=\"https:\/\/investnews.com.br\/economia\/americanos-querem-que-trump-resolva-imigracao-primeiro-e-desigualdade-de-renda-na-sequencia\/\" \n                        title=\"Americanos querem que Trump resolva imigra\u00e7\u00e3o primeiro e desigualdade de renda na sequ\u00eancia\" \n                        class=\"item-title recirculation-link\"\n                        data-btn-name=\"Americanos querem que Trump resolva imigra\u00e7\u00e3o primeiro e desigualdade de renda na sequ\u00eancia\"\n                        data-posicao=\"outros\"\n                        data-click-url=\"https:\/\/investnews.com.br\/economia\/americanos-querem-que-trump-resolva-imigracao-primeiro-e-desigualdade-de-renda-na-sequencia\/\"\n                    >\n                        Americanos querem que Trump resolva imigra\u00e7\u00e3o primeiro e desigualdade de renda na sequ\u00eancia                    <\/a>\n                <\/li>\n                    <\/ul>\n    <\/div><\/section>\n<p>Tom Homan, futuro chefe de fronteiras da administra\u00e7\u00e3o, deu ind\u00edcios sobre a opera\u00e7\u00e3o durante uma visita a Chicago no m\u00eas passado.<\/p><p>&#8220;Vamos come\u00e7ar bem aqui em Chicago, Illinois&#8221;, disse Homan em uma festa de fim de ano no North Side da cidade. &#8220;Se o prefeito de Chicago n\u00e3o quiser ajudar, que se afaste. Mas se ele tentar nos impedir, se ele esconder ou proteger conscientemente um imigrante ilegal, eu vou process\u00e1-lo.&#8221;<\/p><p>Em resposta aos coment\u00e1rios de Homan, o governador de Illinois, JB Pritzker, democrata, afirmou: &#8220;Vou garantir que a lei seja cumprida. Estou preocupado que a administra\u00e7\u00e3o Trump e seus aliados n\u00e3o sigam a lei.&#8221;<\/p><p>A equipe de transi\u00e7\u00e3o de Trump e o ICE n\u00e3o responderam imediatamente aos pedidos de coment\u00e1rio na sexta-feira, assim como os representantes de Pritzker e Johnson.<\/p><p>Grandes centros de imigra\u00e7\u00e3o, como Nova York, Los Angeles, Denver e Miami, tamb\u00e9m est\u00e3o na mira da nova administra\u00e7\u00e3o, e outras opera\u00e7\u00f5es espec\u00edficas podem ocorrer. Para viabilizar essas a\u00e7\u00f5es, a equipe de Trump estuda mudan\u00e7as amplas que deem mais poder aos xerifes locais, oferecendo recompensas a jurisdi\u00e7\u00f5es que cooperarem e impondo san\u00e7\u00f5es financeiras \u00e0s que resistirem.<\/p><p>Homan, por exemplo, j\u00e1 amea\u00e7ou publicamente prender o prefeito de Denver, que tem criticado abertamente os planos de imigra\u00e7\u00e3o de Trump.<\/p><p>O Departamento de Pol\u00edcia do Condado de Los Angeles afirmou em nota que, desde 2020, autoridades locais est\u00e3o proibidas de colaborar com \u00f3rg\u00e3os federais de imigra\u00e7\u00e3o, que n\u00e3o podem usar propriedades, bancos de dados ou funcion\u00e1rios do condado sem um mandado federal. &#8220;Estamos aqui para proteger as comunidades que servimos, n\u00e3o para aplicar leis de imigra\u00e7\u00e3o&#8221;, afirmou o departamento.<\/p><p>Os conselheiros de Trump disseram que pretendem penalizar as cidades santu\u00e1rio cortando bilh\u00f5es de d\u00f3lares em repasses federais.<\/p><p>Com a posse de Trump se aproximando, rumores sobre opera\u00e7\u00f5es do ICE se espalharam nas redes sociais nos \u00faltimos dias. A Coaliz\u00e3o pelos Direitos Humanos dos Imigrantes de Los Angeles (CHIRLA) informou ter realizado mais de 140 workshops desde a elei\u00e7\u00e3o para orientar imigrantes sobre seus direitos, recursos legais e como agir se abordados por agentes do ICE.<\/p><figure class=\"wp-block-image size-large\"><img loading=\"lazy\" decoding=\"async\" width=\"1024\" height=\"683\" src=\"https:\/\/media.investnews.com.br\/uploads\/2024\/11\/394167308-1024x683.jpg\" alt=\"Homens sentados no ch\u00e3o diante de um muro de fronteira alto de metal com barras verticais.\" class=\"wp-image-628842\" srcset=\"https:\/\/media.investnews.com.br\/uploads\/2024\/11\/394167308-1024x683.jpg 1024w, https:\/\/media.investnews.com.br\/uploads\/2024\/11\/394167308-300x200.jpg 300w, https:\/\/media.investnews.com.br\/uploads\/2024\/11\/394167308-768x512.jpg 768w, https:\/\/media.investnews.com.br\/uploads\/2024\/11\/394167308-1536x1025.jpg 1536w, https:\/\/media.investnews.com.br\/uploads\/2024\/11\/394167308-2048x1366.jpg 2048w, https:\/\/media.investnews.com.br\/uploads\/2024\/11\/394167308-1256x838.jpg 1256w, https:\/\/media.investnews.com.br\/uploads\/2024\/11\/394167308-172x115.jpg 172w, https:\/\/media.investnews.com.br\/uploads\/2024\/11\/394167308-150x100.jpg 150w\" sizes=\"auto, (max-width: 1024px) 100vw, 1024px\" \/><figcaption class=\"wp-element-caption\">Imigrantes em busca de asilo esperam para serem levados sob cust\u00f3dia por agentes da Alf\u00e2ndega e Prote\u00e7\u00e3o de Fronteiras dos EUA em Yuma, Arizona, EUA, no domingo, 20 de fevereiro de 2022. Foto: Nicolo Filippo Rosso\/Bloomberg<\/figcaption><\/figure><p>&#8220;Se a inten\u00e7\u00e3o \u00e9 instaurar um clima de terror e persegui\u00e7\u00e3o, a administra\u00e7\u00e3o Trump est\u00e1 sendo muito eficaz&#8221;, disse Jorge-Mario Cabrera, porta-voz da CHIRLA.<\/p><p>Com o envelhecimento da popula\u00e7\u00e3o americana, a economia dos EUA tem se tornado cada vez mais dependente da m\u00e3o de obra imigrante, especialmente nos setores de alimenta\u00e7\u00e3o, constru\u00e7\u00e3o civil e servi\u00e7os.<\/p><p>Desde o fim de 2020, cerca de 10 milh\u00f5es de pessoas migraram para os EUA, descontando aqueles que deixaram o pa\u00eds, tanto de forma legal quanto ilegal. Essas chegadas ajudaram a reduzir a escassez de m\u00e3o de obra e impulsionaram o crescimento econ\u00f4mico.<\/p><p>Economistas e l\u00edderes empresariais afirmam que deporta\u00e7\u00f5es na escala sugerida por Trump causariam um choque na economia, afetando setores essenciais j\u00e1 impactados por falta de trabalhadores.<\/p><p>Muitos eleitores sentiram que as pol\u00edticas de fronteira do presidente Biden sobrecarregaram cidades e escolas pelo pa\u00eds. Na elei\u00e7\u00e3o de novembro, a imigra\u00e7\u00e3o foi uma das principais preocupa\u00e7\u00f5es dos eleitores, ficando atr\u00e1s apenas da economia, segundo pesquisas.<\/p><p>Chicago se tornou um ponto de tens\u00e3o pol\u00edtica durante o governo Biden, quando o governador do Texas, Greg Abbott, come\u00e7ou a enviar \u00f4nibus com migrantes que buscavam asilo na fronteira sul para Chicago e outras cidades do norte. Desde agosto de 2022, mais de 51 mil migrantes chegaram \u00e0 cidade, segundo dados da prefeitura.<\/p><p>Fasika Alem, diretora de programas da Organiza\u00e7\u00e3o Unida Africana em Chicago, afirmou que seu grupo e outras organiza\u00e7\u00f5es t\u00eam se mobilizado para garantir que as pessoas conhe\u00e7am seus direitos e tenham planos para cuidar de seus filhos caso sejam separadas.<\/p><p>&#8220;Estamos preparando nossa comunidade para estar pronta&#8221;, disse ela. &#8220;\u00c9 assim que estamos lidando com a situa\u00e7\u00e3o.&#8221;<\/p><p>O Departamento de Pol\u00edcia de Chicago encaminhou qualquer questionamento sobre a\u00e7\u00f5es de imigra\u00e7\u00e3o ao governo federal.<\/p><p>Em nota, o departamento citou a Lei da Cidade Acolhedora de Chicago, pela qual a pol\u00edcia &#8220;n\u00e3o registra o status migrat\u00f3rio&#8221; nem compartilha informa\u00e7\u00f5es com autoridades federais de imigra\u00e7\u00e3o. &#8220;N\u00e3o vamos intervir ou impedir que outros \u00f3rg\u00e3os governamentais desempenhem suas fun\u00e7\u00f5es&#8221;, completou.<\/p><p><em>Escreva para Michelle Hackman em michelle.hackman@wsj.com e Joe Barrett em Joseph.Barrett@wsj.com.<\/em><\/p>\n","protected":false},"excerpt":{"rendered":"<p>Imigrantes que vivem em Miami, Los Angeles, Nova York, Chicago e Denver est\u00e3o na mira do novo governo<\/p>\n","protected":false},"author":104,"featured_media":624777,"comment_status":"closed","ping_status":"closed","sticky":false,"template":"","format":"standard","meta":{"_acf_changed":false,"inline_featured_image":false,"footnotes":""},"categories":[103073],"tags":[79,78],"autor-wsj":[103205,103204,102596],"coauthors":[102045],"class_list":["post-647309","post","type-post","status-publish","format-standard","has-post-thumbnail","hentry","category-the-wall-street-journal","tag-donald-trump","tag-estados-unidos","autor-wsj-joe-barrett","autor-wsj-michelle-hackman","autor-wsj-paul-kiernan"],"acf":[],"amp_enabled":true,"_links":{"self":[{"href":"https:\/\/investnews.com.br\/inv-api\/wp\/v2\/posts\/647309","targetHints":{"allow":["GET"]}}],"collection":[{"href":"https:\/\/investnews.com.br\/inv-api\/wp\/v2\/posts"}],"about":[{"href":"https:\/\/investnews.com.br\/inv-api\/wp\/v2\/types\/post"}],"author":[{"embeddable":true,"href":"https:\/\/investnews.com.br\/inv-api\/wp\/v2\/users\/104"}],"replies":[{"embeddable":true,"href":"https:\/\/investnews.com.br\/inv-api\/wp\/v2\/comments?post=647309"}],"version-history":[{"count":4,"href":"https:\/\/investnews.com.br\/inv-api\/wp\/v2\/posts\/647309\/revisions"}],"predecessor-version":[{"id":702009,"href":"https:\/\/investnews.com.br\/inv-api\/wp\/v2\/posts\/647309\/revisions\/702009"}],"wp:featuredmedia":[{"embeddable":true,"href":"https:\/\/investnews.com.br\/inv-api\/wp\/v2\/media\/624777"}],"wp:attachment":[{"href":"https:\/\/investnews.com.br\/inv-api\/wp\/v2\/media?parent=647309"}],"wp:term":[{"taxonomy":"category","embeddable":true,"href":"https:\/\/investnews.com.br\/inv-api\/wp\/v2\/categories?post=647309"},{"taxonomy":"post_tag","embeddable":true,"href":"https:\/\/investnews.com.br\/inv-api\/wp\/v2\/tags?post=647309"},{"taxonomy":"autor-wsj","embeddable":true,"href":"https:\/\/investnews.com.br\/inv-api\/wp\/v2\/autor-wsj?post=647309"},{"taxonomy":"author","embeddable":true,"href":"https:\/\/investnews.com.br\/inv-api\/wp\/v2\/coauthors?post=647309"}],"curies":[{"name":"wp","href":"https:\/\/api.w.org\/{rel}","templated":true}]}}