{"id":647501,"date":"2025-01-20T15:56:45","date_gmt":"2025-01-20T18:56:45","guid":{"rendered":"https:\/\/investnews.com.br\/?p=647501"},"modified":"2025-09-05T15:13:48","modified_gmt":"2025-09-05T18:13:48","slug":"trump-discursara-para-a-elite-de-davos-poucos-dias-apos-a-posse","status":"publish","type":"post","link":"https:\/\/investnews.com.br\/economia\/trump-discursara-para-a-elite-de-davos-poucos-dias-apos-a-posse\/","title":{"rendered":"Trump discursar\u00e1 para a elite de Davos poucos dias ap\u00f3s a posse"},"content":{"rendered":"\n<p>Donald Trump far\u00e1 um discurso virtual em Davos apenas tr\u00eas dias ap\u00f3s sua posse como presidente dos EUA, no que provavelmente ser\u00e1 uma das apresenta\u00e7\u00f5es mais observadas no F\u00f3rum Econ\u00f4mico Mundial.<\/p>\n\n\n\n<p>Sua participa\u00e7\u00e3o logo ap\u00f3s entrar na Casa Branca promete ser um dos destaques do encontro anual da elite no resort de montanha su\u00ed\u00e7o, onde mais de 60 chefes de Estado e governo devem comparecer entre os dias 20 e 24 de janeiro.<\/p>\n\n\n\n<p>Os coment\u00e1rios de Trump garantir\u00e3o que as lideran\u00e7as dos EUA, China e Uni\u00e3o Europeia estejam todas representadas de alguma forma, de acordo com o f\u00f3rum. A presidente da Comiss\u00e3o Europeia, Ursula von der Leyen, estar\u00e1 l\u00e1 pessoalmente, assim como o vice-primeiro-ministro chin\u00eas Ding Xuexiang.<\/p>\n\n\n<section class=\"recirculation-area\">\n    <div class=\"container\">\n                <p class=\"title\">Leia mais<\/p>\n     \n            <ul class=\"recirculation-list\" data-tracking-position=\"Leia mais\">\n                            <li class=\"list-item\">\n                    <a \n                        href=\"https:\/\/investnews.com.br\/the-wall-street-journal\/trump-se-saira-melhor-no-segundo-mandato\/\" \n                        title=\"Trump se sair\u00e1 melhor no segundo mandato?\" \n                        class=\"item-title recirculation-link\"\n                        data-btn-name=\"Trump se sair\u00e1 melhor no segundo mandato?\"\n                        data-posicao=\"Leia mais\"\n                        data-click-url=\"https:\/\/investnews.com.br\/the-wall-street-journal\/trump-se-saira-melhor-no-segundo-mandato\/\"\n                    >\n                        Trump se sair\u00e1 melhor no segundo mandato?                    <\/a>\n                <\/li>\n                            <li class=\"list-item\">\n                    <a \n                        href=\"https:\/\/investnews.com.br\/economia\/trump-vai-adiar-tarifas-imediatas-sobre-china-e-pede-estudo\/\" \n                        title=\"Trump vai adiar tarifas imediatas sobre China e pede estudo\" \n                        class=\"item-title recirculation-link\"\n                        data-btn-name=\"Trump vai adiar tarifas imediatas sobre China e pede estudo\"\n                        data-posicao=\"Leia mais\"\n                        data-click-url=\"https:\/\/investnews.com.br\/economia\/trump-vai-adiar-tarifas-imediatas-sobre-china-e-pede-estudo\/\"\n                    >\n                        Trump vai adiar tarifas imediatas sobre China e pede estudo                    <\/a>\n                <\/li>\n                            <li class=\"list-item\">\n                    <a \n                        href=\"https:\/\/investnews.com.br\/the-wall-street-journal\/trump-esta-preparado-para-contornar-o-congresso-em-relacao-a-fronteira-e-tarifas\/\" \n                        title=\"Trump tem tudo pronto para contornar o Congresso em rela\u00e7\u00e3o a fronteira e tarifas\" \n                        class=\"item-title recirculation-link\"\n                        data-btn-name=\"Trump tem tudo pronto para contornar o Congresso em rela\u00e7\u00e3o a fronteira e tarifas\"\n                        data-posicao=\"Leia mais\"\n                        data-click-url=\"https:\/\/investnews.com.br\/the-wall-street-journal\/trump-esta-preparado-para-contornar-o-congresso-em-relacao-a-fronteira-e-tarifas\/\"\n                    >\n                        Trump tem tudo pronto para contornar o Congresso em rela\u00e7\u00e3o a fronteira e tarifas                    <\/a>\n                <\/li>\n                    <\/ul>\n    <\/div><\/section>\n\n\n\n<p>O primeiro-ministro da Espanha, Pedro Sanchez, e o presidente da Argentina, Javier Milei, estar\u00e3o presentes no evento, entre outros l\u00edderes mundiais. O presidente ucraniano, Volodymyr Zelenskiy, tamb\u00e9m estar\u00e1 em Davos, de acordo com fontes familiarizadas com seus planos. Uma\u00a0casa\u00a0na rua principal da cidade sediar\u00e1 o projeto \u201cYour Country First \u2014 Win With Us\u201d (Seu Pa\u00eds Primeiro \u2014 Ven\u00e7a Conosco), da Funda\u00e7\u00e3o Victor Pinchuk, que seu pa\u00eds ajudou a organizar.<\/p>\n\n\n\n<p>O vice-chanceler alem\u00e3o, Robert Habeck, participar\u00e1 do evento um m\u00eas antes das elei\u00e7\u00f5es antecipadas em seu pa\u00eds, e a atribulada chanceler do Tesouro do Reino Unido, Rachel Reeves, estar\u00e1 entre os ministros de finan\u00e7as presentes.<\/p>\n\n\n\n<p>\u201cIsso ocorre no contexto geopol\u00edtico mais complicado em gera\u00e7\u00f5es\u201d, disse o presidente do f\u00f3rum (WEF), Borge Brende, em uma entrevista coletiva de imprensa na ter\u00e7a-feira (14).<\/p>\n\n\n\n<p>Os organizadores tamb\u00e9m aparentemente fizeram um gesto de reconcilia\u00e7\u00e3o a Elon Musk, que agora faz parte do c\u00edrculo \u00edntimo de Trump, ap\u00f3s se tornar um importante financiador das elei\u00e7\u00f5es nos EUA.<\/p>\n\n\n\n<p>O homem mais rico do mundo est\u00e1 ampliando sua influ\u00eancia na geopol\u00edtica, da Alemanha \u00e0 China \u2014 n\u00e3o apenas exercendo sua influ\u00eancia nos EUA. Musk tem sido desdenhoso com a multid\u00e3o de Davos. Ele disse, em 2022, que recusou um convite porque parecia \u201centediante\u201d. Os organizadores disseram que ele nunca foi convidado.<\/p>\n\n\n\n<p>Hoje, eles parecem ver Musk e Trump como um par. \u201cEle \u00e9 bem-vindo com Donald Trump quando ele, esperan\u00e7osamente, vier fisicamente ao nosso pr\u00f3ximo encontro\u201d, disse Brende ao ser questionado sobre a participa\u00e7\u00e3o de Musk.<\/p>\n\n\n\n<p>Quando questionado sobre sua poss\u00edvel apari\u00e7\u00e3o, um porta-voz do WEF disse que \u201cMusk \u00e9 bem-vindo a Davos tanto neste ano quanto no pr\u00f3ximo. Haveria muito interesse da comunidade empresarial em ouvir sobre sua nova fun\u00e7\u00e3o\u201d.<\/p>\n\n\n\n<p>A 55\u00aa reuni\u00e3o do f\u00f3rum acontecer\u00e1 em meio a preocupa\u00e7\u00f5es persistentes sobre poss\u00edveis guerras comerciais ap\u00f3s as declara\u00e7\u00f5es de Trump sobre o aumento de tarifas e conflitos em andamento no Oriente M\u00e9dio e na Ucr\u00e2nia.\u00a0Suas amea\u00e7as\u00a0relacionadas ao com\u00e9rcio j\u00e1 elevaram as taxas de juros de longo prazo em todo o mundo, afirmou a chefe do Fundo Monet\u00e1rio Internacional, Kristalina Georgieva. Ela tamb\u00e9m estar\u00e1 em Davos, junto com outros participantes anteriores, como a presidente do Banco Central Europeu, Christine Lagarde, e o presidente da BlackRock, Larry Fink.<\/p>\n\n\n\n<p>O f\u00f3rum vai reunir 3.000 participantes de mais de 130 pa\u00edses.<\/p>\n","protected":false},"excerpt":{"rendered":"<p>Os organizadores tamb\u00e9m aparentemente fizeram um gesto de reconcilia\u00e7\u00e3o a Elon Musk, que agora faz parte do c\u00edrculo \u00edntimo de Trump<\/p>\n","protected":false},"author":76,"featured_media":647504,"comment_status":"closed","ping_status":"closed","sticky":false,"template":"","format":"standard","meta":{"_acf_changed":false,"inline_featured_image":false,"footnotes":""},"categories":[5],"tags":[79,110168,236],"autor-wsj":[],"coauthors":[101325],"class_list":["post-647501","post","type-post","status-publish","format-standard","has-post-thumbnail","hentry","category-economia","tag-donald-trump","tag-elon-musk","tag-eua"],"acf":[],"amp_enabled":true,"_links":{"self":[{"href":"https:\/\/investnews.com.br\/inv-api\/wp\/v2\/posts\/647501","targetHints":{"allow":["GET"]}}],"collection":[{"href":"https:\/\/investnews.com.br\/inv-api\/wp\/v2\/posts"}],"about":[{"href":"https:\/\/investnews.com.br\/inv-api\/wp\/v2\/types\/post"}],"author":[{"embeddable":true,"href":"https:\/\/investnews.com.br\/inv-api\/wp\/v2\/users\/76"}],"replies":[{"embeddable":true,"href":"https:\/\/investnews.com.br\/inv-api\/wp\/v2\/comments?post=647501"}],"version-history":[{"count":1,"href":"https:\/\/investnews.com.br\/inv-api\/wp\/v2\/posts\/647501\/revisions"}],"predecessor-version":[{"id":647517,"href":"https:\/\/investnews.com.br\/inv-api\/wp\/v2\/posts\/647501\/revisions\/647517"}],"wp:featuredmedia":[{"embeddable":true,"href":"https:\/\/investnews.com.br\/inv-api\/wp\/v2\/media\/647504"}],"wp:attachment":[{"href":"https:\/\/investnews.com.br\/inv-api\/wp\/v2\/media?parent=647501"}],"wp:term":[{"taxonomy":"category","embeddable":true,"href":"https:\/\/investnews.com.br\/inv-api\/wp\/v2\/categories?post=647501"},{"taxonomy":"post_tag","embeddable":true,"href":"https:\/\/investnews.com.br\/inv-api\/wp\/v2\/tags?post=647501"},{"taxonomy":"autor-wsj","embeddable":true,"href":"https:\/\/investnews.com.br\/inv-api\/wp\/v2\/autor-wsj?post=647501"},{"taxonomy":"author","embeddable":true,"href":"https:\/\/investnews.com.br\/inv-api\/wp\/v2\/coauthors?post=647501"}],"curies":[{"name":"wp","href":"https:\/\/api.w.org\/{rel}","templated":true}]}}