{"id":647748,"date":"2025-01-21T12:24:11","date_gmt":"2025-01-21T15:24:11","guid":{"rendered":"https:\/\/investnews.com.br\/?p=647748"},"modified":"2025-01-21T12:24:13","modified_gmt":"2025-01-21T15:24:13","slug":"as-mudancas-tarifarias-de-trump-sao-um-alerta-para-as-empresas-americanas","status":"publish","type":"post","link":"https:\/\/investnews.com.br\/economia\/as-mudancas-tarifarias-de-trump-sao-um-alerta-para-as-empresas-americanas\/","title":{"rendered":"As mudan\u00e7as tarif\u00e1rias de Trump s\u00e3o um alerta para as empresas americanas"},"content":{"rendered":"\n<p>Donald Trump iniciou seu segundo mandato como presidente dos Estados Unidos com uma recalibra\u00e7\u00e3o de suas pol\u00edticas tarif\u00e1rias que abalou o mercado, em um sinal de turbul\u00eancia para investidores e executivos de empresas.<\/p>\n\n\n\n<p>No in\u00edcio da segunda-feira (20), parecia que Trump iria adiar sua promessa de campanha de impor tarifas pesadas sobre as importa\u00e7\u00f5es da China, M\u00e9xico e Canad\u00e1.<\/p>\n\n\n\n<p>Os investidores estavam se preparando para uma demonstra\u00e7\u00e3o de for\u00e7a econ\u00f4mica por parte de Trump, que havia dito que \u201ctarifa\u201d era a palavra mais bonita do dicion\u00e1rio. Em seguida, um relat\u00f3rio informando que o governo adotaria uma abordagem mais deliberada em rela\u00e7\u00e3o \u00e0s tarifas ajudou a acalmar os investidores, que estavam comprando d\u00f3lares em um ritmo acelerado, e permitiu que outras moedas subissem.<\/p>\n\n\n\n<p>Por\u00e9m, \u00e0 noite, Trump pareceu reverter, pelo menos parcialmente, o curso, dizendo que aplicaria tarifas de 25% sobre os produtos do M\u00e9xico e do Canad\u00e1 at\u00e9 1\u00ba de fevereiro.<\/p>\n\n\n\n<p>Para os mercados, isso significava que a corrida para comprar d\u00f3lares estava de volta.<\/p>\n\n\n<section class=\"recirculation-area\">\n    <div class=\"container\">\n                <p class=\"title\">Leia mais<\/p>\n     \n            <ul class=\"recirculation-list\" data-tracking-position=\"Leia mais\">\n                            <li class=\"list-item\">\n                    <a \n                        href=\"https:\/\/investnews.com.br\/economia\/trump-deve-impor-tarifas-ao-mexico-e-ao-canada-ate-inicio-de-fevereiro\/\" \n                        title=\"Trump deve impor tarifas ao M\u00e9xico e ao Canad\u00e1 at\u00e9 in\u00edcio de fevereiro\" \n                        class=\"item-title recirculation-link\"\n                        data-btn-name=\"Trump deve impor tarifas ao M\u00e9xico e ao Canad\u00e1 at\u00e9 in\u00edcio de fevereiro\"\n                        data-posicao=\"Leia mais\"\n                        data-click-url=\"https:\/\/investnews.com.br\/economia\/trump-deve-impor-tarifas-ao-mexico-e-ao-canada-ate-inicio-de-fevereiro\/\"\n                    >\n                        Trump deve impor tarifas ao M\u00e9xico e ao Canad\u00e1 at\u00e9 in\u00edcio de fevereiro                    <\/a>\n                <\/li>\n                            <li class=\"list-item\">\n                    <a \n                        href=\"https:\/\/investnews.com.br\/economia\/alerta-de-manipulacao-cambial-gera-debate-sobre-planos-de-trump\/\" \n                        title=\"Alerta de manipula\u00e7\u00e3o cambial gera debate sobre planos de Trump\" \n                        class=\"item-title recirculation-link\"\n                        data-btn-name=\"Alerta de manipula\u00e7\u00e3o cambial gera debate sobre planos de Trump\"\n                        data-posicao=\"Leia mais\"\n                        data-click-url=\"https:\/\/investnews.com.br\/economia\/alerta-de-manipulacao-cambial-gera-debate-sobre-planos-de-trump\/\"\n                    >\n                        Alerta de manipula\u00e7\u00e3o cambial gera debate sobre planos de Trump                    <\/a>\n                <\/li>\n                            <li class=\"list-item\">\n                    <a \n                        href=\"https:\/\/investnews.com.br\/the-wall-street-journal\/trump-inicia-deportacoes-em-massa-na-proxima-terca-feira-21\/\" \n                        title=\"Trump prepara deporta\u00e7\u00f5es em massa a partir de ter\u00e7a-feira (21)\" \n                        class=\"item-title recirculation-link\"\n                        data-btn-name=\"Trump prepara deporta\u00e7\u00f5es em massa a partir de ter\u00e7a-feira (21)\"\n                        data-posicao=\"Leia mais\"\n                        data-click-url=\"https:\/\/investnews.com.br\/the-wall-street-journal\/trump-inicia-deportacoes-em-massa-na-proxima-terca-feira-21\/\"\n                    >\n                        Trump prepara deporta\u00e7\u00f5es em massa a partir de ter\u00e7a-feira (21)                    <\/a>\n                <\/li>\n                    <\/ul>\n    <\/div><\/section>\n\n\n\n<p>As aparentes mudan\u00e7as na postura tarif\u00e1ria de Trump no decorrer de apenas 12 horas ressaltam a enormidade do desafio que os l\u00edderes empresariais dos EUA e de todo o mundo enfrentam atualmente.<\/p>\n\n\n\n<p>Trump, que tomou posse com um grupo de bilion\u00e1rios e CEOs de tecnologia sorridentes ao seu lado, se posicionou como o presidente mais favor\u00e1vel aos neg\u00f3cios. Os executivos se reuniram para visit\u00e1-lo em Mar-a-Lago, seu clube particular na Fl\u00f3rida, onde havia um clima de comemora\u00e7\u00e3o ap\u00f3s a elei\u00e7\u00e3o.<\/p>\n\n\n\n<p>No entanto, a r\u00e1pida implementa\u00e7\u00e3o das pol\u00edticas ofereceu uma pr\u00e9via de como Trump provavelmente for\u00e7ar\u00e1 as empresas, os l\u00edderes corporativos e os investidores a se ajustarem em tempo real \u00e0s prioridades em constante mudan\u00e7a. O hor\u00e1rio de abertura foi um lembrete para todos que fazem neg\u00f3cios nos Estados Unidos: N\u00e3o confie no que Trump prometeu &#8211; observe o que ele faz.<\/p>\n\n\n\n<p>Outras promessas de pol\u00edticas com o potencial de trazer mudan\u00e7as significativas para os principais setores dos EUA foram colocadas em pr\u00e1tica imediatamente. Trump n\u00e3o perdeu tempo e emitiu uma s\u00e9rie de ordens executivas sobre imigra\u00e7\u00e3o que poderiam ter um grande impacto nos mercados de trabalho. Al\u00e9m disso, os funcion\u00e1rios do governo delinearam medidas para aumentar a produ\u00e7\u00e3o de petr\u00f3leo acima de seus n\u00edveis j\u00e1 hist\u00f3ricos.<\/p>\n\n\n\n<h2 class=\"wp-block-heading\">Promessas feitas<\/h2>\n\n\n\n<p>Na ter\u00e7a-feira (21), l\u00edderes empresariais de todo o mundo estavam come\u00e7ando a absorver e analisar o turbilh\u00e3o das primeiras horas do retorno de Trump ao poder.<\/p>\n\n\n\n<p>\u201cAs \u00faltimas 24 horas est\u00e3o apenas mostrando que haver\u00e1 muitas mudan\u00e7as que todos n\u00f3s teremos que digerir\u201d, disse Mary Erdoes, CEO da empresa de gest\u00e3o de fortunas do JPMorgan Chase &amp; Co. no F\u00f3rum Econ\u00f4mico Mundial em Davos, Su\u00ed\u00e7a.<\/p>\n\n\n\n<p>\u201cTemos uma sala de guerra montada para analisar e avaliar cada uma das\u201d pol\u00edticas, disse Erdoes. \u201cPortanto, eles ficaram acordados a noite toda e est\u00e3o trabalhando nisso.\u201d<\/p>\n\n\n\n<p>A Volkswagen AG indicou que est\u00e1 preocupada com os poss\u00edveis danos econ\u00f4micos que as tarifas podem causar. A montadora alem\u00e3 disse em um comunicado que continua sendo \u201cuma forte defensora do com\u00e9rcio livre e justo\u201d.<\/p>\n\n\n\n<p>Uma das motiva\u00e7\u00f5es de Trump ao adotar as tarifas foi pressionar mais empresas a produzir bens nos EUA. A VW observou que gastou mais de US$ 5 bilh\u00f5es em uma f\u00e1brica em Chattanooga, Tennessee, e que emprega direta ou indiretamente dezenas de milhares de pessoas nos EUA.<\/p>\n\n\n\n<p>As montadoras est\u00e3o entre as empresas que provavelmente ser\u00e3o mais afetadas pelas mudan\u00e7as planejadas por Trump no com\u00e9rcio e em outras frentes. O governo pretende eliminar os mandatos existentes destinados a pressionar o setor automotivo mais rapidamente em dire\u00e7\u00e3o \u00e0 eletrifica\u00e7\u00e3o, embora a maioria das montadoras considere os ve\u00edculos el\u00e9tricos essenciais para seu crescimento futuro.<\/p>\n\n\n\n<p>Os l\u00edderes corporativos, inclusive aqueles que compartilham as opini\u00f5es de Trump sobre regulamenta\u00e7\u00e3o e impostos, est\u00e3o se preparando para responder a outras poss\u00edveis mudan\u00e7as nas pol\u00edticas.<\/p>\n\n\n\n<p>Um consultor corporativo que trabalha com grandes empresas de capital aberto disse esta semana que um cliente, uma grande empresa do setor de transportes, reuniu uma equipe interna de executivos para tra\u00e7ar estrat\u00e9gias para diferentes planos tarif\u00e1rios que poderiam estar por vir.<\/p>\n\n\n\n<p>Outras empresas t\u00eam planejado reduzir a \u00eanfase ou eliminar programas destinados a melhorar ou refor\u00e7ar a diversidade dos funcion\u00e1rios, antecipando a repress\u00e3o federal \u00e0s chamadas pol\u00edticas DEI, disse o consultor.<\/p>\n\n\n\n<p>Em outro lugar, Vas Narasimhan, CEO da farmac\u00eautica su\u00ed\u00e7a Novartis AG, disse que achava exagerada a preocupa\u00e7\u00e3o com as posi\u00e7\u00f5es do governo Trump sobre vacinas e outras quest\u00f5es de pol\u00edtica de sa\u00fade, e que estava ansioso para reverter as pol\u00edticas da era Biden que, segundo ele, sufocavam a inova\u00e7\u00e3o.<\/p>\n\n\n<section class=\"recirculation-area\">\n    <div class=\"container\">\n                <p class=\"title\">Leia mais<\/p>\n     \n            <ul class=\"recirculation-list\" data-tracking-position=\"Leia mais\">\n                            <li class=\"list-item\">\n                    <a \n                        href=\"https:\/\/investnews.com.br\/the-wall-street-journal\/trump-se-saira-melhor-no-segundo-mandato\/\" \n                        title=\"Trump se sair\u00e1 melhor no segundo mandato?\" \n                        class=\"item-title recirculation-link\"\n                        data-btn-name=\"Trump se sair\u00e1 melhor no segundo mandato?\"\n                        data-posicao=\"Leia mais\"\n                        data-click-url=\"https:\/\/investnews.com.br\/the-wall-street-journal\/trump-se-saira-melhor-no-segundo-mandato\/\"\n                    >\n                        Trump se sair\u00e1 melhor no segundo mandato?                    <\/a>\n                <\/li>\n                            <li class=\"list-item\">\n                    <a \n                        href=\"https:\/\/investnews.com.br\/economia\/mexico-prepara-milhares-de-advogados-para-deportacoes-de-trump\/\" \n                        title=\"M\u00e9xico prepara milhares de advogados para deporta\u00e7\u00f5es de Trump\" \n                        class=\"item-title recirculation-link\"\n                        data-btn-name=\"M\u00e9xico prepara milhares de advogados para deporta\u00e7\u00f5es de Trump\"\n                        data-posicao=\"Leia mais\"\n                        data-click-url=\"https:\/\/investnews.com.br\/economia\/mexico-prepara-milhares-de-advogados-para-deportacoes-de-trump\/\"\n                    >\n                        M\u00e9xico prepara milhares de advogados para deporta\u00e7\u00f5es de Trump                    <\/a>\n                <\/li>\n                            <li class=\"list-item\">\n                    <a \n                        href=\"https:\/\/investnews.com.br\/economia\/trump-vai-adiar-tarifas-imediatas-sobre-china-e-pede-estudo\/\" \n                        title=\"Trump vai adiar tarifas imediatas sobre China e pede estudo\" \n                        class=\"item-title recirculation-link\"\n                        data-btn-name=\"Trump vai adiar tarifas imediatas sobre China e pede estudo\"\n                        data-posicao=\"Leia mais\"\n                        data-click-url=\"https:\/\/investnews.com.br\/economia\/trump-vai-adiar-tarifas-imediatas-sobre-china-e-pede-estudo\/\"\n                    >\n                        Trump vai adiar tarifas imediatas sobre China e pede estudo                    <\/a>\n                <\/li>\n                    <\/ul>\n    <\/div><\/section>\n\n\n\n<h2 class=\"wp-block-heading\">Volatilidade do mercado<\/h2>\n\n\n\n<p>Depois de cair 1,1% na segunda-feira, o d\u00f3lar se recuperou na ter\u00e7a-feira, reduzindo esse movimento, j\u00e1 que os mercados reagiram \u00e0 decis\u00e3o de Trump de continuar com os impostos sobre o Canad\u00e1 e o M\u00e9xico, fazendo com que ambas as moedas ca\u00edssem mais de 1%. Um indicador Bloomberg do d\u00f3lar subiu at\u00e9 0,7%, com todos os pares do Grupo dos 10 caindo no dia.<\/p>\n\n\n\n<p>Enquanto isso, os t\u00edtulos do Tesouro subiram, j\u00e1 que os investidores em t\u00edtulos se concentraram no fato de que Trump se absteve de impor tarifas espec\u00edficas para a China por enquanto. Isso diminuiu os temores de que suas pol\u00edticas alimentem a infla\u00e7\u00e3o e incentivou os investidores a aumentar as apostas nos cortes das taxas de juros do Federal Reserve este ano.<\/p>\n\n\n\n<p>\u201cClaramente, vamos acabar tendo alguma coisa, mas isso n\u00e3o vai acontecer no primeiro dia\u201d, disse Brad Bechtel, chefe de c\u00e2mbio da Jefferies.<\/p>\n\n\n\n<p>No <a href=\"https:\/\/investnews.com.br\/guias\/mercado-de-opcoes\/\">mercado de op\u00e7\u00f5es<\/a>, alguns fundos alavancados foram for\u00e7ados a voltar \u00e0s negocia\u00e7\u00f5es de alta do d\u00f3lar que haviam abandonado no dia anterior. Recentemente, os traders especulativos aumentaram suas apostas em um d\u00f3lar mais forte para o n\u00edvel mais alto desde 2019, de acordo com dados da Commodity Futures Trading Commission &#8211; ressaltando a possibilidade de o consenso ser confundido por um presidente imprevis\u00edvel.<\/p>\n\n\n\n<p>Wall Street est\u00e1 enfrentando a dif\u00edcil tarefa de equilibrar a incerteza sobre as pol\u00edticas de Trump com a ansiedade persistente sobre a infla\u00e7\u00e3o e os pr\u00f3ximos passos do Fed. O poss\u00edvel escopo das medidas comerciais protecionistas e o cronograma para sua implementa\u00e7\u00e3o continuam sendo uma quest\u00e3o em aberto. A Casa Branca disse em seu site na segunda-feira que Trump apresentar\u00e1 uma pol\u00edtica comercial America First.<\/p>\n\n\n\n<p>Enquanto isso, os investidores est\u00e3o acompanhando os lucros corporativos e procurando sinais de que as empresas podem manter o \u00edmpeto que levou as a\u00e7\u00f5es a v\u00e1rios recordes no ano passado. As montadoras europeias ca\u00edram na ter\u00e7a-feira, uma vez que a amea\u00e7a de Trump de tarifas sobre o M\u00e9xico aumentou os problemas do grupo, enquanto os bancos espanh\u00f3is com opera\u00e7\u00f5es no M\u00e9xico ficaram para tr\u00e1s. Enquanto isso, as a\u00e7\u00f5es chinesas listadas nos EUA subiram.<\/p>\n\n\n\n<p>\u201cA realidade \u00e9 que todos est\u00e3o um pouco sobrecarregados, e ningu\u00e9m em Wall Street tem um plano claro sobre o que exatamente vai fazer\u201d, disse Michael Purves, CEO da Tallbacken Capital Advisors.<\/p>\n","protected":false},"excerpt":{"rendered":"<p>As aparentes mudan\u00e7as na postura tarif\u00e1ria de Trump no decorrer de apenas 12 horas ressaltam a enormidade do desafio que os l\u00edderes empresariais dos EUA e de todo o mundo enfrentam atualmente<\/p>\n","protected":false},"author":76,"featured_media":647753,"comment_status":"closed","ping_status":"closed","sticky":false,"template":"","format":"standard","meta":{"_acf_changed":false,"inline_featured_image":false,"footnotes":""},"categories":[5],"tags":[79,236],"autor-wsj":[],"coauthors":[101325],"class_list":["post-647748","post","type-post","status-publish","format-standard","has-post-thumbnail","hentry","category-economia","tag-donald-trump","tag-eua"],"acf":[],"amp_enabled":true,"_links":{"self":[{"href":"https:\/\/investnews.com.br\/inv-api\/wp\/v2\/posts\/647748","targetHints":{"allow":["GET"]}}],"collection":[{"href":"https:\/\/investnews.com.br\/inv-api\/wp\/v2\/posts"}],"about":[{"href":"https:\/\/investnews.com.br\/inv-api\/wp\/v2\/types\/post"}],"author":[{"embeddable":true,"href":"https:\/\/investnews.com.br\/inv-api\/wp\/v2\/users\/76"}],"replies":[{"embeddable":true,"href":"https:\/\/investnews.com.br\/inv-api\/wp\/v2\/comments?post=647748"}],"version-history":[{"count":2,"href":"https:\/\/investnews.com.br\/inv-api\/wp\/v2\/posts\/647748\/revisions"}],"predecessor-version":[{"id":647759,"href":"https:\/\/investnews.com.br\/inv-api\/wp\/v2\/posts\/647748\/revisions\/647759"}],"wp:featuredmedia":[{"embeddable":true,"href":"https:\/\/investnews.com.br\/inv-api\/wp\/v2\/media\/647753"}],"wp:attachment":[{"href":"https:\/\/investnews.com.br\/inv-api\/wp\/v2\/media?parent=647748"}],"wp:term":[{"taxonomy":"category","embeddable":true,"href":"https:\/\/investnews.com.br\/inv-api\/wp\/v2\/categories?post=647748"},{"taxonomy":"post_tag","embeddable":true,"href":"https:\/\/investnews.com.br\/inv-api\/wp\/v2\/tags?post=647748"},{"taxonomy":"autor-wsj","embeddable":true,"href":"https:\/\/investnews.com.br\/inv-api\/wp\/v2\/autor-wsj?post=647748"},{"taxonomy":"author","embeddable":true,"href":"https:\/\/investnews.com.br\/inv-api\/wp\/v2\/coauthors?post=647748"}],"curies":[{"name":"wp","href":"https:\/\/api.w.org\/{rel}","templated":true}]}}