{"id":648182,"date":"2025-01-22T14:28:50","date_gmt":"2025-01-22T17:28:50","guid":{"rendered":"https:\/\/investnews.com.br\/?p=648182"},"modified":"2025-07-29T16:34:27","modified_gmt":"2025-07-29T19:34:27","slug":"argentina-poderia-deixar-mercosul-por-acordo-de-livre-comercio-com-os-eua-diz-milei","status":"publish","type":"post","link":"https:\/\/investnews.com.br\/economia\/argentina-poderia-deixar-mercosul-por-acordo-de-livre-comercio-com-os-eua-diz-milei\/","title":{"rendered":"Argentina poderia deixar Mercosul por acordo de livre com\u00e9rcio com os EUA, diz Milei"},"content":{"rendered":"\n<p>O presidente da Argentina, Javier Milei, disse que o pa\u00eds poderia deixar o Mercosul se isso fosse preciso para concretizar um acordo de livre com\u00e9rcio com os EUA, embora espere chegar a um consenso sem precisar adotar medidas t\u00e3o dr\u00e1sticas.<\/p>\n\n\n\n<p>Ao ser perguntado pelo editor-chefe da Bloomberg News, John Micklethwait, se optaria por deixar o bloco sul-americano, Milei fez uma pausa antes de dizer que sim, se tal movimento extremo fosse necess\u00e1rio.<\/p>\n\n\n\n<p>\u201cMas h\u00e1 mecanismos que podem ser usados at\u00e9 mesmo dentro do Mercosul, ent\u00e3o achamos que isso pode ser feito sem necessariamente ter que sair\u201d, disse ele em entrevista durante o F\u00f3rum Econ\u00f4mico Mundial, em Davos.<\/p>\n\n\n<section class=\"recirculation-area\">\n    <div class=\"container\">\n                <p class=\"title\">Veja tamb\u00e9m<\/p>\n     \n            <ul class=\"recirculation-list\" data-tracking-position=\"outros\">\n                            <li class=\"list-item\">\n                    <a \n                        href=\"https:\/\/investnews.com.br\/economia\/com-reformas-de-milei-argentina-registra-primeiro-superavit-em-14-ano\/\" \n                        title=\"Com reformas de Milei, Argentina registra primeiro super\u00e1vit em 14 anos\" \n                        class=\"item-title recirculation-link\"\n                        data-btn-name=\"Com reformas de Milei, Argentina registra primeiro super\u00e1vit em 14 anos\"\n                        data-posicao=\"outros\"\n                        data-click-url=\"https:\/\/investnews.com.br\/economia\/com-reformas-de-milei-argentina-registra-primeiro-superavit-em-14-ano\/\"\n                    >\n                        Com reformas de Milei, Argentina registra primeiro super\u00e1vit em 14 anos                    <\/a>\n                <\/li>\n                            <li class=\"list-item\">\n                    <a \n                        href=\"https:\/\/investnews.com.br\/economia\/governo-milei-reforca-reservas-internacionais-da-argentina-com-acordo-de-us-1-bilhao\/\" \n                        title=\"Governo Milei refor\u00e7a reservas internacionais da Argentina com acordo de US$ 1 bilh\u00e3o\" \n                        class=\"item-title recirculation-link\"\n                        data-btn-name=\"Governo Milei refor\u00e7a reservas internacionais da Argentina com acordo de US$ 1 bilh\u00e3o\"\n                        data-posicao=\"outros\"\n                        data-click-url=\"https:\/\/investnews.com.br\/economia\/governo-milei-reforca-reservas-internacionais-da-argentina-com-acordo-de-us-1-bilhao\/\"\n                    >\n                        Governo Milei refor\u00e7a reservas internacionais da Argentina com acordo de US$ 1 bilh\u00e3o                    <\/a>\n                <\/li>\n                    <\/ul>\n    <\/div><\/section>\n\n\n\n<p>O l\u00edder argentino tamb\u00e9m disse que planeja recorrer ao mercado de capitais depois de suspender controles cambiais do pa\u00eds, embora n\u00e3o tenha fornecido um cronograma espec\u00edfico. Milei destacou o comprometimento de sua equipe em manter a meta de d\u00e9ficit zero quando questionado sobre o retorno aos mercados internacionais de t\u00edtulos.<\/p>\n\n\n\n<p>O ministro da Economia Luis Caputo disse anteriormente aos investidores em Nova York que a meta era recorrer aos gestores de recursos at\u00e9 2026, quando a expectativa \u00e9 tamb\u00e9m suspender os controles de capital.<\/p>\n\n\n\n<p>Sobre com\u00e9rcio, Milei hesitou em dizer se havia discutido um poss\u00edvel acordo com Donald Trump ou membros de sua administra\u00e7\u00e3o enquanto estava em Washington para a posse do novo presidente dos EUA. Mas, ele disse, seu governo tem \u201ctrabalhado muito duro\u201d em um acordo com os EUA.<\/p>\n\n\n\n<p>O Mercosul, o bloco originalmente formado por Argentina, Brasil, Uruguai e Paraguai, representa um grande obst\u00e1culo potencial para tal acordo. O bloco j\u00e1 se op\u00f4s no passado a seus membros que negociavam acordos individuais, como fez quando o Uruguai tentou se juntar a um dos maiores pactos comerciais da \u00c1sia em 2022.<\/p>\n\n\n\n<p>Milei tem sido um cr\u00edtico feroz do Mercosul, que ele chamou de \u201cpris\u00e3o\u201d protecionista. Mas at\u00e9 agora, ele n\u00e3o cumpriu as amea\u00e7as de campanha de tirar a Argentina do bloco e, no ano passado, se juntou aos apelos pela r\u00e1pida aprova\u00e7\u00e3o de um grande acordo comercial com a UE que foi assinado em dezembro.<\/p>\n\n\n\n<p>Pelo menos um membro j\u00e1 expressou algumas d\u00favidas: o presidente do Paraguai, Santiago Pe\u00f1a, se op\u00f4s a um poss\u00edvel acordo bilateral EUA-Argentina em uma entrevista na semana passada, mesmo admitindo que o Mercosul precisa de reformas.<\/p>\n\n\n\n<p>Deixar o Mercosul seria dif\u00edcil para a Argentina, dada sua integra\u00e7\u00e3o econ\u00f4mica com o vizinho Brasil, seu maior parceiro comercial.<\/p>\n\n\n\n<p><em>(Por Manuela Tobias e Robert Jameson)<\/em><\/p>\n","protected":false},"excerpt":{"rendered":"<p>Mas o presidente argentino tamb\u00e9m acredita na possibilidade de conciliar uma<br \/>\n parceria com os EUA a a perman\u00eancia no bloco sul-americano    <\/p>\n","protected":false},"author":76,"featured_media":648186,"comment_status":"closed","ping_status":"closed","sticky":false,"template":"","format":"standard","meta":{"_acf_changed":false,"inline_featured_image":false,"footnotes":""},"categories":[5],"tags":[109771,103092],"autor-wsj":[],"coauthors":[101325],"class_list":["post-648182","post","type-post","status-publish","format-standard","has-post-thumbnail","hentry","category-economia","tag-argentina","tag-javier-milei"],"acf":[],"amp_enabled":true,"_links":{"self":[{"href":"https:\/\/investnews.com.br\/inv-api\/wp\/v2\/posts\/648182","targetHints":{"allow":["GET"]}}],"collection":[{"href":"https:\/\/investnews.com.br\/inv-api\/wp\/v2\/posts"}],"about":[{"href":"https:\/\/investnews.com.br\/inv-api\/wp\/v2\/types\/post"}],"author":[{"embeddable":true,"href":"https:\/\/investnews.com.br\/inv-api\/wp\/v2\/users\/76"}],"replies":[{"embeddable":true,"href":"https:\/\/investnews.com.br\/inv-api\/wp\/v2\/comments?post=648182"}],"version-history":[{"count":3,"href":"https:\/\/investnews.com.br\/inv-api\/wp\/v2\/posts\/648182\/revisions"}],"predecessor-version":[{"id":648200,"href":"https:\/\/investnews.com.br\/inv-api\/wp\/v2\/posts\/648182\/revisions\/648200"}],"wp:featuredmedia":[{"embeddable":true,"href":"https:\/\/investnews.com.br\/inv-api\/wp\/v2\/media\/648186"}],"wp:attachment":[{"href":"https:\/\/investnews.com.br\/inv-api\/wp\/v2\/media?parent=648182"}],"wp:term":[{"taxonomy":"category","embeddable":true,"href":"https:\/\/investnews.com.br\/inv-api\/wp\/v2\/categories?post=648182"},{"taxonomy":"post_tag","embeddable":true,"href":"https:\/\/investnews.com.br\/inv-api\/wp\/v2\/tags?post=648182"},{"taxonomy":"autor-wsj","embeddable":true,"href":"https:\/\/investnews.com.br\/inv-api\/wp\/v2\/autor-wsj?post=648182"},{"taxonomy":"author","embeddable":true,"href":"https:\/\/investnews.com.br\/inv-api\/wp\/v2\/coauthors?post=648182"}],"curies":[{"name":"wp","href":"https:\/\/api.w.org\/{rel}","templated":true}]}}