{"id":648215,"date":"2025-01-22T15:46:53","date_gmt":"2025-01-22T18:46:53","guid":{"rendered":"https:\/\/investnews.com.br\/?p=648215"},"modified":"2025-09-05T10:18:19","modified_gmt":"2025-09-05T13:18:19","slug":"para-fink-da-blackrock-a-inflacao-elevada-e-o-maior-risco-que-o-mundo-enfrenta-hoje","status":"publish","type":"post","link":"https:\/\/investnews.com.br\/economia\/para-fink-da-blackrock-a-inflacao-elevada-e-o-maior-risco-que-o-mundo-enfrenta-hoje\/","title":{"rendered":"Para Fink, da BlackRock, a infla\u00e7\u00e3o elevada \u00e9 &#8216;o maior risco&#8217; que o mundo enfrenta hoje"},"content":{"rendered":"\n<p>O CEO da BlackRock, Larry Fink, disse que os investidores est\u00e3o concluindo apressadamente que a infla\u00e7\u00e3o alta acabou, aumentando a perspectiva de que os rendimentos dos t\u00edtulos subam junto com os pre\u00e7os mais altos.<\/p>\n\n\n\n<p>\u201cO maior risco que temos hoje no mundo todo \u00e9 que o mundo acredita que j\u00e1 passamos do ponto mais alto da infla\u00e7\u00e3o\u201d, disse Fink \u00e0 <em>Bloomberg <\/em>na quarta-feira (22), nos bastidores do F\u00f3rum Econ\u00f4mico Mundial em Davos, na Su\u00ed\u00e7a, observando que sua opini\u00e3o entra em conflito com o que as for\u00e7as do mercado est\u00e3o dizendo. \u201cEu poderia realmente ver um cen\u00e1rio em que teremos uma infla\u00e7\u00e3o elevada\u201d.<\/p>\n\n\n\n<p>Durante uma discuss\u00e3o sobre investimentos em <a href=\"https:\/\/investnews.com.br\/guias\/inteligencia-artificial\/\">intelig\u00eancia artificial<\/a>, Fink disse que a constru\u00e7\u00e3o de centros de dados exigir\u00e1 n\u00edveis maci\u00e7os de financiamento do setor privado. A BlackRock est\u00e1 levantando um fundo de US$ 30 bilh\u00f5es com a Microsoft Corp., entre outros, e Fink disse que o mercado privado precisa prestar aten\u00e7\u00e3o especial \u00e0 forma como os data centers s\u00e3o alimentados.<\/p>\n\n\n<section class=\"recirculation-area\">\n    <div class=\"container\">\n                <p class=\"title\">Leia mais<\/p>\n     \n            <ul class=\"recirculation-list\" data-tracking-position=\"Leia mais\">\n                            <li class=\"list-item\">\n                    <a \n                        href=\"https:\/\/investnews.com.br\/negocios\/davos-vendo-a-quantidade-de-incognitas-de-trump-aconselha-calma-e-cautela\/\" \n                        title=\"Davos, vendo a quantidade de &#8216;inc\u00f3gnitas&#8217; de Trump, aconselha calma e cautela\" \n                        class=\"item-title recirculation-link\"\n                        data-btn-name=\"Davos, vendo a quantidade de &#8216;inc\u00f3gnitas&#8217; de Trump, aconselha calma e cautela\"\n                        data-posicao=\"Leia mais\"\n                        data-click-url=\"https:\/\/investnews.com.br\/negocios\/davos-vendo-a-quantidade-de-incognitas-de-trump-aconselha-calma-e-cautela\/\"\n                    >\n                        Davos, vendo a quantidade de &#8216;inc\u00f3gnitas&#8217; de Trump, aconselha calma e cautela                    <\/a>\n                <\/li>\n                            <li class=\"list-item\">\n                    <a \n                        href=\"https:\/\/investnews.com.br\/economia\/argentina-poderia-deixar-mercosul-por-acordo-de-livre-comercio-com-os-eua-diz-milei\/\" \n                        title=\"Argentina poderia deixar Mercosul por acordo de livre com\u00e9rcio com os EUA, diz Milei\" \n                        class=\"item-title recirculation-link\"\n                        data-btn-name=\"Argentina poderia deixar Mercosul por acordo de livre com\u00e9rcio com os EUA, diz Milei\"\n                        data-posicao=\"Leia mais\"\n                        data-click-url=\"https:\/\/investnews.com.br\/economia\/argentina-poderia-deixar-mercosul-por-acordo-de-livre-comercio-com-os-eua-diz-milei\/\"\n                    >\n                        Argentina poderia deixar Mercosul por acordo de livre com\u00e9rcio com os EUA, diz Milei                    <\/a>\n                <\/li>\n                    <\/ul>\n    <\/div><\/section>\n\n\n\n<p>\u201cNo curto prazo, sejamos claros, ele ser\u00e1 fortemente alimentado por g\u00e1s, g\u00e1s natural nos Estados Unidos\u201d, disse Fink, acrescentando que as demandas de energia devem iniciar discuss\u00f5es sobre o papel que a energia nuclear desempenhar\u00e1 no futuro.<\/p>\n\n\n\n<p>Ele tamb\u00e9m apontou a necessidade de levar em considera\u00e7\u00e3o os residentes locais.<\/p>\n\n\n\n<p>\u201cO data center tem que ser bom para a localidade\u201d, disse Fink. \u201cEle n\u00e3o pode estar tirando energia do consumidor comum.\u201d<\/p>\n\n\n\n<p>Separadamente, Fink disse que, ao aprender mais sobre os mercados de <a href=\"https:\/\/investnews.com.br\/guias\/criptomoedas\/\">criptomoedas<\/a> nos \u00faltimos anos, concluiu que se trata de uma \u201cmoeda do medo\u201d e que pode ser usada como hedge. Os investidores que temem a desvaloriza\u00e7\u00e3o de suas moedas \u201cpoderiam ter um instrumento de base internacional chamado <a href=\"https:\/\/investnews.com.br\/guias\/bitcoin-o-que-e-como-investir\/\">bitcoin<\/a> que superaria esses temores locais\u201d, disse ele.<\/p>\n\n\n\n<p>Falando de forma mais ampla sobre a economia, Fink disse que \u201cnunca viu tanto pessimismo\u201d na Europa &#8211; o que o faz pensar que faz sentido investir na regi\u00e3o agora.<\/p>\n\n\n\n<p>\u201cSempre v\u00e1 contra Davos e voc\u00ea ganhar\u00e1 muito dinheiro\u201d, disse ele. \u201cParece quase como um bom contra-com\u00e9rcio\u201d.<\/p>\n","protected":false},"excerpt":{"rendered":"<p>CEO da BlackRock falou durante o F\u00f3rum Econ\u00f4mico Mundial em Davos<\/p>\n","protected":false},"author":76,"featured_media":648216,"comment_status":"closed","ping_status":"closed","sticky":false,"template":"","format":"standard","meta":{"_acf_changed":false,"inline_featured_image":false,"footnotes":""},"categories":[5],"tags":[109898,109906,499,52,524],"autor-wsj":[],"coauthors":[101325],"class_list":["post-648215","post","type-post","status-publish","format-standard","has-post-thumbnail","hentry","category-economia","tag-bitcoin","tag-criptomoedas","tag-economia","tag-inflacao","tag-blackrock"],"acf":[],"amp_enabled":true,"_links":{"self":[{"href":"https:\/\/investnews.com.br\/inv-api\/wp\/v2\/posts\/648215","targetHints":{"allow":["GET"]}}],"collection":[{"href":"https:\/\/investnews.com.br\/inv-api\/wp\/v2\/posts"}],"about":[{"href":"https:\/\/investnews.com.br\/inv-api\/wp\/v2\/types\/post"}],"author":[{"embeddable":true,"href":"https:\/\/investnews.com.br\/inv-api\/wp\/v2\/users\/76"}],"replies":[{"embeddable":true,"href":"https:\/\/investnews.com.br\/inv-api\/wp\/v2\/comments?post=648215"}],"version-history":[{"count":1,"href":"https:\/\/investnews.com.br\/inv-api\/wp\/v2\/posts\/648215\/revisions"}],"predecessor-version":[{"id":648218,"href":"https:\/\/investnews.com.br\/inv-api\/wp\/v2\/posts\/648215\/revisions\/648218"}],"wp:featuredmedia":[{"embeddable":true,"href":"https:\/\/investnews.com.br\/inv-api\/wp\/v2\/media\/648216"}],"wp:attachment":[{"href":"https:\/\/investnews.com.br\/inv-api\/wp\/v2\/media?parent=648215"}],"wp:term":[{"taxonomy":"category","embeddable":true,"href":"https:\/\/investnews.com.br\/inv-api\/wp\/v2\/categories?post=648215"},{"taxonomy":"post_tag","embeddable":true,"href":"https:\/\/investnews.com.br\/inv-api\/wp\/v2\/tags?post=648215"},{"taxonomy":"autor-wsj","embeddable":true,"href":"https:\/\/investnews.com.br\/inv-api\/wp\/v2\/autor-wsj?post=648215"},{"taxonomy":"author","embeddable":true,"href":"https:\/\/investnews.com.br\/inv-api\/wp\/v2\/coauthors?post=648215"}],"curies":[{"name":"wp","href":"https:\/\/api.w.org\/{rel}","templated":true}]}}