{"id":648253,"date":"2025-01-22T19:39:01","date_gmt":"2025-01-22T22:39:01","guid":{"rendered":"https:\/\/investnews.com.br\/?p=648253"},"modified":"2025-01-22T19:45:10","modified_gmt":"2025-01-22T22:45:10","slug":"dolar-fecha-abaixo-dos-r-6-apos-42-dias","status":"publish","type":"post","link":"https:\/\/investnews.com.br\/economia\/dolar-fecha-abaixo-dos-r-6-apos-42-dias\/","title":{"rendered":"D\u00f3lar fecha abaixo dos R$ 6 ap\u00f3s 42 dias"},"content":{"rendered":"\n<p>O d\u00f3lar fechou a quarta-feira (22) em queda firme ante o d\u00f3lar, abaixo dos R$ 6,00 pela primeira vez desde 12 de dezembro do ano passado, com o mercado eliminando pr\u00eamios de risco das cota\u00e7\u00f5es e acionando ordens de <em>stop loss<\/em> (parada de perdas), em meio \u00e0 percep\u00e7\u00e3o de que o novo governo dos EUA ser\u00e1 moderado na ado\u00e7\u00e3o de tarifas sobre produtos estrangeiros.<\/p>\n\n\n\n<p>O d\u00f3lar \u00e0 vista fechou em queda de 1,41%, aos <strong>R$ 5,9463<\/strong> \u2014 a menor cota\u00e7\u00e3o desde 27 de novembro de 2024, quando encerrou em R$ 5,9141. A \u00faltima vez em que a moeda ficou abaixo de R$ 6,00 foi 11 de dezembro. Foi a primeira vez em que o d\u00f3lar ficou acima desse patamar <a href=\"https:\/\/investnews.com.br\/economia\/dolar-completa-um-mes-acima-de-r-600-pela-primeira-vez\/\">por mais de um m\u00eas consecutivo<\/a>.<\/p>\n\n\n\n<p>Em janeiro, o d\u00f3lar acumula queda de 3,77%.<\/p>\n\n\n\n<h2 class=\"wp-block-heading\">Como foi o preg\u00e3o<\/h2>\n\n\n\n<p>O d\u00f3lar engatou baixas ante o real j\u00e1 no in\u00edcio da sess\u00e3o, com investidores se apegando \u00e0s not\u00edcias de que o governo de Donald Trump deixou o an\u00fancio de novas tarifas de importa\u00e7\u00e3o para o m\u00eas que vem. O presidente dos EUA amea\u00e7ou a China com uma taxa de 10% e o M\u00e9xico e o Canad\u00e1 com uma tarifa de 25%.<\/p>\n\n\n\n<p>A perspectiva de tarifas n\u00e3o t\u00e3o altas favorece a leitura de que a infla\u00e7\u00e3o norte-americana pode n\u00e3o ser t\u00e3o pressionada, o que permitiria ao Federal Reserve adotar taxas de juros menos elevadas no futuro. O resultado seria um d\u00f3lar mais fraco ante moedas de emergentes e exportadores de <a href=\"https:\/\/investnews.com.br\/guias\/commodities-o-que-sao\/\">commodities<\/a>, como o real.<\/p>\n\n\n\n<p>\u201cAp\u00f3s os primeiros dias do novo mandato Trump nos Estados Unidos, o mercado passou a se sentir mais confort\u00e1vel em assumir que a ret\u00f3rica do presidente ser\u00e1 mais firme do que suas atitudes\u201d, disse Paula Zogbi, gerente de Research da Nomad, em coment\u00e1rio enviado a clientes.<\/p>\n\n\n\n<p>\u201cCom alguma demora em apresentar medidas concretas relacionadas a parte das promessas de campanha, os ativos de risco passaram a precificar um cen\u00e1rio mais benigno.\u201d<\/p>\n\n\n\n<p>No Brasil, isso se traduziu na baixa das taxas dos DIs (Dep\u00f3sitos Interfinanceiros) e na queda do d\u00f3lar, o que representa um ponto t\u00e9cnico e psicol\u00f3gico importante, que vinha sustentando as cota\u00e7\u00f5es.<\/p>\n\n\n<section class=\"recirculation-area\">\n    <div class=\"container\">\n                <p class=\"title\">Leia mais<\/p>\n     \n            <ul class=\"recirculation-list\" data-tracking-position=\"Leia mais\">\n                            <li class=\"list-item\">\n                    <a \n                        href=\"https:\/\/investnews.com.br\/economia\/nao-ha-vencedores-em-uma-guerra-comercial-diz-vice-premie-da-china-em-davos\/\" \n                        title=\"&#8220;N\u00e3o h\u00e1 vencedores em uma guerra comercial&#8221;, diz vice-premi\u00ea da China, em Davos\" \n                        class=\"item-title recirculation-link\"\n                        data-btn-name=\"&#8220;N\u00e3o h\u00e1 vencedores em uma guerra comercial&#8221;, diz vice-premi\u00ea da China, em Davos\"\n                        data-posicao=\"Leia mais\"\n                        data-click-url=\"https:\/\/investnews.com.br\/economia\/nao-ha-vencedores-em-uma-guerra-comercial-diz-vice-premie-da-china-em-davos\/\"\n                    >\n                        &#8220;N\u00e3o h\u00e1 vencedores em uma guerra comercial&#8221;, diz vice-premi\u00ea da China, em Davos                    <\/a>\n                <\/li>\n                            <li class=\"list-item\">\n                    <a \n                        href=\"https:\/\/investnews.com.br\/economia\/as-mudancas-tarifarias-de-trump-sao-um-alerta-para-as-empresas-americanas\/\" \n                        title=\"As mudan\u00e7as tarif\u00e1rias de Trump s\u00e3o um alerta para as empresas americanas\" \n                        class=\"item-title recirculation-link\"\n                        data-btn-name=\"As mudan\u00e7as tarif\u00e1rias de Trump s\u00e3o um alerta para as empresas americanas\"\n                        data-posicao=\"Leia mais\"\n                        data-click-url=\"https:\/\/investnews.com.br\/economia\/as-mudancas-tarifarias-de-trump-sao-um-alerta-para-as-empresas-americanas\/\"\n                    >\n                        As mudan\u00e7as tarif\u00e1rias de Trump s\u00e3o um alerta para as empresas americanas                    <\/a>\n                <\/li>\n                    <\/ul>\n    <\/div><\/section>\n\n\n\n<h2 class=\"wp-block-heading\">Mercado futuro<\/h2>\n\n\n\n<p>Um operador ouvido pela Reuters pontuou que o d\u00f3lar para fevereiro \u2014 o mais negociado e, no limite, o que conduz as cota\u00e7\u00f5es no segmento \u00e0 vista \u2014 viu ordens de <em>stop<\/em> serem disparadas ao atingir os R$ 5,5990 e, depois disso, os R$ 5,5945.<\/p>\n\n\n\n<p>Nestes pontos t\u00e9cnicos, investidores comprados (posicionados na alta das cota\u00e7\u00f5es) fecharam algumas posi\u00e7\u00f5es, amplificando a queda da moeda no mercado futuro e, consequentemente, no segmento \u00e0 vista.<\/p>\n\n\n\n<p>Assim, ap\u00f3s marcar a cota\u00e7\u00e3o m\u00e1xima de R$ 6,0213 (-0,17%) \u00e0s 9h22, ainda no in\u00edcio da sess\u00e3o, o d\u00f3lar \u00e0 vista atingiu a m\u00ednima de R$ 5,9163 (-1,91%) \u00e0s 13h53.<\/p>\n\n\n\n<h2 class=\"wp-block-heading\">Expectativa dom\u00e9stica<\/h2>\n\n\n\n<p>Profissionais ouvidos pela Reuters ponderaram, no entanto, que a manuten\u00e7\u00e3o do d\u00f3lar abaixo dos R$ 6,00 reais no curto prazo depender\u00e1 n\u00e3o apenas do notici\u00e1rio externo, mas tamb\u00e9m da capacidade de o governo Lula convencer o mercado de que o ajuste fiscal \u00e9 vi\u00e1vel.<\/p>\n\n\n\n<p>\u201cNa agenda do governo est\u00e3o medidas adicionais de conten\u00e7\u00e3o de gastos, mas h\u00e1 tamb\u00e9m a reforma do <a href=\"https:\/\/investnews.com.br\/guias\/imposto-de-renda-o-que-e\/\">Imposto de Renda<\/a> \u2014 que \u00e9 uma discuss\u00e3o merit\u00f3ria, mas da forma em que foi colocada criou avers\u00e3o ao tema\u201d, pontuou Matheus Spiess, analista da Empiricus Research.<\/p>\n\n\n\n<p>Em entrevista a uma r\u00e1dio pela manh\u00e3, o secret\u00e1rio do Tesouro Nacional, Rog\u00e9rio Ceron, disse que o governo est\u00e1 fazendo o balan\u00e7o das altera\u00e7\u00f5es nas medidas de conten\u00e7\u00e3o de gastos aprovadas pelo Congresso no fim do ano passado. Segundo ele, novos projetos ser\u00e3o apresentados se for necess\u00e1rio.<\/p>\n\n\n\n<p>Tamb\u00e9m pela manh\u00e3 o Banco Central vendeu, em sua opera\u00e7\u00e3o di\u00e1ria, 15.000 contratos de <a href=\"https:\/\/investnews.com.br\/guias\/swap-como-funciona\/\">swap<\/a> cambial tradicional para fins de rolagem do vencimento de 5 de mar\u00e7o de 2025.<\/p>\n\n\n\n<p>\u00c0 tarde, o BC informou que o Brasil registrou fluxo cambial total negativo de US$ 3,804 bilh\u00f5es em janeiro at\u00e9 o dia 17, resultado de sa\u00eddas l\u00edquidas de US$ 2,127 bilh\u00f5es pelo canal financeiro e saldo negativo de US$ 1,677 bilh\u00e3o pelo canal comercial.<\/p>\n\n\n\n<p>Apenas na semana passada, de 13 a 17 de janeiro, houve entradas l\u00edquidas totais de US$ 806 milh\u00f5es \u2014 uma invers\u00e3o do que foi visto na semana anterior, quando sa\u00edram l\u00edquidos do pa\u00eds US$ 1,104 bilh\u00e3o.<\/p>\n\n\n\n<p>\u00c0s 17h14, o \u00edndice do d\u00f3lar \u2014 que mede o desempenho da moeda norte-americana frente a uma cesta de seis divisas \u2014 teve varia\u00e7\u00e3o de -0,01%, a 108,130.<\/p>\n","protected":false},"excerpt":{"rendered":"<p>Moeda fechou o preg\u00e3o desta quarta (22) a R$ 5,9463, menor valor desde 27 de novembro<\/p>\n","protected":false},"author":61,"featured_media":587384,"comment_status":"closed","ping_status":"closed","sticky":false,"template":"","format":"standard","meta":{"_acf_changed":false,"inline_featured_image":false,"footnotes":""},"categories":[5],"tags":[26,102288],"autor-wsj":[],"coauthors":[2494],"class_list":["post-648253","post","type-post","status-publish","format-standard","has-post-thumbnail","hentry","category-economia","tag-dolar","tag-reuters"],"acf":[],"amp_enabled":true,"_links":{"self":[{"href":"https:\/\/investnews.com.br\/inv-api\/wp\/v2\/posts\/648253","targetHints":{"allow":["GET"]}}],"collection":[{"href":"https:\/\/investnews.com.br\/inv-api\/wp\/v2\/posts"}],"about":[{"href":"https:\/\/investnews.com.br\/inv-api\/wp\/v2\/types\/post"}],"author":[{"embeddable":true,"href":"https:\/\/investnews.com.br\/inv-api\/wp\/v2\/users\/61"}],"replies":[{"embeddable":true,"href":"https:\/\/investnews.com.br\/inv-api\/wp\/v2\/comments?post=648253"}],"version-history":[{"count":3,"href":"https:\/\/investnews.com.br\/inv-api\/wp\/v2\/posts\/648253\/revisions"}],"predecessor-version":[{"id":648296,"href":"https:\/\/investnews.com.br\/inv-api\/wp\/v2\/posts\/648253\/revisions\/648296"}],"wp:featuredmedia":[{"embeddable":true,"href":"https:\/\/investnews.com.br\/inv-api\/wp\/v2\/media\/587384"}],"wp:attachment":[{"href":"https:\/\/investnews.com.br\/inv-api\/wp\/v2\/media?parent=648253"}],"wp:term":[{"taxonomy":"category","embeddable":true,"href":"https:\/\/investnews.com.br\/inv-api\/wp\/v2\/categories?post=648253"},{"taxonomy":"post_tag","embeddable":true,"href":"https:\/\/investnews.com.br\/inv-api\/wp\/v2\/tags?post=648253"},{"taxonomy":"autor-wsj","embeddable":true,"href":"https:\/\/investnews.com.br\/inv-api\/wp\/v2\/autor-wsj?post=648253"},{"taxonomy":"author","embeddable":true,"href":"https:\/\/investnews.com.br\/inv-api\/wp\/v2\/coauthors?post=648253"}],"curies":[{"name":"wp","href":"https:\/\/api.w.org\/{rel}","templated":true}]}}