{"id":648851,"date":"2025-01-24T19:38:18","date_gmt":"2025-01-24T22:38:18","guid":{"rendered":"https:\/\/investnews.com.br\/?p=648851"},"modified":"2025-01-24T19:38:20","modified_gmt":"2025-01-24T22:38:20","slug":"acoes-da-apple-tem-pior-inicio-de-ano-desde-2008","status":"publish","type":"post","link":"https:\/\/investnews.com.br\/negocios\/acoes-da-apple-tem-pior-inicio-de-ano-desde-2008\/","title":{"rendered":"A\u00e7\u00f5es da Apple t\u00eam pior in\u00edcio de ano desde 2008"},"content":{"rendered":"\n<p>As a\u00e7\u00f5es da <a href=\"https:\/\/investnews.com.br\/negocios\/historia-da-apple\/\">Apple<\/a> tiveram um in\u00edcio de ano dif\u00edcil e agora est\u00e3o flertando com seu n\u00edvel t\u00e9cnico um patamar m\u00ednimo que, se for ultrapassado, pode sinalizar mais queda \u00e0 frente. O desempenho da Apple nesse in\u00edcio de ano \u00e9 o pior desde 2008, de acordo com dados compilados pela Bloomberg.<\/p>\n\n\n\n<p>Desde o primeiro preg\u00e3o de 2025 at\u00e9 esta sexta-feira (24), a a\u00e7\u00e3o chegou a <strong>US$ 222,78<\/strong>, caindo 11% e se tornando de longe a pior performista do grupo das Sete Magn\u00edficas. Ela tamb\u00e9m teve performance ruim no S&amp;P 500, que ganhou cerca de 3,7% este ano e atingiu uma nova m\u00e1xima recorde no in\u00edcio da semana.<\/p>\n\n\n\n<h2 class=\"wp-block-heading\">O que \u00e9 o n\u00edvel t\u00e9cnico<\/h2>\n\n\n\n<p>A queda trouxe as a\u00e7\u00f5es para perto da m\u00e9dia m\u00f3vel de 200 dias, de cerca de <strong>US$ 218<\/strong>. A m\u00e9dia m\u00f3vel dos \u00faltimos 200 dias \u00e9 um n\u00edvel t\u00e9cnico acompanhado por muitos traders para verificar uma poss\u00edvel revers\u00e3o de tend\u00eancia de alta \u2014 no ano passado, a Apple registrou recordes hist\u00f3ricos no patamar de <strong>US$ 260<\/strong>.<\/p>\n\n\n\n<p>Esse n\u00edvel \u00e9 &#8220;sempre um bom ponto de refer\u00eancia de tend\u00eancia&#8221;, disse Todd Sohn, estrategista de <a href=\"https:\/\/investnews.com.br\/guias\/etfs-o-que-sao-como-funcionam\/\">ETF<\/a> e t\u00e9cnico na Strategas Securities. &#8220;Quando voc\u00ea come\u00e7a a ver a\u00e7\u00f5es flertando com esse n\u00edvel ou come\u00e7ando a cair abaixo dele, voc\u00ea perde um pouco a confian\u00e7a de que a tend\u00eancia de alta daquele nome ainda est\u00e1 intacta.&#8221;<\/p>\n\n\n\n<p>\u00c9 uma posi\u00e7\u00e3o prec\u00e1ria para as a\u00e7\u00f5es da Apple. A empresa era, at\u00e9 recentemente, a maior do mundo em valor de mercado e tinha o maior peso no \u00cdndice S&amp;P 500. A Nvidia ultrapassou a Apple durante sua queda.<\/p>\n\n\n<section class=\"recirculation-area\">\n    <div class=\"container\">\n                <p class=\"title\">Leia mas<\/p>\n     \n            <ul class=\"recirculation-list\" data-tracking-position=\"outros\">\n                            <li class=\"list-item\">\n                    <a \n                        href=\"https:\/\/investnews.com.br\/negocios\/janeiro-ficou-ainda-pior-para-apple-apos-analistas-apontarem-riscos-com-iphone\/\" \n                        title=\"Janeiro ficou ainda pior para Apple ap\u00f3s analistas apontarem riscos com iPhone\" \n                        class=\"item-title recirculation-link\"\n                        data-btn-name=\"Janeiro ficou ainda pior para Apple ap\u00f3s analistas apontarem riscos com iPhone\"\n                        data-posicao=\"outros\"\n                        data-click-url=\"https:\/\/investnews.com.br\/negocios\/janeiro-ficou-ainda-pior-para-apple-apos-analistas-apontarem-riscos-com-iphone\/\"\n                    >\n                        Janeiro ficou ainda pior para Apple ap\u00f3s analistas apontarem riscos com iPhone                    <\/a>\n                <\/li>\n                            <li class=\"list-item\">\n                    <a \n                        href=\"https:\/\/investnews.com.br\/negocios\/apple-contrata-executivo-de-software-veterano-para-ajudar-a-consertar-ia-e-siri\/\" \n                        title=\"Apple contrata executivo de software veterano para consertar IA e  Siri\" \n                        class=\"item-title recirculation-link\"\n                        data-btn-name=\"Apple contrata executivo de software veterano para consertar IA e  Siri\"\n                        data-posicao=\"outros\"\n                        data-click-url=\"https:\/\/investnews.com.br\/negocios\/apple-contrata-executivo-de-software-veterano-para-ajudar-a-consertar-ia-e-siri\/\"\n                    >\n                        Apple contrata executivo de software veterano para consertar IA e  Siri                    <\/a>\n                <\/li>\n                            <li class=\"list-item\">\n                    <a \n                        href=\"https:\/\/investnews.com.br\/negocios\/oferta-da-apple-de-us-1-bilhao-nao-convence-indonesia-a-suspender-veto-contra-iphone\/\" \n                        title=\"Oferta da Apple de US$ 1 bi n\u00e3o convence Indon\u00e9sia a suspender veto contra iPhone\" \n                        class=\"item-title recirculation-link\"\n                        data-btn-name=\"Oferta da Apple de US$ 1 bi n\u00e3o convence Indon\u00e9sia a suspender veto contra iPhone\"\n                        data-posicao=\"outros\"\n                        data-click-url=\"https:\/\/investnews.com.br\/negocios\/oferta-da-apple-de-us-1-bilhao-nao-convence-indonesia-a-suspender-veto-contra-iphone\/\"\n                    >\n                        Oferta da Apple de US$ 1 bi n\u00e3o convence Indon\u00e9sia a suspender veto contra iPhone                    <\/a>\n                <\/li>\n                    <\/ul>\n    <\/div><\/section>\n\n\n\n<h2 class=\"wp-block-heading\">Peso da Apple no S&amp;P 500<\/h2>\n\n\n\n<p>Embora uma \u00fanica a\u00e7\u00e3o nem sempre mova o restante do \u00edndice, o tamanho e a posi\u00e7\u00e3o da Apple a tornam uma a ser observada. At\u00e9 agora, o S&amp;P 500 continuou a subir, mesmo com a queda das a\u00e7\u00f5es da Apple. Mas, se qualquer outra das grandes a\u00e7\u00f5es de tecnologia come\u00e7ar a cair de forma semelhante, isso poderia ser um sinal preocupante para o mercado, que agora est\u00e1 entrando em seu terceiro ano de alta.<\/p>\n\n\n\n<p>&#8220;O mercado tem sido bastante resiliente \u00e0 luz do fato de que a Apple est\u00e1 sob press\u00e3o&#8221;, disse Katie Stockton, s\u00f3cia-gerente e fundadora da Fairlead Strategies. Ainda assim, &#8220;definitivamente tem o potencial de criar mais riscos para esses principais \u00edndices. Se virmos a continuidade dessa queda que estamos antecipando, isso torna mais desafiador, \u00e9 claro, para esses \u00edndices ignorarem.&#8221;<\/p>\n\n\n\n<h2 class=\"wp-block-heading\">Mais queda pela frente<\/h2>\n\n\n\n<p>Stockton prev\u00ea mais quedas para as a\u00e7\u00f5es da Apple, ela disse. Se as a\u00e7\u00f5es ca\u00edrem abaixo da m\u00e9dia m\u00f3vel de 200 dias, o pr\u00f3ximo n\u00edvel que ela est\u00e1 observando \u00e9 em torno de <strong>US$ 208<\/strong>, com base em uma an\u00e1lise t\u00e9cnica chamada Ichimoku.<\/p>\n\n\n\n<p>Esse n\u00edvel &#8220;\u00e9 um ponto mais prov\u00e1vel para a corre\u00e7\u00e3o amadurecer&#8221;, disse Stockton. &#8220;Obviamente, n\u00e3o temos uma bola de cristal, mas, com base na posi\u00e7\u00e3o atual, parece que veremos a m\u00e9dia m\u00f3vel de 200 dias sendo ultrapassada e um progresso em dire\u00e7\u00e3o a esse patamar secund\u00e1rio.&#8221;<\/p>\n\n\n\n<p>A Apple deve divulgar os resultados trimestrais em 30 de janeiro, ap\u00f3s o fechamento dos mercados, um catalisador importante para as a\u00e7\u00f5es que os investidores estar\u00e3o observando de perto. Wall Street espera que a fabricante do iPhone reporte lucros de US$ 2,35 por a\u00e7\u00e3o, com receita de US$ 124,2 bilh\u00f5es.<\/p>\n\n\n\n<p>\u00c9 claro que as a\u00e7\u00f5es da Apple podem simplesmente testar o n\u00edvel da m\u00e9dia m\u00f3vel de 200 dias e se recuperar, especialmente se ela apresentar resultados que superem as expectativas dos analistas. Embora a m\u00e9dia de 200 dias seja um n\u00edvel psicol\u00f3gico chave que pode ser um sinal de alerta para as a\u00e7\u00f5es, alguns traders tamb\u00e9m podem us\u00e1-la como um indicador para come\u00e7ar a comprar a\u00e7\u00f5es com desconto.<\/p>\n\n\n\n<p>&#8220;Voc\u00ea pode ter compradores que talvez definam o n\u00edvel de 200 dias como um ponto para aumentar a exposi\u00e7\u00e3o&#8221;, disse Sohn. &#8220;Ent\u00e3o a quest\u00e3o se torna: se voc\u00ea mantiver aqui, a Apple pode voltar a subir para US$ 260?&#8221;<\/p>\n","protected":false},"excerpt":{"rendered":"<p>A\u00e7\u00f5es tiveram queda de 11% em 2015, o pior desempenho das sete principais empresas na bolsa americana<\/p>\n","protected":false},"author":76,"featured_media":646096,"comment_status":"closed","ping_status":"closed","sticky":false,"template":"","format":"standard","meta":{"_acf_changed":false,"inline_featured_image":false,"footnotes":""},"categories":[6],"tags":[329,746],"autor-wsj":[],"coauthors":[101325],"class_list":["post-648851","post","type-post","status-publish","format-standard","has-post-thumbnail","hentry","category-negocios","tag-apple","tag-wall-street"],"acf":[],"amp_enabled":true,"_links":{"self":[{"href":"https:\/\/investnews.com.br\/inv-api\/wp\/v2\/posts\/648851","targetHints":{"allow":["GET"]}}],"collection":[{"href":"https:\/\/investnews.com.br\/inv-api\/wp\/v2\/posts"}],"about":[{"href":"https:\/\/investnews.com.br\/inv-api\/wp\/v2\/types\/post"}],"author":[{"embeddable":true,"href":"https:\/\/investnews.com.br\/inv-api\/wp\/v2\/users\/76"}],"replies":[{"embeddable":true,"href":"https:\/\/investnews.com.br\/inv-api\/wp\/v2\/comments?post=648851"}],"version-history":[{"count":1,"href":"https:\/\/investnews.com.br\/inv-api\/wp\/v2\/posts\/648851\/revisions"}],"predecessor-version":[{"id":648856,"href":"https:\/\/investnews.com.br\/inv-api\/wp\/v2\/posts\/648851\/revisions\/648856"}],"wp:featuredmedia":[{"embeddable":true,"href":"https:\/\/investnews.com.br\/inv-api\/wp\/v2\/media\/646096"}],"wp:attachment":[{"href":"https:\/\/investnews.com.br\/inv-api\/wp\/v2\/media?parent=648851"}],"wp:term":[{"taxonomy":"category","embeddable":true,"href":"https:\/\/investnews.com.br\/inv-api\/wp\/v2\/categories?post=648851"},{"taxonomy":"post_tag","embeddable":true,"href":"https:\/\/investnews.com.br\/inv-api\/wp\/v2\/tags?post=648851"},{"taxonomy":"autor-wsj","embeddable":true,"href":"https:\/\/investnews.com.br\/inv-api\/wp\/v2\/autor-wsj?post=648851"},{"taxonomy":"author","embeddable":true,"href":"https:\/\/investnews.com.br\/inv-api\/wp\/v2\/coauthors?post=648851"}],"curies":[{"name":"wp","href":"https:\/\/api.w.org\/{rel}","templated":true}]}}