{"id":649046,"date":"2025-01-27T09:12:36","date_gmt":"2025-01-27T12:12:36","guid":{"rendered":"https:\/\/investnews.com.br\/?p=649046"},"modified":"2025-01-27T11:01:35","modified_gmt":"2025-01-27T14:01:35","slug":"trump-adia-rodada-subita-de-tarifas-contra-a-colombia-apos-acordo-sobre-imigrantes","status":"publish","type":"post","link":"https:\/\/investnews.com.br\/economia\/trump-adia-rodada-subita-de-tarifas-contra-a-colombia-apos-acordo-sobre-imigrantes\/","title":{"rendered":"Trump adia tarifas contra a Col\u00f4mbia ap\u00f3s acordo sobre imigrantes"},"content":{"rendered":"\n<p>O presidente dos Estados Unidos, Donald Trump, anunciou a imposi\u00e7\u00e3o de tarifas \u00e0 Col\u00f4mbia antes de retirar abruptamente a amea\u00e7a ap\u00f3s chegar a um acordo sobre o retorno de migrantes deportados, uma medida que abalou os mercados globais no espa\u00e7o de v\u00e1rias horas.<\/p>\n\n\n\n<p>A Casa Branca reivindicou a vit\u00f3ria no final do domingo (26), dizendo que a Col\u00f4mbia havia \u201cconcordado com todos os termos do presidente Trump\u201d sem demora, incluindo a aceita\u00e7\u00e3o de deportados em aeronaves militares dos EUA. O presidente colombiano Gustavo Petro j\u00e1 havia se recusado a permitir a aterrissagem de dois avi\u00f5es militares que transportavam migrantes deportados, objetando ao uso de grilh\u00f5es e algemas nos detidos.<\/p>\n\n\n\n<p>O ministro das Rela\u00e7\u00f5es Exteriores da Col\u00f4mbia, Luis Gilberto Murillo, disse em um v\u00eddeo que os dois pa\u00edses superaram o \u201cimpasse\u201d diplom\u00e1tico, acrescentando que o avi\u00e3o do presidente estar\u00e1 pronto para levar os colombianos que seriam deportados de volta ao pa\u00eds.<\/p>\n\n\n\n<p>\u201cContinuaremos recebendo os colombianos que retornam como deportados, garantindo-lhes condi\u00e7\u00f5es de dignidade\u201d, disse Murillo.<\/p>\n\n\n\n<p>A iniciativa de Trump de amea\u00e7ar rapidamente com tarifas sobre bilh\u00f5es de d\u00f3lares em com\u00e9rcio de petr\u00f3leo, flores, caf\u00e9 e outros serviu como um lembrete claro de sua vontade de usar ferramentas econ\u00f4micas para atingir objetivos geopol\u00edticos. Mas sua r\u00e1pida reviravolta tamb\u00e9m ilustrou por que o presidente enfrenta d\u00favidas sobre sua disposi\u00e7\u00e3o de cumprir suas amea\u00e7as.<\/p>\n\n\n<section class=\"recirculation-area\">\n    <div class=\"container\">\n         \n    <\/div><\/section>\n\n\n\n<p>Essa incerteza deixou uma nuvem pairando sobre os mercados globais mesmo depois que a decis\u00e3o foi revertida. O an\u00fancio do fim de semana deixou claro que as tarifas ser\u00e3o a primeira arma a que Trump recorrer\u00e1 em caso de discord\u00e2ncias pol\u00edticas, enquanto a r\u00e1pida resolu\u00e7\u00e3o pouco far\u00e1 para acalmar os \u00e2nimos dos investidores em rela\u00e7\u00e3o ao seu uso.<\/p>\n\n\n\n<p>O peso mexicano e o rand sul-africano lideraram as perdas entre as moedas dos mercados emergentes, com o fortalecimento do d\u00f3lar em rela\u00e7\u00e3o \u00e0 maioria de seus principais pares. O d\u00f3lar teve sua pior semana em mais de um ano na semana passada, quando Trump se absteve de impor imediatamente tarifas sobre a China e outros parceiros comerciais importantes &#8211; medidas que favoreceriam uma moeda americana mais forte.<\/p>\n\n\n\n<p>No in\u00edcio do dia, Trump ordenou que seu governo impusesse tarifas e san\u00e7\u00f5es \u00e0 Col\u00f4mbia por se recusar a permitir o pouso de avi\u00f5es militares. Em uma publica\u00e7\u00e3o nas redes sociais, Trump disse que aplicaria uma tarifa emergencial de 25% sobre todos os produtos colombianos que entrassem nos EUA, que seria aumentada para 50% em uma semana, al\u00e9m de restri\u00e7\u00f5es a viagens e san\u00e7\u00f5es n\u00e3o especificadas.<\/p>\n\n\n\n<p>O Secret\u00e1rio de Estado Marco Rubio ordenou ent\u00e3o a suspens\u00e3o da emiss\u00e3o de vistos na Embaixada dos EUA em Bogot\u00e1 e autorizou outras restri\u00e7\u00f5es de viagem para os respons\u00e1veis pela interfer\u00eancia nos voos. Essas restri\u00e7\u00f5es de viagem, bem como as inspe\u00e7\u00f5es refor\u00e7adas pelos funcion\u00e1rios da alf\u00e2ndega, permanecer\u00e3o em vigor at\u00e9 que o primeiro avi\u00e3o de deportados colombianos seja devolvido com sucesso, disse a secret\u00e1ria de imprensa da Casa Branca, Karoline Leavitt, em um comunicado na noite de domingo.<\/p>\n\n\n\n<p>\u201cOs eventos de hoje deixam claro para o mundo que os Estados Unidos s\u00e3o respeitados novamente\u201d, disse ela, acrescentando que a ordem de tarifas e san\u00e7\u00f5es permaneceria sem assinatura \u2018a menos que a Col\u00f4mbia n\u00e3o honre esse acordo\u2019.<\/p>\n\n\n\n<p>A a\u00e7\u00e3o de Trump abalou d\u00e9cadas de rela\u00e7\u00f5es calorosas entre os EUA e a Col\u00f4mbia. Era de se esperar que os la\u00e7os entre Trump e Petro fossem tensos devido \u00e0s suas vis\u00f5es pol\u00edticas divergentes, embora a deteriora\u00e7\u00e3o tenha sido mais r\u00e1pida e mais prejudicial do que quase todos previam.<\/p>\n\n\n\n<p>A Col\u00f4mbia est\u00e1 tentando melhorar os la\u00e7os, com Murillo dizendo que planeja viajar para Washington junto com o embaixador colombiano nos EUA nos pr\u00f3ximos dias para dar continuidade aos acordos entre os dois pa\u00edses. Ainda assim, a a\u00e7\u00e3o de Trump envia uma mensagem poderosa ao mundo, de que nem mesmo os antigos aliados pol\u00edticos est\u00e3o seguros se n\u00e3o cooperarem com ele.<\/p>\n\n\n\n<p>Esse \u00e9 particularmente o caso quando se trata de deportar migrantes sem documentos, uma das principais promessas eleitorais de Trump. A Casa Branca disse que prendeu 538 imigrantes sem documentos e come\u00e7ou a usar aeronaves militares para remov\u00ea-los nas primeiras 100 horas do governo.<\/p>\n\n\n\n<p>As autoridades latino-americanas, incluindo Petro, disseram que estavam consternadas com o tratamento dado aos migrantes, mesmo quando expressaram sua disposi\u00e7\u00e3o de receb\u00ea-los de volta. Os EUA e El Salvador est\u00e3o trabalhando em um acordo de asilo que permitiria \u00e0s autoridades americanas deportar migrantes n\u00e3o salvadorenhos para a na\u00e7\u00e3o centro-americana.<\/p>\n\n\n\n<p>Em compara\u00e7\u00e3o com alguns dos outros pa\u00edses visados por Trump com suas amea\u00e7as tarif\u00e1rias, a briga com a Col\u00f4mbia tem consequ\u00eancias econ\u00f4micas relativamente baixas. O com\u00e9rcio de mercadorias entre os EUA e a Col\u00f4mbia foi de US$ 33,5 bilh\u00f5es nos primeiros 11 meses de 2024, de acordo com dados comerciais dos EUA. Os EUA tiveram um super\u00e1vit comercial de bilh\u00f5es de d\u00f3lares com a Col\u00f4mbia nesse per\u00edodo.<\/p>\n","protected":false},"excerpt":{"rendered":"<p>O peso mexicano e o rand sul-africano lideraram as perdas entre as moedas dos mercados emergentes,<\/p>\n","protected":false},"author":76,"featured_media":649057,"comment_status":"closed","ping_status":"closed","sticky":false,"template":"","format":"standard","meta":{"_acf_changed":false,"inline_featured_image":false,"footnotes":""},"categories":[5],"tags":[79,236],"autor-wsj":[],"coauthors":[101325],"class_list":["post-649046","post","type-post","status-publish","format-standard","has-post-thumbnail","hentry","category-economia","tag-donald-trump","tag-eua"],"acf":[],"amp_enabled":true,"_links":{"self":[{"href":"https:\/\/investnews.com.br\/inv-api\/wp\/v2\/posts\/649046","targetHints":{"allow":["GET"]}}],"collection":[{"href":"https:\/\/investnews.com.br\/inv-api\/wp\/v2\/posts"}],"about":[{"href":"https:\/\/investnews.com.br\/inv-api\/wp\/v2\/types\/post"}],"author":[{"embeddable":true,"href":"https:\/\/investnews.com.br\/inv-api\/wp\/v2\/users\/76"}],"replies":[{"embeddable":true,"href":"https:\/\/investnews.com.br\/inv-api\/wp\/v2\/comments?post=649046"}],"version-history":[{"count":2,"href":"https:\/\/investnews.com.br\/inv-api\/wp\/v2\/posts\/649046\/revisions"}],"predecessor-version":[{"id":649116,"href":"https:\/\/investnews.com.br\/inv-api\/wp\/v2\/posts\/649046\/revisions\/649116"}],"wp:featuredmedia":[{"embeddable":true,"href":"https:\/\/investnews.com.br\/inv-api\/wp\/v2\/media\/649057"}],"wp:attachment":[{"href":"https:\/\/investnews.com.br\/inv-api\/wp\/v2\/media?parent=649046"}],"wp:term":[{"taxonomy":"category","embeddable":true,"href":"https:\/\/investnews.com.br\/inv-api\/wp\/v2\/categories?post=649046"},{"taxonomy":"post_tag","embeddable":true,"href":"https:\/\/investnews.com.br\/inv-api\/wp\/v2\/tags?post=649046"},{"taxonomy":"autor-wsj","embeddable":true,"href":"https:\/\/investnews.com.br\/inv-api\/wp\/v2\/autor-wsj?post=649046"},{"taxonomy":"author","embeddable":true,"href":"https:\/\/investnews.com.br\/inv-api\/wp\/v2\/coauthors?post=649046"}],"curies":[{"name":"wp","href":"https:\/\/api.w.org\/{rel}","templated":true}]}}