{"id":649227,"date":"2025-01-28T06:30:00","date_gmt":"2025-01-28T09:30:00","guid":{"rendered":"https:\/\/investnews.com.br\/?p=649227"},"modified":"2025-08-08T15:57:07","modified_gmt":"2025-08-08T18:57:07","slug":"modelo-economico-da-alemanha-esta-quebrado-e-ninguem-tem-um-plano-b","status":"publish","type":"post","link":"https:\/\/investnews.com.br\/the-wall-street-journal\/modelo-economico-da-alemanha-esta-quebrado-e-ninguem-tem-um-plano-b\/","title":{"rendered":"Modelo econ\u00f4mico da Alemanha est\u00e1 quebrado e ningu\u00e9m tem um plano B"},"content":{"rendered":"<p>A Prefeitura de Ingolstadt, cidade de 140 mil habitantes e a segunda mais rica da Alemanha, est\u00e1 procurando maneiras de economizar cerca de cem milh\u00f5es de euros.\u00a0\u00a0<\/p><p>A montadora Audi, cuja sede na cidade fica pr\u00f3xima ao rio Dan\u00fabio, costumava injetar mais de cem milh\u00f5es de euros por ano via impostos municipais nos cofres de Ingolstadt por meio de sua controladora, a Volkswagen, mas esse fluxo secou h\u00e1 mais de um ano. A Audi relatou em novembro um decl\u00ednio de 91% no lucro operacional nos tr\u00eas meses at\u00e9 setembro e vem cortando milhares de empregos na Alemanha.\u00a0<\/p><p>Os neg\u00f3cios da Audi na China, onde o setor automobil\u00edstico, o principal na Alemanha, costumava obter grande parte de suas vendas e uma fatia ainda maior dos lucros, encolheram um quarto nos nove meses at\u00e9 setembro em rela\u00e7\u00e3o ao ano anterior. As montadoras chinesas, antes ridicularizadas pelos executivos de autom\u00f3veis ocidentais como primitivas, se transformaram em rivais formid\u00e1veis, devorando participa\u00e7\u00e3o de mercado dentro e fora da China.\u00a0<\/p><p>A desacelera\u00e7\u00e3o do crescimento econ\u00f4mico no pa\u00eds asi\u00e1tico e a crescente concorr\u00eancia das empresas de l\u00e1 prejudicaram a ind\u00fastria alem\u00e3 como um todo. Combinadas com a explos\u00e3o dos custos de energia e a amea\u00e7a de novas tarifas comerciais, as perspectivas s\u00e3o sombrias.\u00a0<\/p><p>As montadoras alem\u00e3s e seus fornecedores anunciaram dezenas de milhares de cortes de empregos. O setor industrial da Alemanha, o terceiro maior do mundo, encolheu constantemente por sete anos. E a economia do pa\u00eds como um todo se contraiu nos \u00faltimos dois anos, marcando a segunda contra\u00e7\u00e3o anual consecutiva nos registros que remontam a 1951, de acordo com a ag\u00eancia federal de estat\u00edsticas do pa\u00eds.\u00a0<\/p><p>O produto interno bruto praticamente se estabilizou desde 2019, antes do in\u00edcio da pandemia da Covid-19 \u2014 o per\u00edodo mais longo de estagna\u00e7\u00e3o desde o fim da Segunda Guerra Mundial. A maioria dos economistas espera que fique estagnado novamente este ano.\u00a0\u00a0<\/p><section class=\"recirculation-area\">\n    <div class=\"container\">\n                <p class=\"title\">Leia mais<\/p>\n     \n            <ul class=\"recirculation-list\" data-tracking-position=\"Leia mais\">\n                            <li class=\"list-item\">\n                    <a \n                        href=\"https:\/\/investnews.com.br\/negocios\/setor-de-veiculos-do-brasil-prepara-pedido-de-antidumping-contra-montadoras-chinesas\/\" \n                        title=\"Setor de ve\u00edculos do Brasil prepara pedido de antidumping contra montadoras chinesas\" \n                        class=\"item-title recirculation-link\"\n                        data-btn-name=\"Setor de ve\u00edculos do Brasil prepara pedido de antidumping contra montadoras chinesas\"\n                        data-posicao=\"Leia mais\"\n                        data-click-url=\"https:\/\/investnews.com.br\/negocios\/setor-de-veiculos-do-brasil-prepara-pedido-de-antidumping-contra-montadoras-chinesas\/\"\n                    >\n                        Setor de ve\u00edculos do Brasil prepara pedido de antidumping contra montadoras chinesas                    <\/a>\n                <\/li>\n                            <li class=\"list-item\">\n                    <a \n                        href=\"https:\/\/investnews.com.br\/negocios\/uniao-europeia-tentou-proteger-montadoras-locais-mas-acabou-processada-pela-bmw\/\" \n                        title=\"Uni\u00e3o Europeia tentou proteger montadoras locais, mas acabou processada pela BMW\" \n                        class=\"item-title recirculation-link\"\n                        data-btn-name=\"Uni\u00e3o Europeia tentou proteger montadoras locais, mas acabou processada pela BMW\"\n                        data-posicao=\"Leia mais\"\n                        data-click-url=\"https:\/\/investnews.com.br\/negocios\/uniao-europeia-tentou-proteger-montadoras-locais-mas-acabou-processada-pela-bmw\/\"\n                    >\n                        Uni\u00e3o Europeia tentou proteger montadoras locais, mas acabou processada pela BMW                    <\/a>\n                <\/li>\n                            <li class=\"list-item\">\n                    <a \n                        href=\"https:\/\/investnews.com.br\/negocios\/montadoras-imploram-pra-arcelormittal-prorrogar-fechamento-de-siderurgica-na-africa\/\" \n                        title=\"Montadoras pedem que ArcelorMittal adie fechamento de sider\u00fargica na \u00c1frica\" \n                        class=\"item-title recirculation-link\"\n                        data-btn-name=\"Montadoras pedem que ArcelorMittal adie fechamento de sider\u00fargica na \u00c1frica\"\n                        data-posicao=\"Leia mais\"\n                        data-click-url=\"https:\/\/investnews.com.br\/negocios\/montadoras-imploram-pra-arcelormittal-prorrogar-fechamento-de-siderurgica-na-africa\/\"\n                    >\n                        Montadoras pedem que ArcelorMittal adie fechamento de sider\u00fargica na \u00c1frica                    <\/a>\n                <\/li>\n                    <\/ul>\n    <\/div><\/section>\n<p>Os EUA, uma v\u00e1lvula de al\u00edvio recente, provavelmente n\u00e3o ajudar\u00e1: o presidente Trump est\u00e1 amea\u00e7ando chacoalhar o com\u00e9rcio global com uma s\u00e9rie de tarifas que aumentariam as barreiras nos EUA, o maior mercado de exporta\u00e7\u00e3o da Alemanha.\u00a0<\/p><p>Para os alem\u00e3es, que eleger\u00e3o um novo parlamento no m\u00eas que vem, esta \u00e9 uma vers\u00e3o mais assustadora de meados dos anos 2000, quando a taxa de desemprego atingiu 12%, o dobro da atual.<\/p><p>Naquela \u00e9poca, Berlim promulgou reformas impopulares de seu mercado de trabalho e do sistema de seguridade social que incentivaram mais pessoas a procurar emprego, ao mesmo tempo em que reduziram os custos das empresas e aumentaram a competitividade internacional dos exportadores, abrindo caminho para duas d\u00e9cadas de crescimento s\u00f3lido.<\/p><p>Economistas dizem que a crise atual \u00e9 pior, porque questiona a pr\u00f3pria base do modelo econ\u00f4mico alem\u00e3o, dependente de exporta\u00e7\u00f5es. Na crise anterior, a economia da China estava crescendo cerca de 10% ou mais ao ano, absorvendo bens e impulsionando o com\u00e9rcio e a economia globais. Hoje, a economia da China est\u00e1 crescendo metade dessa taxa, e os volumes de com\u00e9rcio global estagnaram, de acordo com a Organiza\u00e7\u00e3o Mundial do Com\u00e9rcio.\u00a0<\/p><figure class=\"wp-block-image size-large\"><img decoding=\"async\" src=\"https:\/\/media.investnews.com.br\/uploads\/2025\/01\/416077099-min-1024x683.jpg\" alt=\"Estacionamento diurno com muitas fileiras de carros estacionados e uma pessoa caminhando em dire\u00e7\u00e3o ao fundo.\" class=\"wp-image-649247\"><figcaption class=\"wp-element-caption\">Estacionamento de carros em Berlim. Foto: Bloomberg<\/figcaption><\/figure><p>Sem mercados de exporta\u00e7\u00e3o em r\u00e1pido crescimento, o modelo da Alemanha \u201cest\u00e1 morto\u201d, disse Jacob Kirkegaard, pesquisador s\u00eanior do Instituto Peterson de Economia Internacional em Washington, D.C.<\/p><p>No entanto, poucos pol\u00edticos est\u00e3o se concentrando nas principais mudan\u00e7as que os economistas dizem ser necess\u00e1rias. Os alem\u00e3es \u201cn\u00e3o querem encarar o problema de frente. Eles ainda acham que \u00e9 algo passageiro, e que pode ser resolvido da maneira como costumam fazer as coisas\u201d, disse Ludovic Subran, economista-chefe da Allianz, grupo de seguros alem\u00e3o. \u201cN\u00e3o acho que ser\u00e1 suficiente.\u201d\u00a0<\/p><p>O pa\u00eds, com 83 milh\u00f5es de habitantes, tornou-se a terceira maior economia do mundo fabricando e exportando produtos de engenharia \u2014 carros, rob\u00f4s, trens, m\u00e1quinas industriais \u2014 que outros queriam comprar. Agora, o mundo est\u00e1 dando as costas ao \u201cMade in Germany\u201d, e a Alemanha n\u00e3o tem plano B.\u00a0<\/p><h2 class=\"wp-block-heading\"><strong>\u201cMimados durante muitos anos\u201d<\/strong><\/h2><p>At\u00e9 recentemente, as consequ\u00eancias desse colapso econ\u00f4mico em c\u00e2mera lenta se limitavam a editoriais de jornais e divulga\u00e7\u00f5es de dados econ\u00f4micos, com pouco impacto tang\u00edvel na vida dos eleitores.\u00a0<\/p><p>Este ano, a crise se tornou pol\u00edtica. A maioria das pesquisas mostra que a economia ofuscou a imigra\u00e7\u00e3o, a seguran\u00e7a e as mudan\u00e7as clim\u00e1ticas como a principal preocupa\u00e7\u00e3o dos eleitores. O governo do chanceler Olaf Scholz, em fim de mandato, \u00e9 o mais impopular desde 1949.\u00a0<\/p><p>A maioria dos pol\u00edticos est\u00e1 se concentrando em como ajustar e melhorar o atual modelo econ\u00f4mico dependente de exporta\u00e7\u00e3o e manufatura. Novas ideias para incentivar o investimento e o consumo, impulsionar o com\u00e9rcio dentro da Europa ou se abrir aos setores de tecnologia ou servi\u00e7os em r\u00e1pido crescimento est\u00e3o praticamente ausentes.<\/p><figure class=\"wp-block-image size-full\"><img loading=\"lazy\" decoding=\"async\" width=\"850\" height=\"674\" src=\"https:\/\/media.investnews.com.br\/uploads\/2025\/01\/IN_Graficos_WSJ_Alemanha_Desktop_01-copy.webp\" alt=\"Gr\u00e1fico de barras: Eleitores alem\u00e3es veem economia (aprox. 35%) e imigra\u00e7\u00e3o (32,5%) como principais preocupa\u00e7\u00f5es.\" class=\"wp-image-649275\" srcset=\"https:\/\/media.investnews.com.br\/uploads\/2025\/01\/IN_Graficos_WSJ_Alemanha_Desktop_01-copy.webp 850w, https:\/\/media.investnews.com.br\/uploads\/2025\/01\/IN_Graficos_WSJ_Alemanha_Desktop_01-copy-300x238.webp 300w, https:\/\/media.investnews.com.br\/uploads\/2025\/01\/IN_Graficos_WSJ_Alemanha_Desktop_01-copy-768x609.webp 768w, https:\/\/media.investnews.com.br\/uploads\/2025\/01\/IN_Graficos_WSJ_Alemanha_Desktop_01-copy-172x136.webp 172w, https:\/\/media.investnews.com.br\/uploads\/2025\/01\/IN_Graficos_WSJ_Alemanha_Desktop_01-copy-150x119.webp 150w\" sizes=\"auto, (max-width: 850px) 100vw, 850px\" \/><\/figure><p>Scholz, cuja coaliz\u00e3o entrou em colapso em novembro por causa de tens\u00f5es internas sobre a pol\u00edtica econ\u00f4mica, pressionou para que a Uni\u00e3o Europeia assinasse novos acordos comerciais. O centro-direitista Friedrich Merz, agora favorito para substituir Scholz, quer impostos mais baixos e menos regulamenta\u00e7\u00f5es para as ind\u00fastrias.<\/p><p>\u201cN\u00e3o vejo nenhuma iniciativa s\u00e9ria para tentar desenvolver um novo modelo econ\u00f4mico\u201d, disse Jens S\u00fcdekum, economista e professor da Heinrich-Heine-Universit\u00e4t D\u00fcsseldorf. \u201cNo curto prazo, \u00e9 tudo uma quest\u00e3o de como lidar taticamente com a situa\u00e7\u00e3o com base em: \u2018Se Trump impuser tarifas, ent\u00e3o iremos fabricar l\u00e1\u2019.\u201d<\/p><p>A produ\u00e7\u00e3o industrial da Alemanha caiu 15% desde 2018, e o n\u00famero total de pessoas empregadas no setor caiu 3%. Os setores de metalurgia e eletricidade da Alemanha, sobrecarregados pelos custos, podem demitir at\u00e9 300 mil trabalhadores nos pr\u00f3ximos cinco anos, disse Stefan Wolf, presidente de um grupo de lobby para o setor. \u201cA desindustrializa\u00e7\u00e3o est\u00e1 em pleno andamento\u201d, disse Wolf, acrescentando que mais de 300 bilh\u00f5es de euros em capital de investimento sa\u00edram da Alemanha desde 2021.\u00a0<\/p><p>O com\u00e9rcio de mercadorias \u00e9 mais cr\u00edtico para a economia da Alemanha do que o petr\u00f3leo para o Texas ou a tecnologia para a Calif\u00f3rnia \u2014 uma depend\u00eancia excessiva que \u00e9 o resultado de d\u00e9cadas de pol\u00edtica governamental que apoiou a ind\u00fastria de exporta\u00e7\u00e3o enquanto criava obst\u00e1culos ao investimento em novos setores, como em TI ou na infraestrutura do pa\u00eds. As exporta\u00e7\u00f5es sustentam cerca de um em cada quatro empregos alem\u00e3es. Mais de dois ter\u00e7os dos carros produzidos na Alemanha s\u00e3o exportados. Desde meados da d\u00e9cada de 1990, a participa\u00e7\u00e3o das exporta\u00e7\u00f5es no PIB da Alemanha dobrou, atingindo 43% do PIB, quatro vezes a participa\u00e7\u00e3o nos EUA e duas vezes maior que a da China.\u00a0<\/p><figure class=\"wp-block-image size-large\"><img decoding=\"async\" src=\"https:\/\/media.investnews.com.br\/uploads\/2025\/01\/420265458-min-1024x683.jpg\" alt=\"Um Volkswagen cinza \u00e0 frente, com dezenas de carros em uma torre de armazenamento automotiva rob\u00f3tica na Autostadt.\" class=\"wp-image-649246\"><figcaption class=\"wp-element-caption\">Um autom\u00f3vel el\u00e9trico VW ID.7 dentro de uma Autostadt Car Tower na sede da Volkswagen AG e no complexo da f\u00e1brica de autom\u00f3veis em Wolfsburg, Alemanha. Foto: Liesa Johannssen\/Bloomberg<\/figcaption><\/figure><p>Agora que o cora\u00e7\u00e3o da economia alem\u00e3 \u2014 seu amplo setor automotivo \u2014 enfrenta dificuldades, a dor vai se espalhando. Em Schweinfurt, cidade ao norte de Ingolstadt, trabalhadores da fornecedora de autom\u00f3veis Schaeffler entraram em greve no final do ano passado para protestar contra os planos de cortar at\u00e9 700 empregos. A ZF Friedrichshafen, outra fornecedora, concordou em novembro em reduzir a jornada de trabalho dos funcion\u00e1rios locais em 7% para salvar empregos, \u00e0 medida que come\u00e7a a cortar 14 mil postos em todo o pa\u00eds. O sindicato IG Metall alertou sobre milhares de poss\u00edveis cortes de postos de trabalho na regi\u00e3o industrial central do pa\u00eds.\u00a0<\/p><p>Para tentar cobrir o d\u00e9ficit em Ingolstadt, o prefeito Christian Scharpf, aumentou as taxas de museus, das vagas de estacionamento e dos \u00f4nibus e determinou que os gramados p\u00fablicos fossem cortados com menos frequ\u00eancia. Ele est\u00e1 considerando aumentar os impostos sobre a propriedade e cortar ainda mais os gastos.<\/p><p>\u201cN\u00e3o d\u00e1 para simplesmente substituir uma empresa com 40 mil funcion\u00e1rios\u201d, disse Scharpf.<\/p><p>A Audi n\u00e3o quis comentar.<\/p><section class=\"recirculation-area\">\n    <div class=\"container\">\n                <p class=\"title\">Leia mais<\/p>\n     \n            <ul class=\"recirculation-list\" data-tracking-position=\"Leia mais\">\n                            <li class=\"list-item\">\n                    <a \n                        href=\"https:\/\/investnews.com.br\/negocios\/montadoras-japonesas-prometem-alianca-para-reconquistar-terreno-da-china\/\" \n                        title=\"Montadoras japonesas prometem alian\u00e7a para reconquistar terreno da China\" \n                        class=\"item-title recirculation-link\"\n                        data-btn-name=\"Montadoras japonesas prometem alian\u00e7a para reconquistar terreno da China\"\n                        data-posicao=\"Leia mais\"\n                        data-click-url=\"https:\/\/investnews.com.br\/negocios\/montadoras-japonesas-prometem-alianca-para-reconquistar-terreno-da-china\/\"\n                    >\n                        Montadoras japonesas prometem alian\u00e7a para reconquistar terreno da China                    <\/a>\n                <\/li>\n                            <li class=\"list-item\">\n                    <a \n                        href=\"https:\/\/investnews.com.br\/negocios\/stellantis-voltara-a-fazer-parte-da-associacao-europeia-de-montadoras-acea\/\" \n                        title=\"Stellantis voltar\u00e1 a fazer parte da associa\u00e7\u00e3o europeia de montadoras ACEA\" \n                        class=\"item-title recirculation-link\"\n                        data-btn-name=\"Stellantis voltar\u00e1 a fazer parte da associa\u00e7\u00e3o europeia de montadoras ACEA\"\n                        data-posicao=\"Leia mais\"\n                        data-click-url=\"https:\/\/investnews.com.br\/negocios\/stellantis-voltara-a-fazer-parte-da-associacao-europeia-de-montadoras-acea\/\"\n                    >\n                        Stellantis voltar\u00e1 a fazer parte da associa\u00e7\u00e3o europeia de montadoras ACEA                    <\/a>\n                <\/li>\n                    <\/ul>\n    <\/div><\/section>\n<p>A empresa est\u00e1 em toda a cidade: patrocina o time local de h\u00f3quei no gelo, o est\u00e1dio de futebol e muitos eventos culturais.\u00a0<\/p><p>No Block Hotel, a alguns quil\u00f4metros da sede da Audi, a propriet\u00e1ria Carolin Block disse que as receitas ca\u00edram cerca de 10% desde 2019, \u00e0 medida que as conven\u00e7\u00f5es foram diminuindo e os h\u00f3spedes de neg\u00f3cios desapareceram. O pre\u00e7o das di\u00e1rias caiu cerca de 15% e a dura\u00e7\u00e3o das estadias diminuiu.\u00a0<\/p><p>\u201cFomos mimados por muitos anos. N\u00e3o tivemos que fazer muito para atrair turistas porque os h\u00f3spedes de neg\u00f3cios tinham de vir a Ingolstadt por causa da Audi\u201d, disse Block.<\/p><p>J\u00fcrgen Seissler, mestre carpinteiro com 16 funcion\u00e1rios, disse que os pedidos est\u00e3o encolhendo e os carpinteiros inexperientes est\u00e3o achando mais dif\u00edcil encontrar trabalho. Muitos de seus clientes s\u00e3o engenheiros da Audi ou de seus fornecedores. As empresas est\u00e3o ficando mais cautelosas em contratar novos funcion\u00e1rios e investir, disse ele. Seissler est\u00e1 reavaliando os planos de reformar sua pr\u00f3pria casa.<\/p><p>No centro da cidade medieval, os donos de restaurantes reclamam de perdas depois que a Audi cancelou os jantares de Natal. As empresas locais, incluindo o Block Hotel, intervieram para financiar uma pista de gelo gratuita com vista para o castelo depois que a Audi desistiu da empreitada. As autoridades da cidade est\u00e3o considerando cancelar o B\u00fcrgerfest do pr\u00f3ximo ver\u00e3o, festival de rua de dois dias na cidade velha com m\u00fasica, comida e bebida, que custa cerca de 350 mil euros.<\/p><h2 class=\"wp-block-heading\"><strong>Crescimento da Audi<\/strong><\/h2><p>Nenhuma outra cidade da Baviera cresceu t\u00e3o rapidamente quanto Ingolstadt nas \u00faltimas d\u00e9cadas, gra\u00e7as \u00e0 ind\u00fastria automobil\u00edstica. Sua popula\u00e7\u00e3o aumentou cerca de 50% desde meados da d\u00e9cada de 1980. Um tribunal regional, uma sede da pol\u00edcia, um centro de confer\u00eancias e uma grande universidade foram constru\u00eddos.<\/p><p>Hoje, quase metade dos empregos em Ingolstadt est\u00e3o na ind\u00fastria automobil\u00edstica. Muitos dos demais prestam servi\u00e7os aos trabalhadores automotivos. Menos de 2% dos funcion\u00e1rios da Ingolstadt trabalham em TI.\u00a0<\/p><figure class=\"wp-block-image size-large\"><img loading=\"lazy\" decoding=\"async\" width=\"1024\" height=\"683\" src=\"https:\/\/media.investnews.com.br\/uploads\/2025\/01\/360406465-min-1024x683.jpg\" alt=\"Trem com carros brancos novos e trem de carga com cont\u00eaineres em trilhos.\" class=\"wp-image-649257\" srcset=\"https:\/\/media.investnews.com.br\/uploads\/2025\/01\/360406465-min-1024x683.jpg 1024w, https:\/\/media.investnews.com.br\/uploads\/2025\/01\/360406465-min-300x200.jpg 300w, https:\/\/media.investnews.com.br\/uploads\/2025\/01\/360406465-min-768x512.jpg 768w, https:\/\/media.investnews.com.br\/uploads\/2025\/01\/360406465-min-1536x1024.jpg 1536w, https:\/\/media.investnews.com.br\/uploads\/2025\/01\/360406465-min-2048x1366.jpg 2048w, https:\/\/media.investnews.com.br\/uploads\/2025\/01\/360406465-min-1256x837.jpg 1256w, https:\/\/media.investnews.com.br\/uploads\/2025\/01\/360406465-min-172x115.jpg 172w, https:\/\/media.investnews.com.br\/uploads\/2025\/01\/360406465-min-150x100.jpg 150w\" sizes=\"auto, (max-width: 1024px) 100vw, 1024px\" \/><figcaption class=\"wp-element-caption\">Autom\u00f3veis de luxo rec\u00e9m-fabricados da Audi AG s\u00e3o transportados em um vag\u00e3o ferrovi\u00e1rio de carga perto de cont\u00eaineres de transporte em Munique, Alemanha. Foto: Michaela Handrek-Rehle\/Bloomberg.<\/figcaption><\/figure><p>\u201cDez anos atr\u00e1s, dizia-se que Ingolstadt tinha que reduzir sua depend\u00eancia da Audi\u201d, disse Stefan K\u00f6nig, ex-editor de jornal que est\u00e1 concorrendo a prefeito nas elei\u00e7\u00f5es locais do m\u00eas que vem. Pouco aconteceu desde ent\u00e3o, acrescentou ele.<\/p><p>A fortuna da fam\u00edlia Block refletia a da Audi. Seus av\u00f3s fugiram da ocupa\u00e7\u00e3o sovi\u00e9tica ap\u00f3s a Segunda Guerra Mundial com poucas posses. Eles se estabeleceram em Ingolstadt e logo come\u00e7aram a atender aos trabalhadores automotivos locais, que haviam chegado da Sax\u00f4nia depois que as autoridades sovi\u00e9ticas expropriaram a f\u00e1brica da Auto Union l\u00e1.<\/p><p>No in\u00edcio dos anos 1960, o av\u00f4 de Block construiu um hotel a tr\u00eas quil\u00f4metros da f\u00e1brica da Audi, perto da autobahn (estrada). O maior crescimento da Audi ocorreu na d\u00e9cada de 1980 com a introdu\u00e7\u00e3o do Quattro, cup\u00ea esportivo popular. A empresa adotou o slogan Vorsprung durch Technik \u2014 Lideran\u00e7a atrav\u00e9s da tecnologia.\u00a0<\/p><p>Com a fortuna de Ingolstadt em alta, Block decidiu h\u00e1 oito anos construir um novo hotel, e optou por uma estrutura em espiral inspirada no museu Guggenheim de Manhattan. O n\u00famero de quartos foi de 38 para 50. Agora, ela culpa as autoridades municipais por se concentrarem demais nas exporta\u00e7\u00f5es de autom\u00f3veis em detrimento de outros setores empresariais. \u201cH\u00e1 sinais de um efeito Detroit. N\u00f3s nos fixamos apenas nesta \u00e1rea\u201d, disse ela.<\/p><figure class=\"wp-block-image size-large\"><img decoding=\"async\" src=\"https:\/\/media.investnews.com.br\/uploads\/2025\/01\/401732933-min-1024x683.jpg\" alt=\"Pessoa de \u00f3culos escuros dentro de um carro, pr\u00f3xima ao volante com o logo Audi. Forte contraste de luz e sombra.\" class=\"wp-image-649255\"><figcaption class=\"wp-element-caption\">O volante dentro de um Audi Q8 e-Tron no pavilh\u00e3o do centro da cidade da empresa no dia de abertura do Sal\u00e3o do Autom\u00f3vel de Munique (IAA) em Munique, Alemanha. Foto: Krisztian Bocsi\/Bloomberg<\/figcaption><\/figure><p>No in\u00edcio dos anos 2000, em meio \u00e0 turbul\u00eancia econ\u00f4mica p\u00f3s-unifica\u00e7\u00e3o alem\u00e3 e o fim da Guerra Fria, os pol\u00edticos revitalizaram o modelo de exporta\u00e7\u00e3o cortando impostos e afrouxando as pol\u00edticas salariais, entre outras reformas, o que tornou as empresas da Alemanha mais competitivas nos custos de fabrica\u00e7\u00e3o. O pa\u00eds se tornou o maior exportador de mercadorias do mundo de 2003 a 2008, \u00e0 frente dos EUA e da China.\u00a0\u00a0<\/p><p>Desde ent\u00e3o, sucessivas crises afetaram a m\u00e1quina de exporta\u00e7\u00e3o alem\u00e3. Uma rea\u00e7\u00e3o pol\u00edtica contra a globaliza\u00e7\u00e3o levou o presidente protecionista Trump ao poder em 2016 para seu primeiro mandato. A pandemia interrompeu as cadeias de suprimentos. A invas\u00e3o russa da Ucr\u00e2nia, as amea\u00e7as chinesas no Mar do Sul da China e o ataque do Hamas a Israel afetaram o com\u00e9rcio internacional.\u00a0<\/p><p>Na China, mercado de exporta\u00e7\u00e3o cr\u00edtico para os alem\u00e3es, o crescimento desacelerou. E as empresas chinesas empanturradas de subs\u00eddios estatais t\u00eam produzido mais do que a China consegue absorver, alimentando as exporta\u00e7\u00f5es que, por sua vez, pressionam as empresas alem\u00e3s, incluindo as montadoras.<\/p><figure class=\"wp-block-image size-full\"><img loading=\"lazy\" decoding=\"async\" width=\"1024\" height=\"831\" src=\"https:\/\/media.investnews.com.br\/uploads\/2025\/01\/GRAFICO-1-1-1.png\" alt=\"Gr\u00e1fico de linhas: Importa\u00e7\u00f5es chinesas (Alemanha, % do PIB), 2004-2024. Maquin\u00e1rio e transporte lideram e caem no final.\" class=\"wp-image-649254\" srcset=\"https:\/\/media.investnews.com.br\/uploads\/2025\/01\/GRAFICO-1-1-1.png 1024w, https:\/\/media.investnews.com.br\/uploads\/2025\/01\/GRAFICO-1-1-1-300x243.png 300w, https:\/\/media.investnews.com.br\/uploads\/2025\/01\/GRAFICO-1-1-1-768x623.png 768w, https:\/\/media.investnews.com.br\/uploads\/2025\/01\/GRAFICO-1-1-1-172x140.png 172w, https:\/\/media.investnews.com.br\/uploads\/2025\/01\/GRAFICO-1-1-1-150x122.png 150w\" sizes=\"auto, (max-width: 1024px) 100vw, 1024px\" \/><\/figure><p>Os custos de energia s\u00e3o outro problema. O fim das remessas de g\u00e1s natural da R\u00fassia por causa da guerra na Ucr\u00e2nia, o fechamento das \u00faltimas usinas nucleares da Alemanha e uma dispendiosa transi\u00e7\u00e3o para energia renov\u00e1vel fizeram com que os custos na Alemanha chegassem a dez vezes os custos no Texas, disse Peter Huntsman, presidente e CEO da Huntsman Corp., fabricante de produtos qu\u00edmicos com sede no Texas com receita de US$ 6 bilh\u00f5es, que abastece fabricantes de autom\u00f3veis na Alemanha, incluindo a Audi.<\/p><p>Em Ingolstadt, os fabricantes famintos por energia est\u00e3o sofrendo muito. A MT Technologies, fornecedora local de pe\u00e7as automotivas fundada em 1869, entrou com pedido de insolv\u00eancia em novembro.\u00a0<\/p><figure class=\"wp-block-image size-full\"><img loading=\"lazy\" decoding=\"async\" width=\"1024\" height=\"831\" src=\"https:\/\/media.investnews.com.br\/uploads\/2025\/01\/GRAFICO-3-1-1.png\" alt=\"Gr\u00e1fico de linhas: Exporta\u00e7\u00f5es de carros da China (vermelho) superam Alemanha (preto) e disparam ap\u00f3s 2022.\" class=\"wp-image-649252\" srcset=\"https:\/\/media.investnews.com.br\/uploads\/2025\/01\/GRAFICO-3-1-1.png 1024w, https:\/\/media.investnews.com.br\/uploads\/2025\/01\/GRAFICO-3-1-1-300x243.png 300w, https:\/\/media.investnews.com.br\/uploads\/2025\/01\/GRAFICO-3-1-1-768x623.png 768w, https:\/\/media.investnews.com.br\/uploads\/2025\/01\/GRAFICO-3-1-1-172x140.png 172w, https:\/\/media.investnews.com.br\/uploads\/2025\/01\/GRAFICO-3-1-1-150x122.png 150w\" sizes=\"auto, (max-width: 1024px) 100vw, 1024px\" \/><\/figure><p>Franz Schabm\u00fcller, CEO da Framos <a href=\"https:\/\/investnews.com.br\/guias\/holding\/\">Holding<\/a>, outra fornecedora do setor com cerca de 1.200 funcion\u00e1rios, disse que se acostumou com o crescimento anual da receita de 10% a 15% na d\u00e9cada de 2010. Recentemente, o crescimento se estabilizou e pode estagnar este ano, j\u00e1 que as montadoras para as quais fornece, incluindo Audi, Volkswagen e Daimler, vendem menos carros.<\/p><p>O segundo governo Trump, disse ele, estava aumentando as incertezas ao amea\u00e7ar os fabricantes de autom\u00f3veis alem\u00e3es com tarifas. \u201cA visibilidade est\u00e1 mais baixa do que nunca\u201d, disse Schabm\u00fcller.<\/p><section class=\"recirculation-area\">\n    <div class=\"container\">\n                <p class=\"title\">Leia mais<\/p>\n     \n            <ul class=\"recirculation-list\" data-tracking-position=\"Leia mais\">\n                            <li class=\"list-item\">\n                    <a \n                        href=\"https:\/\/investnews.com.br\/negocios\/volkswagen-e-stellantis-sao-lideres-no-brasil-mas-vivem-crise-global-o-que-esta-em-jogo\/\" \n                        title=\"Volkswagen e Stellantis, l\u00edderes no Brasil, vivem uma crise global. O que est\u00e1 em jogo?\" \n                        class=\"item-title recirculation-link\"\n                        data-btn-name=\"Volkswagen e Stellantis, l\u00edderes no Brasil, vivem uma crise global. O que est\u00e1 em jogo?\"\n                        data-posicao=\"Leia mais\"\n                        data-click-url=\"https:\/\/investnews.com.br\/negocios\/volkswagen-e-stellantis-sao-lideres-no-brasil-mas-vivem-crise-global-o-que-esta-em-jogo\/\"\n                    >\n                        Volkswagen e Stellantis, l\u00edderes no Brasil, vivem uma crise global. O que est\u00e1 em jogo?                    <\/a>\n                <\/li>\n                            <li class=\"list-item\">\n                    <a \n                        href=\"https:\/\/investnews.com.br\/negocios\/fusao-entre-honda-e-nissan-carlos-ghosn-critica-a-parceria-e-ele-tem-um-ponto\/\" \n                        title=\"Carlos Ghosn \u00e9 contra a fus\u00e3o entre Honda e Nissan. E ele tem um ponto\" \n                        class=\"item-title recirculation-link\"\n                        data-btn-name=\"Carlos Ghosn \u00e9 contra a fus\u00e3o entre Honda e Nissan. E ele tem um ponto\"\n                        data-posicao=\"Leia mais\"\n                        data-click-url=\"https:\/\/investnews.com.br\/negocios\/fusao-entre-honda-e-nissan-carlos-ghosn-critica-a-parceria-e-ele-tem-um-ponto\/\"\n                    >\n                        Carlos Ghosn \u00e9 contra a fus\u00e3o entre Honda e Nissan. E ele tem um ponto                    <\/a>\n                <\/li>\n                    <\/ul>\n    <\/div><\/section>\n<h2 class=\"wp-block-heading\"><strong>Investimento atrasado<\/strong><\/h2><p>Executivos dizem que a Alemanha est\u00e1 perdendo os investimentos que poderiam lan\u00e7ar as bases para novas ind\u00fastrias. Mais de um ter\u00e7o das empresas industriais na Alemanha est\u00e3o cortando investimentos em processos essenciais devido aos altos custos de energia, de acordo com a Allianz. Dois ter\u00e7os declaram que sua competitividade est\u00e1 em risco.\u00a0<\/p><p>O pa\u00eds fica para tr\u00e1s em setores como software e IA. O investimento em pesquisa e desenvolvimento ficou em 3,1% do PIB em 2022, em compara\u00e7\u00e3o com 3,6% nos EUA e 5,2% na Coreia do Sul, de acordo com a Allianz.\u00a0<\/p><p>D\u00e9cadas de subinvestimento do governo afetaram a infraestrutura de transporte, incluindo trens que n\u00e3o funcionam mais no hor\u00e1rio e for\u00e7as armadas que s\u00e3o uma sombra do que foram durante a Guerra Fria. Em maio, o instituto econ\u00f4mico IW, <a href=\"https:\/\/investnews.com.br\/economia\/como-ser-afiliado\/\">afiliado<\/a> a empresas, e o think tank IMK, de propriedade de sindicatos, estimaram que a Alemanha precisaria de 600 bilh\u00f5es de euros em gastos nos pr\u00f3ximos dez anos para compensar sua lacuna de investimento, modernizar o sistema educacional do pa\u00eds, consertar as redes de transporte, atualizar a rede el\u00e9trica e digitalizar a administra\u00e7\u00e3o p\u00fablica.\u00a0<\/p><p>A Alemanha tamb\u00e9m precisa de dezenas de bilh\u00f5es de euros todos os anos apenas para manter os gastos com defesa em 2% do PIB ou mais \u2014 uma de suas obriga\u00e7\u00f5es como membro da OTAN. Trump exigiu que o pa\u00eds aumentasse os gastos com defesa para 5% do PIB.\u00a0<\/p><figure class=\"wp-block-image size-full\"><img loading=\"lazy\" decoding=\"async\" width=\"1024\" height=\"831\" src=\"https:\/\/media.investnews.com.br\/uploads\/2025\/01\/GRAFICO-2-1-1.png\" alt=\"Gr\u00e1fico: Investimento privado alem\u00e3o em equipamentos (2016-2024), com queda em 2020 e recupera\u00e7\u00e3o.\" class=\"wp-image-649253\" srcset=\"https:\/\/media.investnews.com.br\/uploads\/2025\/01\/GRAFICO-2-1-1.png 1024w, https:\/\/media.investnews.com.br\/uploads\/2025\/01\/GRAFICO-2-1-1-300x243.png 300w, https:\/\/media.investnews.com.br\/uploads\/2025\/01\/GRAFICO-2-1-1-768x623.png 768w, https:\/\/media.investnews.com.br\/uploads\/2025\/01\/GRAFICO-2-1-1-172x140.png 172w, https:\/\/media.investnews.com.br\/uploads\/2025\/01\/GRAFICO-2-1-1-150x122.png 150w\" sizes=\"auto, (max-width: 1024px) 100vw, 1024px\" \/><\/figure><p>Os consumidores alem\u00e3es, por sua vez, est\u00e3o entre os mais tributados do mundo. No ano passado, um trabalhador alem\u00e3o sem filhos pagava 47,9% do sal\u00e1rio bruto em impostos e contribui\u00e7\u00f5es para a previd\u00eancia social, em m\u00e9dia. Os alem\u00e3es tamb\u00e9m est\u00e3o economizando 20% de sua renda a partir do segundo trimestre de 2024, mais do que a m\u00e9dia da zona do euro e um aumento de quase dois pontos percentuais desde pouco antes da pandemia.\u00a0<\/p><p>\u201cIsso \u00e9 um problema porque cada aumento de um ponto na taxa de <a href=\"https:\/\/investnews.com.br\/guias\/poupanca-como-funciona-quanto-rende\/\">poupan\u00e7a<\/a> tira 25 bilh\u00f5es de euros em demanda da economia&#8221;, disse Rolf B\u00fcrkl, chefe de clima de consumo do Instituto de Decis\u00f5es de Mercado de Nuremberg, que compila o principal \u00edndice de confian\u00e7a do consumidor da Alemanha. Uma grande parte dessas economias est\u00e1 definhando em contas banc\u00e1rias e, com os incentivos certos, poderia ser aproveitada para financiar investimentos produtivos.<\/p><p>Outro obst\u00e1culo, as restri\u00e7\u00f5es constitucionais aos gastos do governo e \u00e0 d\u00edvida p\u00fablica, teriam de ser superadas no parlamento.\u00a0<\/p><p>A atual campanha eleitoral ignorou essas ideias. Medidas impopulares, como cortes na seguridade social que podem ser necess\u00e1rios para liberar fundos para investimentos urgentes, tamb\u00e9m dificilmente est\u00e3o sendo discutidas.\u00a0<\/p><p>Em vez disso, a maioria dos pol\u00edticos est\u00e1 defendendo o status quo. \u201cAcho que a principal prioridade para a Alemanha e para a Europa \u00e9 tentar manter os canais comerciais abertos o m\u00e1ximo poss\u00edvel\u201d, disse Yannick Bury, economista e parlamentar do CDU, partido de centro-direita de Merz. \u201cPerderemos participa\u00e7\u00e3o de mercado na China, mas o mercado ainda est\u00e1 crescendo, ent\u00e3o eu n\u00e3o descartaria isso\u201d, disse ele, acrescentando que o forte crescimento nos EUA pode compensar as tarifas de Trump.<\/p><p>Mesmo os partidos antiestablishment, que crescem ao desafiar velhas posi\u00e7\u00f5es de consenso, est\u00e3o aderindo \u00e0s pol\u00edticas econ\u00f4micas tradicionais.<\/p><p>\u201cSe voc\u00ea perguntar sobre um plano B, minha opini\u00e3o \u00e9 que devemos voltar ao plano A\u201d, disse Leif-Erik Holm, parlamentar e especialista em economia do partido de direita AfD, que deve emergir como o segundo maior partido no pr\u00f3ximo parlamento alem\u00e3o.<\/p><figure class=\"wp-block-image size-large\"><img decoding=\"async\" src=\"https:\/\/media.investnews.com.br\/uploads\/2025\/01\/412053011-min-1024x683.jpg\" alt=\"Linha de montagem de carros em f\u00e1brica, com ve\u00edculos brancos e pretos, porta-malas abertos e trabalhadores.\" class=\"wp-image-649244\"><figcaption class=\"wp-element-caption\">Trabalhadores colocam portas de carro em VW Golfs na linha de montagem da f\u00e1brica da Volkswagen AG em Wolfsburg, Alemanha. Foto: Krisztian Bocsi\/Bloomberg<\/figcaption><\/figure><p>\u201cNosso modelo de neg\u00f3cios funcionou muito bem quando t\u00ednhamos custos de energia mais baixos\u201d, disse Holm. O pr\u00f3ximo governo deve se concentrar em reduzi-los e cortar as regulamenta\u00e7\u00f5es ambientais para as empresas, disse ele.<\/p><p>Em Ingolstadt, Scharpf, o prefeito, abriu um parque tecnol\u00f3gico de 150 acres ao sul da cidade no local de uma antiga refinaria no final de 2023, na esperan\u00e7a de iniciar um Vale do Sil\u00edcio da Baviera. Os \u00fanicos inquilinos significativos do parque at\u00e9 agora: Audi e Cariad, o bra\u00e7o de software da Volkswagen.\u00a0<\/p><p>O conselho da cidade disse em dezembro que n\u00e3o tentaria mais promover startups em um centro de neg\u00f3cios de sua propriedade, mas se concentraria em alugar o espa\u00e7o. E colocou a culpa pela decis\u00e3o nas finan\u00e7as tensas da cidade.\u00a0<\/p><p>As autoridades municipais est\u00e3o em negocia\u00e7\u00f5es com uma empresa de engenharia chinesa para construir sua sede alem\u00e3 em Ingolstadt e est\u00e3o buscando atrair mais empresas chinesas, disse Scharpf. Em Schweinfurt, a cidade ao norte, as autoridades locais est\u00e3o trabalhando para atrair a XPeng, fabricante chinesa de ve\u00edculos el\u00e9tricos, para construir uma f\u00e1brica no local de uma antiga empresa norte-americana.\u00a0<\/p><p>\u201cN\u00e3o acho que seja poss\u00edvel substituir a ind\u00fastria automobil\u00edstica&#8230; Ela continuar\u00e1 sendo o maior setor econ\u00f4mico aqui\u201d, disse Christian L\u00f6sel, ex-prefeito de Ingolstadt.<\/p><p><em>Escreva para Tom Fairless em tom.fairless@wsj.com e Bertrand Benoit em bertrand.benoit@wsj.com<\/em><\/p>\n","protected":false},"excerpt":{"rendered":"<p>O pa\u00eds est\u00e1 focado nas exporta\u00e7\u00f5es, mas a China est\u00e1 desacelerando as importa\u00e7\u00f5es e as amea\u00e7as tarif\u00e1rias dos EUA est\u00e3o crescendo<\/p>\n","protected":false},"author":118,"featured_media":649245,"comment_status":"closed","ping_status":"closed","sticky":false,"template":"","format":"standard","meta":{"_acf_changed":false,"inline_featured_image":false,"footnotes":""},"categories":[103073],"tags":[993,864],"autor-wsj":[102922,103270],"coauthors":[102488],"class_list":["post-649227","post","type-post","status-publish","format-standard","has-post-thumbnail","hentry","category-the-wall-street-journal","tag-alemanha","tag-montadoras","autor-wsj-bertrand-benoit","autor-wsj-tom-fairless"],"acf":[],"amp_enabled":true,"_links":{"self":[{"href":"https:\/\/investnews.com.br\/inv-api\/wp\/v2\/posts\/649227","targetHints":{"allow":["GET"]}}],"collection":[{"href":"https:\/\/investnews.com.br\/inv-api\/wp\/v2\/posts"}],"about":[{"href":"https:\/\/investnews.com.br\/inv-api\/wp\/v2\/types\/post"}],"author":[{"embeddable":true,"href":"https:\/\/investnews.com.br\/inv-api\/wp\/v2\/users\/118"}],"replies":[{"embeddable":true,"href":"https:\/\/investnews.com.br\/inv-api\/wp\/v2\/comments?post=649227"}],"version-history":[{"count":5,"href":"https:\/\/investnews.com.br\/inv-api\/wp\/v2\/posts\/649227\/revisions"}],"predecessor-version":[{"id":701989,"href":"https:\/\/investnews.com.br\/inv-api\/wp\/v2\/posts\/649227\/revisions\/701989"}],"wp:featuredmedia":[{"embeddable":true,"href":"https:\/\/investnews.com.br\/inv-api\/wp\/v2\/media\/649245"}],"wp:attachment":[{"href":"https:\/\/investnews.com.br\/inv-api\/wp\/v2\/media?parent=649227"}],"wp:term":[{"taxonomy":"category","embeddable":true,"href":"https:\/\/investnews.com.br\/inv-api\/wp\/v2\/categories?post=649227"},{"taxonomy":"post_tag","embeddable":true,"href":"https:\/\/investnews.com.br\/inv-api\/wp\/v2\/tags?post=649227"},{"taxonomy":"autor-wsj","embeddable":true,"href":"https:\/\/investnews.com.br\/inv-api\/wp\/v2\/autor-wsj?post=649227"},{"taxonomy":"author","embeddable":true,"href":"https:\/\/investnews.com.br\/inv-api\/wp\/v2\/coauthors?post=649227"}],"curies":[{"name":"wp","href":"https:\/\/api.w.org\/{rel}","templated":true}]}}