{"id":650236,"date":"2025-01-30T16:09:52","date_gmt":"2025-01-30T19:09:52","guid":{"rendered":"https:\/\/investnews.com.br\/?p=650236"},"modified":"2025-01-30T17:18:03","modified_gmt":"2025-01-30T20:18:03","slug":"lula-diz-que-brasil-vai-responder-com-reciprocidade-se-trump-impuser-tarifas-ao-pais","status":"publish","type":"post","link":"https:\/\/investnews.com.br\/economia\/lula-diz-que-brasil-vai-responder-com-reciprocidade-se-trump-impuser-tarifas-ao-pais\/","title":{"rendered":"Lula diz que Brasil vai retaliar se Trump impuser tarifas ao pa\u00eds"},"content":{"rendered":"\n<p>Lula disse nesta quinta-feira (30) que se Donald Trump decidir impor tarifas de importa\u00e7\u00e3o sobre produtos brasileiros, o Brasil vai responder com reciprocidade e aplicar taxas sobre os produtos americanos.<\/p>\n\n\n\n<p>&#8220;Se ele (Trump) taxar os produtos brasileiros, haver\u00e1 reciprocidade do Brasil. Simples, n\u00e3o tem nenhuma dificuldade&#8221;, disse Lula em entrevista a jornalistas no Pal\u00e1cio do Planalto.<\/p>\n\n\n\n<p>O Brasil teve um pequeno d\u00e9ficit comercial com os Estados Unidos, de US$ 254 milh\u00f5es, no ano passado, o que tem, por enquanto, deixado o pa\u00eds de fora do radar das amea\u00e7as de imposi\u00e7\u00f5es de tarifas por Trump.<\/p>\n\n\n\n<p>Em seu primeiro mandato, no entanto, o presidente americano imp\u00f4s tarifas ao a\u00e7o brasileiro, e j\u00e1 citou o pa\u00eds nominalmente como poss\u00edvel alvo de suas tarifas.<\/p>\n\n\n\n<p>Nesta semana, Trump disse que o Brasil estava na lista de pa\u00edses que querem &#8220;prejudicar os EUA&#8221;, junto a economias como&nbsp;\u00cdndia&nbsp;e&nbsp;China.<\/p>\n\n\n<section class=\"recirculation-area\">\n    <div class=\"container\">\n                <p class=\"title\">LEIA MAIS<\/p>\n     \n            <ul class=\"recirculation-list\" data-tracking-position=\"Leia mais\">\n                            <li class=\"list-item\">\n                    <a \n                        href=\"https:\/\/investnews.com.br\/economia\/apos-25-anos-mercosul-e-ue-chegam-a-acordo-comercial-passando-por-cima-de-resistencia-francesa\/\" \n                        title=\"Ap\u00f3s 25 anos, Mercosul e UE chegam a acordo comercial, passando por cima de resist\u00eancia francesa\" \n                        class=\"item-title recirculation-link\"\n                        data-btn-name=\"Ap\u00f3s 25 anos, Mercosul e UE chegam a acordo comercial, passando por cima de resist\u00eancia francesa\"\n                        data-posicao=\"Leia mais\"\n                        data-click-url=\"https:\/\/investnews.com.br\/economia\/apos-25-anos-mercosul-e-ue-chegam-a-acordo-comercial-passando-por-cima-de-resistencia-francesa\/\"\n                    >\n                        Ap\u00f3s 25 anos, Mercosul e UE chegam a acordo comercial, passando por cima de resist\u00eancia francesa                    <\/a>\n                <\/li>\n                            <li class=\"list-item\">\n                    <a \n                        href=\"https:\/\/investnews.com.br\/economia\/china-escapa-da-primeira-rodada-de-tarifas-de-trump\/\" \n                        title=\"China escapa da primeira rodada de tarifas de Trump\" \n                        class=\"item-title recirculation-link\"\n                        data-btn-name=\"China escapa da primeira rodada de tarifas de Trump\"\n                        data-posicao=\"Leia mais\"\n                        data-click-url=\"https:\/\/investnews.com.br\/economia\/china-escapa-da-primeira-rodada-de-tarifas-de-trump\/\"\n                    >\n                        China escapa da primeira rodada de tarifas de Trump                    <\/a>\n                <\/li>\n                            <li class=\"list-item\">\n                    <a \n                        href=\"https:\/\/investnews.com.br\/the-wall-street-journal\/como-o-brasil-se-tornou-prioridade-para-a-byd-e-gwm-na-america-latina-e-no-mundo\/\" \n                        title=\"Como o Brasil se tornou prioridade para a BYD e GWM na Am\u00e9rica Latina \u2014 e no mundo\" \n                        class=\"item-title recirculation-link\"\n                        data-btn-name=\"Como o Brasil se tornou prioridade para a BYD e GWM na Am\u00e9rica Latina \u2014 e no mundo\"\n                        data-posicao=\"Leia mais\"\n                        data-click-url=\"https:\/\/investnews.com.br\/the-wall-street-journal\/como-o-brasil-se-tornou-prioridade-para-a-byd-e-gwm-na-america-latina-e-no-mundo\/\"\n                    >\n                        Como o Brasil se tornou prioridade para a BYD e GWM na Am\u00e9rica Latina \u2014 e no mundo                    <\/a>\n                <\/li>\n                    <\/ul>\n    <\/div><\/section>\n\n\n\n<p>Lula foi questionado na entrevista como ficava a rela\u00e7\u00e3o do Brasil com os Estados Unidos diante de amea\u00e7as que tem vindo do novo presidente americano, e afirmou que \u00e9 uma rela\u00e7\u00e3o de chefe de Estado para chefe de Estado.<\/p>\n\n\n\n<p>&#8220;Trump foi eleito para governar os Estados Unidos, eu fui eleito para governar o Brasil. Eu quero respeitar os Estados Unidos e quero que Trump respeite o Brasil&#8221;, disse.<\/p>\n\n\n\n<p>O presidente revelou ter enviado uma carta ao governo americano pela vit\u00f3ria de Trump, mas disse que n\u00e3o houve contatos diretos ainda e, acrescentou, n\u00e3o h\u00e1 previs\u00e3o de isso acontecer em um futuro pr\u00f3ximo.<\/p>\n\n\n\n<p>&#8220;N\u00e3o h\u00e1 nenhum interesse agora, nem meu nem dele. Essas conversas s\u00f3 acontecem quando tem um interesse, alguma coisa para tratar. Eu mandei uma carta para o governo americano dando os parab\u00e9ns e \u00e9 isso&#8221;, afirmou.<\/p>\n\n\n\n<p>Lula disse que existe uma possibilidade de os dois l\u00edderes se encontraram na reuni\u00e3o de c\u00fapula G7, se Lula for convidado, ou na Organiza\u00e7\u00e3o das Na\u00e7\u00f5es Unidas (ONU), mas ressaltou: &#8220;Isso se ele n\u00e3o desistir&nbsp;da&nbsp;ONU&nbsp;tamb\u00e9m&#8221;.<\/p>\n\n\n\n<p>O presidente criticou a decis\u00e3o do governo norte-americano de deixar o Acordo de Paris e se retirar da Organiza\u00e7\u00e3o Mundial de Sa\u00fade (OMS).<\/p>\n\n\n\n<p>&#8220;Sair do Acordo de Paris e tirar dinheiro da OMS \u00e9 uma regress\u00e3o&#8221;, disse.<\/p>\n\n\n\n<p><\/p>\n","protected":false},"excerpt":{"rendered":"<p>Nesta semana, Trump disse que o Brasil estava na lista de pa\u00edses que querem &#8220;prejudicar os EUA&#8221;, junto \u00e0 \u00cdndia\u00a0e\u00a0\u00e0 China.<\/p>\n","protected":false},"author":76,"featured_media":650237,"comment_status":"closed","ping_status":"closed","sticky":false,"template":"","format":"standard","meta":{"_acf_changed":false,"inline_featured_image":false,"footnotes":""},"categories":[5],"tags":[155,79,236,2370],"autor-wsj":[],"coauthors":[101325],"class_list":["post-650236","post","type-post","status-publish","format-standard","has-post-thumbnail","hentry","category-economia","tag-brasil","tag-donald-trump","tag-eua","tag-luiz-inacio-lula-da-silva"],"acf":[],"amp_enabled":true,"_links":{"self":[{"href":"https:\/\/investnews.com.br\/inv-api\/wp\/v2\/posts\/650236","targetHints":{"allow":["GET"]}}],"collection":[{"href":"https:\/\/investnews.com.br\/inv-api\/wp\/v2\/posts"}],"about":[{"href":"https:\/\/investnews.com.br\/inv-api\/wp\/v2\/types\/post"}],"author":[{"embeddable":true,"href":"https:\/\/investnews.com.br\/inv-api\/wp\/v2\/users\/76"}],"replies":[{"embeddable":true,"href":"https:\/\/investnews.com.br\/inv-api\/wp\/v2\/comments?post=650236"}],"version-history":[{"count":3,"href":"https:\/\/investnews.com.br\/inv-api\/wp\/v2\/posts\/650236\/revisions"}],"predecessor-version":[{"id":650265,"href":"https:\/\/investnews.com.br\/inv-api\/wp\/v2\/posts\/650236\/revisions\/650265"}],"wp:featuredmedia":[{"embeddable":true,"href":"https:\/\/investnews.com.br\/inv-api\/wp\/v2\/media\/650237"}],"wp:attachment":[{"href":"https:\/\/investnews.com.br\/inv-api\/wp\/v2\/media?parent=650236"}],"wp:term":[{"taxonomy":"category","embeddable":true,"href":"https:\/\/investnews.com.br\/inv-api\/wp\/v2\/categories?post=650236"},{"taxonomy":"post_tag","embeddable":true,"href":"https:\/\/investnews.com.br\/inv-api\/wp\/v2\/tags?post=650236"},{"taxonomy":"autor-wsj","embeddable":true,"href":"https:\/\/investnews.com.br\/inv-api\/wp\/v2\/autor-wsj?post=650236"},{"taxonomy":"author","embeddable":true,"href":"https:\/\/investnews.com.br\/inv-api\/wp\/v2\/coauthors?post=650236"}],"curies":[{"name":"wp","href":"https:\/\/api.w.org\/{rel}","templated":true}]}}