{"id":650691,"date":"2025-02-01T20:26:20","date_gmt":"2025-02-01T23:26:20","guid":{"rendered":"https:\/\/investnews.com.br\/?p=650691"},"modified":"2025-02-01T22:28:43","modified_gmt":"2025-02-02T01:28:43","slug":"ordens-de-trump-para-tarifar-mexico-canada-e-china-inclui-clausula-de-retaliacao","status":"publish","type":"post","link":"https:\/\/investnews.com.br\/economia\/ordens-de-trump-para-tarifar-mexico-canada-e-china-inclui-clausula-de-retaliacao\/","title":{"rendered":"Ordens de Trump para tarifar M\u00e9xico, Canad\u00e1 e China incluem cl\u00e1usula de retalia\u00e7\u00e3o"},"content":{"rendered":"\n<p>O presidente americano Donald Trump cumpriu a promessa e assinou na tarde deste s\u00e1bado (1\u00ba) tr\u00eas ordens executivas, detalhando as tarifas impostas ao M\u00e9xico, ao Canad\u00e1 e \u00e0 China. Os vizinhos da Am\u00e9rica do Norte ser\u00e3o tarifados em 25% e o rival asi\u00e1tico, em 10%, conforme a Casa Branca j\u00e1 havia confirmado na sexta-feira (31).<\/p>\n\n\n\n<p>Segundo um oficial do governo americano ouvido pela Bloomberg em condi\u00e7\u00e3o de anonimato, a \u00fanica exce\u00e7\u00e3o est\u00e1 nas importa\u00e7\u00f5es dos EUA do <strong>setor de energia do Canad\u00e1<\/strong> \u2014 essas ser\u00e3o tarifadas em <strong>10%<\/strong>, em vez de 25%. O motivo \u00e9 a necessidade de minimizar o impacto da nova taxa\u00e7\u00e3o nos pre\u00e7os sobre a gasolina e o aquecimento dom\u00e9stico nos Estados Unidos.<\/p>\n\n\n\n<p>Ainda de acordo com ele, as ordens incluem uma <strong>cl\u00e1usula de retalia\u00e7\u00e3o<\/strong>, estipulando que, se os pa\u00edses retribu\u00edrem taxando a importa\u00e7\u00e3o de produtos americanos, o governo dos EUA aumentar\u00e1 ainda mais as al\u00edquotas.<\/p>\n\n\n\n<p>Elas passam a valer oficialmente \u00e0 <strong>00h01 da pr\u00f3xima ter\u00e7a-feira (4)<\/strong>.<\/p>\n\n\n\n<p>As ordens tamb\u00e9m revogam uma regra conhecida como <strong>&#8220;exce\u00e7\u00e3o de tarifas de minimis&#8221;<\/strong>, que isentava de taxas de importa\u00e7\u00e3o qualquer envio aos EUA de produtos no valor total de US$ 800 por pessoa e por dia. Isso aplicar\u00e1 tarifas mais amplamente a envios pequenos e afetar\u00e1 o com\u00e9rcio eletr\u00f4nico e o varejo online. De acordo com um funcion\u00e1rio ouvido pela Bloomberg, os EUA perdem uma quantidade enorme de receita tarif\u00e1ria ao usar a isen\u00e7\u00e3o.<\/p>\n\n\n\n<p>Segundo os documentos, as medidas envocam leis americanas sobre emerg\u00eancias nacionais e de poderes econ\u00f4micos para emerg\u00eancia internacional. O motivo \u00e9 o que Trump chama de &#8220;uma amea\u00e7a para a seguran\u00e7a dos americanos, incluindo a crise de sa\u00fade p\u00fablica provocada pelas mortes devido ao <strong>uso de fentanil<\/strong>&#8220;.<\/p>\n\n\n\n<p>O medicamento opioide \u00e9 usado no tratamento de dor cr\u00f4nica, mas tem efeito viciante e hoje \u00e9 a principal causa de overdose em americanos com entre 18 e 45 anos de idade. O presidente americano acusa o M\u00e9xico e o Canad\u00e1 de n\u00e3o atuarem para controlar o tr\u00e1fico da droga por suas fronteiras com os EUA.<\/p>\n\n\n\n<h2 class=\"wp-block-heading\">Repercuss\u00e3o<\/h2>\n\n\n\n<p>O movimento amea\u00e7a ter impactos econ\u00f4micos agudos para os EUA e as na\u00e7\u00f5es visadas, j\u00e1 que Canad\u00e1, M\u00e9xico e China as tr\u00eas maiores fontes de importa\u00e7\u00f5es dos EUA, representando quase metade do volume total.<\/p>\n\n\n\n<p>Trump se candidatou com uma plataforma de tarifas extensivas e seguiu com suas promessas, apesar dos avisos da maioria dos economistas e de grupos empresariais de que as tarifas comerciais iriam interromper cadeias de suprimentos, aumentar pre\u00e7os para consumidores j\u00e1 cautelosos com a infla\u00e7\u00e3o e reduzir os fluxos globais de com\u00e9rcio.<\/p>\n\n\n\n<p>As medidas que Trump est\u00e1 adotando ter\u00e3o implica\u00e7\u00f5es particularmente severas para os setores automotivo e de energia.<\/p>\n\n\n\n<p>Representantes do setor automotivo alertaram que, devido \u00e0 integra\u00e7\u00e3o apertada da manufatura entre EUA e Canad\u00e1, as tarifas poderiam ter impactos acentuados no setor.<\/p>\n\n\n\n<p>&#8220;A imposi\u00e7\u00e3o de tarifas ser\u00e1 prejudicial aos empregos, investimentos e consumidores americanos&#8221;, disse Jennifer Safavian, presidente da Autos Drive America, em um comunicado por e-mail. &#8220;Os fabricantes de autom\u00f3veis dos EUA seriam melhor atendidos por pol\u00edticas que reduzam barreiras para os fabricantes, facilitem regulamentos que dificultam a produ\u00e7\u00e3o e criem maiores oportunidades de exporta\u00e7\u00e3o.&#8221;<\/p>\n\n\n\n<p>Sob uma emerg\u00eancia energ\u00e9tica declarada por Trump em seu primeiro dia no cargo, os produtos afetados que recebem essa tarifa reduzida de 10% tamb\u00e9m incluem gasolina e diesel refinados, ur\u00e2nio, carv\u00e3o, biocombust\u00edveis e minerais cr\u00edticos.<\/p>\n\n\n\n<p>Partes dos EUA, incluindo o Noroeste do Pac\u00edfico e o Nordeste, dependem profundamente do fluxo de eletricidade ou g\u00e1s do Canad\u00e1. E defensores da ind\u00fastria do petr\u00f3leo alertaram que mesmo um aumento de at\u00e9 10% no custo dos insumos de petr\u00f3leo bruto afetar\u00e3o as refinarias do Meio-Oeste, que t\u00eam poucas op\u00e7\u00f5es vi\u00e1veis a curto prazo para substituir com suprimentos americanos.<\/p>\n\n\n<section class=\"recirculation-area\">\n    <div class=\"container\">\n                <p class=\"title\">Leia mais<\/p>\n     \n            <ul class=\"recirculation-list\" data-tracking-position=\"Leia mais\">\n                            <li class=\"list-item\">\n                    <a \n                        href=\"https:\/\/investnews.com.br\/economia\/como-as-novas-tarifas-de-trump-podem-afetar-mercados-de-todo-o-mundo\/\" \n                        title=\"Como as novas tarifas de Trump podem afetar o mercado de a\u00e7\u00f5es\" \n                        class=\"item-title recirculation-link\"\n                        data-btn-name=\"Como as novas tarifas de Trump podem afetar o mercado de a\u00e7\u00f5es\"\n                        data-posicao=\"Leia mais\"\n                        data-click-url=\"https:\/\/investnews.com.br\/economia\/como-as-novas-tarifas-de-trump-podem-afetar-mercados-de-todo-o-mundo\/\"\n                    >\n                        Como as novas tarifas de Trump podem afetar o mercado de a\u00e7\u00f5es                    <\/a>\n                <\/li>\n                            <li class=\"list-item\">\n                    <a \n                        href=\"https:\/\/investnews.com.br\/economia\/trump-promete-para-fevereiro-tarifas-sobre-petroleo-e-gas\/\" \n                        title=\"Trump promete tarifas sobre petr\u00f3leo e g\u00e1s ainda em fevereiro\" \n                        class=\"item-title recirculation-link\"\n                        data-btn-name=\"Trump promete tarifas sobre petr\u00f3leo e g\u00e1s ainda em fevereiro\"\n                        data-posicao=\"Leia mais\"\n                        data-click-url=\"https:\/\/investnews.com.br\/economia\/trump-promete-para-fevereiro-tarifas-sobre-petroleo-e-gas\/\"\n                    >\n                        Trump promete tarifas sobre petr\u00f3leo e g\u00e1s ainda em fevereiro                    <\/a>\n                <\/li>\n                            <li class=\"list-item\">\n                    <a \n                        href=\"https:\/\/investnews.com.br\/the-wall-street-journal\/trump-assina-ordens-executivas-com-foco-em-fronteira-e-energia\/\" \n                        title=\"Entenda a enxurrada de ordens executivas que Trump j\u00e1 decretou\" \n                        class=\"item-title recirculation-link\"\n                        data-btn-name=\"Entenda a enxurrada de ordens executivas que Trump j\u00e1 decretou\"\n                        data-posicao=\"Leia mais\"\n                        data-click-url=\"https:\/\/investnews.com.br\/the-wall-street-journal\/trump-assina-ordens-executivas-com-foco-em-fronteira-e-energia\/\"\n                    >\n                        Entenda a enxurrada de ordens executivas que Trump j\u00e1 decretou                    <\/a>\n                <\/li>\n                    <\/ul>\n    <\/div><\/section>\n\n\n\n<h2 class=\"wp-block-heading\">Vizinhos estudam rea\u00e7\u00e3o<\/h2>\n\n\n\n<p>At\u00e9 o in\u00edcio da noite deste s\u00e1bado o M\u00e9xico ainda n\u00e3o havia sido oficialmente notificado pelos Estados Unidos sobre a data de in\u00edcio da medida, de acordo com uma fonte ouvida pela Bloomberg.<\/p>\n\n\n\n<p>Na manh\u00e3 de s\u00e1bado, a presidente mexicana Claudia Sheinbaum e altos executivos do governo se reuniram com representantes do setor privado para discutir os poss\u00edveis planos de a\u00e7\u00e3o. O ministro da Economia do M\u00e9xico, Marcelo Ebrard, afirmou em uma rede social que as empresas se comprometeram a trabalhar com o governo para enfrentar &#8220;medidas de com\u00e9rcio arbitr\u00e1rias&#8221;.<\/p>\n\n\n\n<p>J\u00e1 o Canad\u00e1 est\u00e1 pronto para introduzir tarifas retaliat\u00f3rias crescentes na tentativa de fazer com que os americanos se voltem contra as tarifas de 25% do presidente Donald Trump. A nova pol\u00edtica j\u00e1 levou o governo canadense a repensar sua depend\u00eancia de seu vizinho do sul.<\/p>\n\n\n\n<p>As primeiras medidas do Canad\u00e1 em uma guerra comercial visariam proteger os consumidores e, ao mesmo tempo, tentar reduzir a receita dos exportadores americanos o suficiente para criar press\u00e3o pol\u00edtica sobre os representantes dos EUA e, em \u00faltima inst\u00e2ncia, sobre Trump.<\/p>\n\n\n\n<p>Enquanto estuda as medidas, o vizinho do norte dos americanos tamb\u00e9m lan\u00e7a m\u00e3o de esfor\u00e7os diplom\u00e1ticos para convencer os EUA de que est\u00e3o levando a s\u00e9rio o controle fronteiri\u00e7o.<\/p>\n\n\n\n<p>Ministros do alto escal\u00e3o canadense respons\u00e1veis pelos assuntos estrangeiros, imigra\u00e7\u00e3o e seguran\u00e7a p\u00fablica foram at\u00e9 Washington neste s\u00e1bado para fazer lobby com republicanos. Na tentativa de exibir visualmente a for\u00e7a dispensada na fronteira, os funcion\u00e1rios utilizaram imagens em v\u00eddeo de helic\u00f3pteros Black Hawk rec\u00e9m-adquiridos que est\u00e3o sendo empregados em patrulhas. J\u00e1 o premi\u00ea de Alberta, prov\u00edncia no oeste do Canad\u00e1, convidou uma equipe da Fox News para filmar policiais que monitoram a parte da fronteira que a prov\u00edncia compartilha com Montana.<\/p>\n\n\n\n<p>O ministro das Finan\u00e7as do Canad\u00e1, Dominic LeBlanc, enviou um v\u00eddeo a Howard Lutnick, escolha de Trump para secret\u00e1rio de com\u00e9rcio, que inclu\u00eda imagens em time-lapse de uma \u00e1rea de fronteira para demonstrar a aus\u00eancia de pessoas cruzando ilegalmente, de acordo com uma pessoa a par do assunto, que pediu para n\u00e3o ser identificada em discuss\u00f5es sobre conversas privadas.<\/p>\n\n\n\n<p><\/p>\n","protected":false},"excerpt":{"rendered":"<p>Segundo fontes, tarifas come\u00e7am a valer na ter\u00e7a (4); importa\u00e7\u00f5es de petr\u00f3leo e g\u00e1s do Canad\u00e1 ser\u00e3o taxadas em 10%<\/p>\n","protected":false},"author":7,"featured_media":647504,"comment_status":"closed","ping_status":"closed","sticky":false,"template":"","format":"standard","meta":{"_acf_changed":false,"inline_featured_image":false,"footnotes":""},"categories":[5],"tags":[103094,244,79,236],"autor-wsj":[],"coauthors":[1494,101325],"class_list":["post-650691","post","type-post","status-publish","format-standard","has-post-thumbnail","hentry","category-economia","tag-canada","tag-china","tag-donald-trump","tag-eua"],"acf":[],"amp_enabled":true,"_links":{"self":[{"href":"https:\/\/investnews.com.br\/inv-api\/wp\/v2\/posts\/650691","targetHints":{"allow":["GET"]}}],"collection":[{"href":"https:\/\/investnews.com.br\/inv-api\/wp\/v2\/posts"}],"about":[{"href":"https:\/\/investnews.com.br\/inv-api\/wp\/v2\/types\/post"}],"author":[{"embeddable":true,"href":"https:\/\/investnews.com.br\/inv-api\/wp\/v2\/users\/7"}],"replies":[{"embeddable":true,"href":"https:\/\/investnews.com.br\/inv-api\/wp\/v2\/comments?post=650691"}],"version-history":[{"count":12,"href":"https:\/\/investnews.com.br\/inv-api\/wp\/v2\/posts\/650691\/revisions"}],"predecessor-version":[{"id":650715,"href":"https:\/\/investnews.com.br\/inv-api\/wp\/v2\/posts\/650691\/revisions\/650715"}],"wp:featuredmedia":[{"embeddable":true,"href":"https:\/\/investnews.com.br\/inv-api\/wp\/v2\/media\/647504"}],"wp:attachment":[{"href":"https:\/\/investnews.com.br\/inv-api\/wp\/v2\/media?parent=650691"}],"wp:term":[{"taxonomy":"category","embeddable":true,"href":"https:\/\/investnews.com.br\/inv-api\/wp\/v2\/categories?post=650691"},{"taxonomy":"post_tag","embeddable":true,"href":"https:\/\/investnews.com.br\/inv-api\/wp\/v2\/tags?post=650691"},{"taxonomy":"autor-wsj","embeddable":true,"href":"https:\/\/investnews.com.br\/inv-api\/wp\/v2\/autor-wsj?post=650691"},{"taxonomy":"author","embeddable":true,"href":"https:\/\/investnews.com.br\/inv-api\/wp\/v2\/coauthors?post=650691"}],"curies":[{"name":"wp","href":"https:\/\/api.w.org\/{rel}","templated":true}]}}