{"id":650813,"date":"2025-02-03T08:18:52","date_gmt":"2025-02-03T11:18:52","guid":{"rendered":"https:\/\/investnews.com.br\/?p=650813"},"modified":"2025-09-05T15:13:49","modified_gmt":"2025-09-05T18:13:49","slug":"licenciamentos-de-carros-novos-da-tesla-na-franca-caem-63-em-janeiro","status":"publish","type":"post","link":"https:\/\/investnews.com.br\/negocios\/licenciamentos-de-carros-novos-da-tesla-na-franca-caem-63-em-janeiro\/","title":{"rendered":"Licenciamentos da Tesla na Fran\u00e7a caem 63% em janeiro"},"content":{"rendered":"\n<p>Os registros de autom\u00f3veis novos da Tesla na Fran\u00e7a, o segundo maior mercado de ve\u00edculos el\u00e9trico da Uni\u00e3o Europeia, ca\u00edram 63% em janeiro comparado ao mesmo per\u00edodo de 2024. Foram registrados apenas 1.141 carros frente aos 3.118 no ano anterior, conforme dados da associa\u00e7\u00e3o francesa La Plateforme Automobile. <\/p>\n\n\n\n<p>O desempenho da Tesla tamb\u00e9m ficou abaixo do setor, que registrou quedas de 6,2% nos registros e 0,5% nas vendas totais de ve\u00edculos el\u00e9tricos.<\/p>\n\n\n\n<p>O CEO da Tesla, Elon Musk, tem se envolvido na pol\u00edtica europeia nos \u00faltimos meses, manifestando apoio ao partido de extrema-direita &#8220;Alternativa para a Alemanha&#8221; e confrontando o primeiro-ministro brit\u00e2nico Keir Starmer e seu governo trabalhista. Ainda n\u00e3o est\u00e1 claro at\u00e9 que ponto essas atitudes possam estar afetando a demanda pelos autom\u00f3veis da empresa.<\/p>\n\n\n\n<p>No acumulado do ano, os registros de novos carros da Tesla em pa\u00edses da Uni\u00e3o Europeia ca\u00edram 13%, com a Alemanha representando a maior parte desse decl\u00ednio. O mercado alem\u00e3o tem se mostrado desafiador para a montadora, que enfrenta uma linha de modelos envelhecida, o aumento da concorr\u00eancia e a retirada dos subs\u00eddios governamentais no final de 2023.<\/p>\n\n\n\n<p>Na Alemanha, os licenciamentos da Tesla ca\u00edram 41% no \u00faltimo ano, enquanto as vendas totais de ve\u00edculos el\u00e9tricos diminu\u00edram 27%.<\/p>\n","protected":false},"excerpt":{"rendered":"<p>O  CEO da Tesla, Elon Musk, tem se envolvido na pol\u00edtica europeia nos \u00faltimos meses<\/p>\n","protected":false},"author":76,"featured_media":369939,"comment_status":"closed","ping_status":"closed","sticky":false,"template":"","format":"standard","meta":{"_acf_changed":false,"inline_featured_image":false,"footnotes":""},"categories":[6],"tags":[110168,528,504],"autor-wsj":[],"coauthors":[101325],"class_list":["post-650813","post","type-post","status-publish","format-standard","has-post-thumbnail","hentry","category-negocios","tag-elon-musk","tag-tesla","tag-uniao-europeia"],"acf":[],"amp_enabled":true,"_links":{"self":[{"href":"https:\/\/investnews.com.br\/inv-api\/wp\/v2\/posts\/650813","targetHints":{"allow":["GET"]}}],"collection":[{"href":"https:\/\/investnews.com.br\/inv-api\/wp\/v2\/posts"}],"about":[{"href":"https:\/\/investnews.com.br\/inv-api\/wp\/v2\/types\/post"}],"author":[{"embeddable":true,"href":"https:\/\/investnews.com.br\/inv-api\/wp\/v2\/users\/76"}],"replies":[{"embeddable":true,"href":"https:\/\/investnews.com.br\/inv-api\/wp\/v2\/comments?post=650813"}],"version-history":[{"count":2,"href":"https:\/\/investnews.com.br\/inv-api\/wp\/v2\/posts\/650813\/revisions"}],"predecessor-version":[{"id":650815,"href":"https:\/\/investnews.com.br\/inv-api\/wp\/v2\/posts\/650813\/revisions\/650815"}],"wp:featuredmedia":[{"embeddable":true,"href":"https:\/\/investnews.com.br\/inv-api\/wp\/v2\/media\/369939"}],"wp:attachment":[{"href":"https:\/\/investnews.com.br\/inv-api\/wp\/v2\/media?parent=650813"}],"wp:term":[{"taxonomy":"category","embeddable":true,"href":"https:\/\/investnews.com.br\/inv-api\/wp\/v2\/categories?post=650813"},{"taxonomy":"post_tag","embeddable":true,"href":"https:\/\/investnews.com.br\/inv-api\/wp\/v2\/tags?post=650813"},{"taxonomy":"autor-wsj","embeddable":true,"href":"https:\/\/investnews.com.br\/inv-api\/wp\/v2\/autor-wsj?post=650813"},{"taxonomy":"author","embeddable":true,"href":"https:\/\/investnews.com.br\/inv-api\/wp\/v2\/coauthors?post=650813"}],"curies":[{"name":"wp","href":"https:\/\/api.w.org\/{rel}","templated":true}]}}